{"id":1095,"date":"2014-05-18T01:59:42","date_gmt":"2014-05-17T23:59:42","guid":{"rendered":"https:\/\/www.parafiawierzbno.com.pl\/?p=1095"},"modified":"2014-05-18T07:20:17","modified_gmt":"2014-05-18T05:20:17","slug":"wrazenia-z-pielgrzymki-do-rzymu","status":"publish","type":"post","link":"https:\/\/www.parafiawierzbno.com.pl\/?p=1095","title":{"rendered":"Wra\u017cenia z Pielgrzymki do Rzymu"},"content":{"rendered":"<p><a href=\"https:\/\/www.parafiawierzbno.com.pl\/wp-content\/uploads\/2014\/05\/DSCN13251.jpg\">[cryout-pullquote align=&#8221;left|center|right&#8221; textalign=&#8221;left|center|right&#8221; width=&#8221;33%&#8221;]<img loading=\"lazy\" class=\"alignnone size-medium wp-image-1098\" alt=\"DSCN1325\" src=\"https:\/\/www.parafiawierzbno.com.pl\/wp-content\/uploads\/2014\/05\/DSCN13251-300x225.jpg\" width=\"300\" height=\"225\" srcset=\"https:\/\/www.parafiawierzbno.com.pl\/wp-content\/uploads\/2014\/05\/DSCN13251-300x225.jpg 300w, https:\/\/www.parafiawierzbno.com.pl\/wp-content\/uploads\/2014\/05\/DSCN13251-200x150.jpg 200w, https:\/\/www.parafiawierzbno.com.pl\/wp-content\/uploads\/2014\/05\/DSCN13251-150x112.jpg 150w, https:\/\/www.parafiawierzbno.com.pl\/wp-content\/uploads\/2014\/05\/DSCN13251.jpg 800w\" sizes=\"(max-width: 300px) 100vw, 300px\" \/>[\/cryout-pullquote]<\/a>By\u0142o mi bardzo mi\u0142o zobaczy\u0107 Rzym, uczestniczy\u0107 w historycznym wydarzeniu, jakim by\u0142a kanonizacja papie\u017cy: Jana Paw\u0142a II i Jana XXIII. Przejechali\u015bmy prawie 6000 km autokarem, a uczestnikami w naszej grupie byli pielgrzymi z \u0141ukowa, Siedlec, Torunia, Bydgoszczy i Wierzbna. Atmosfera na pielgrzymce by\u0142a mi\u0142a, rodzinna. Uczestniczyli z nami w pielgrzymce: s. Kamila i Julitta \u2013 siostry nazaretanki z \u0141ukowa, s. Zofia i ks. proboszcz Kazimierz J\u00f3\u017awik. Ka\u017cdego dnia uczestniczyli\u015bmy we Mszy \u015bw. W drodze odmawiali\u015bmy r\u00f3\u017caniec i koronk\u0119 do Mi\u0142osierdzia Bo\u017cego. W czasie podr\u00f3\u017cy podziwiali\u015bmy pi\u0119kne krajobrazy, przepi\u0119kne Alpy, ale nie zabrak\u0142o te\u017c radosnych \u015bpiew\u00f3w. Najwa\u017cniejszym punktem by\u0142 udzia\u0142 w uroczysto\u015bciach kanonizacyjnych. <!--more-->Nad ranem 27 kwietnia, oko\u0142o 2.00, dojechali\u015bmy do Rzymu i potem metrem dotarli\u015bmy do centrum. W Watykanie oczekiwa\u0142y ju\u017c tysi\u0105ce, tysi\u0105ce ludzi, a po\u015br\u00f3d nich wielu Polak\u00f3w. Wida\u0107 by\u0142o du\u017co takich, co nocowali na chodnikach.<\/p>\n<p>Uroczysta Msza \u015bw. rozpocz\u0119\u0142a si\u0119 o 10.00. Pogoda pochmurna, na pocz\u0105tku nawet m\u017cawka, ale w chwili gdy papie\u017c Franciszek og\u0142osi\u0142 Jana Paw\u0142a II \u015bwi\u0119tym zab\u0142ys\u0142o s\u0142o\u0144ce. Potraktowali\u015bmy to jako znak z nieba. Czu\u0142am si\u0119 w Watykanie bardzo ciep\u0142o, jakby nasz Ojciec \u015bw. by\u0142 blisko. Przypomina\u0142am sobie lata, kiedy Jan Pawe\u0142 II s\u0142u\u017cy\u0142 na Stolicy Piotrowej. By\u0142 to papie\u017c nieugi\u0119ty, niez\u0142omny we wszystkim, zaskakiwa\u0142 polityk\u00f3w i \u015bwiat, umi\u0142owa\u0142 nasz Nar\u00f3d i wyj\u0105tkowo wstawia\u0142 si\u0119 za nim, wskazywa\u0142 drog\u0119, sia\u0142 ziarno Ewangelii na stadionach, na olbrzymich placach, przemierza\u0142 ca\u0142\u0105 ziemi\u0119. Po zako\u0144czeniu Mszy \u015bw., kiedy pielgrzymi nieco si\u0119 rozeszli, uda\u0142o si\u0119 nam wej\u015b\u0107 na Plac \u015bw. Piotra i widzia\u0142am z odleg\u0142o\u015bci 2-3 m jak mi\u0119dzy sektorami przeje\u017cd\u017ca\u0142 papie\u017c Franciszek.<\/p>\n<p>Nast\u0119pne dni by\u0142y po\u015bwi\u0119cone zwiedzaniu. Nawiedzenie grobu Jana Paw\u0142a II, zwiedzanie Rzymu: Koloseum, Kapitol, Panteon, Plac Navona, Fontanna di Trevi, potem przejazd na Monte Cassino, modlitwa na Cmentarzu \u017bo\u0142nierzy Polskich II Korpusu, sanktuarium \u015bw. Micha\u0142a Archanio\u0142a na Monte Sant Angelo, San Giovanni Rotundo ( u \u015bw. Padre Pio), Lanciano (Sanktuarium Cudu Eucharystycznego z VIII w.). Nast\u0119pnie odwiedzili\u015bmy Manoppello, gdzie znajduje si\u0119 oblicze Pana Jezusa Zmartwychwsta\u0142ego na chu\u015bcie ca\u0142unowej, a nast\u0119pnie pojechali\u015bmy do sanktuarium Maryjnego w Loreto. W drodze powrotnej zajechali\u015bmy do San Marino, kt\u00f3re jest najstarsz\u0105 republik\u0105 \u015bwiata. Jeszcze przed kanonizacj\u0105 Jana Paw\u0142a II zwiedzili\u015bmy Padw\u0119 z bazylik\u0105 \u015bw. Antoniego.<\/p>\n<p>Przez ca\u0142y czas pobytu we W\u0142oszech nie czu\u0142am ani zm\u0119czenia, ani g\u0142odu, podziwia\u0142am pi\u0119kne krajobrazy: Morze Adriatyckie, pi\u0119kne drzewostany, azalie, drzewiaste rododendrony, palmy, pomara\u0144cze w ogr\u00f3dkach. Gdy nadszed\u0142 dzie\u0144 powrotu, t\u0119skni\u0142am, aby jeszcze pozosta\u0107.<\/p>\n<p>Na zako\u0144czenie pielgrzymki uczestniczyli\u015bmy we Mszy \u015bw. przed cudownym wizerunkiem Matki Bo\u017cej na Jasnej G\u00f3rze. Wyra\u017cam swoj\u0105 rado\u015b\u0107 i wydaje mi si\u0119, \u017ce takie chwile ju\u017c si\u0119 wi\u0119cej nie powt\u00f3rz\u0105.<\/p>\n<p><b>Krystyna Gog\u0142oza<\/b><\/p>\n","protected":false},"excerpt":{"rendered":"<p>[cryout-pullquote align=&#8221;left|center|right&#8221; textalign=&#8221;left|center|right&#8221; width=&#8221;33%&#8221;][\/cryout-pullquote]By\u0142o mi bardzo mi\u0142o zobaczy\u0107 Rzym, uczestniczy\u0107 w historycznym wydarzeniu, jakim by\u0142a kanonizacja papie\u017cy: Jana Paw\u0142a II i Jana XXIII. Przejechali\u015bmy prawie 6000 km autokarem, a uczestnikami w naszej grupie byli pielgrzymi z \u0141ukowa, Siedlec, Torunia, Bydgoszczy i Wierzbna. Atmosfera na pielgrzymce by\u0142a mi\u0142a, rodzinna. Uczestniczyli z nami w pielgrzymce: s. Kamila i Julitta \u2013 siostry nazaretanki z \u0141ukowa, s. Zofia i ks. proboszcz Kazimierz J\u00f3\u017awik. Ka\u017cdego dnia uczestniczyli\u015bmy we Mszy \u015bw. W drodze odmawiali\u015bmy r\u00f3\u017caniec i koronk\u0119 do Mi\u0142osierdzia Bo\u017cego. W czasie podr\u00f3\u017cy podziwiali\u015bmy pi\u0119kne krajobrazy, przepi\u0119kne Alpy, ale nie zabrak\u0142o te\u017c radosnych \u015bpiew\u00f3w. Najwa\u017cniejszym punktem by\u0142 udzia\u0142 w uroczysto\u015bciach kanonizacyjnych.<\/p>\n","protected":false},"author":1,"featured_media":0,"comment_status":"closed","ping_status":"closed","sticky":false,"template":"","format":"standard","meta":{"ngg_post_thumbnail":0},"categories":[1],"tags":[],"_links":{"self":[{"href":"https:\/\/www.parafiawierzbno.com.pl\/index.php?rest_route=\/wp\/v2\/posts\/1095"}],"collection":[{"href":"https:\/\/www.parafiawierzbno.com.pl\/index.php?rest_route=\/wp\/v2\/posts"}],"about":[{"href":"https:\/\/www.parafiawierzbno.com.pl\/index.php?rest_route=\/wp\/v2\/types\/post"}],"author":[{"embeddable":true,"href":"https:\/\/www.parafiawierzbno.com.pl\/index.php?rest_route=\/wp\/v2\/users\/1"}],"replies":[{"embeddable":true,"href":"https:\/\/www.parafiawierzbno.com.pl\/index.php?rest_route=%2Fwp%2Fv2%2Fcomments&post=1095"}],"version-history":[{"count":8,"href":"https:\/\/www.parafiawierzbno.com.pl\/index.php?rest_route=\/wp\/v2\/posts\/1095\/revisions"}],"predecessor-version":[{"id":1760,"href":"https:\/\/www.parafiawierzbno.com.pl\/index.php?rest_route=\/wp\/v2\/posts\/1095\/revisions\/1760"}],"wp:attachment":[{"href":"https:\/\/www.parafiawierzbno.com.pl\/index.php?rest_route=%2Fwp%2Fv2%2Fmedia&parent=1095"}],"wp:term":[{"taxonomy":"category","embeddable":true,"href":"https:\/\/www.parafiawierzbno.com.pl\/index.php?rest_route=%2Fwp%2Fv2%2Fcategories&post=1095"},{"taxonomy":"post_tag","embeddable":true,"href":"https:\/\/www.parafiawierzbno.com.pl\/index.php?rest_route=%2Fwp%2Fv2%2Ftags&post=1095"}],"curies":[{"name":"wp","href":"https:\/\/api.w.org\/{rel}","templated":true}]}}