{"id":1104,"date":"2014-05-18T02:01:24","date_gmt":"2014-05-18T00:01:24","guid":{"rendered":"https:\/\/www.parafiawierzbno.com.pl\/?p=1104"},"modified":"2014-05-18T02:02:12","modified_gmt":"2014-05-18T00:02:12","slug":"sw-janie-pawle-ii-wstawiaj-sie-za-nami-u-boga","status":"publish","type":"post","link":"https:\/\/www.parafiawierzbno.com.pl\/?p=1104","title":{"rendered":"\u015aw. Janie Pawle II wstawiaj si\u0119 za nami u Boga"},"content":{"rendered":"<p><a href=\"https:\/\/www.parafiawierzbno.com.pl\/wp-content\/uploads\/2014\/05\/DSCN1293.jpg\">[cryout-pullquote align=&#8221;left|center|right&#8221; textalign=&#8221;left|center|right&#8221; width=&#8221;33%&#8221;]<img loading=\"lazy\" class=\"alignnone size-medium wp-image-1108\" alt=\"DSCN1293\" src=\"https:\/\/www.parafiawierzbno.com.pl\/wp-content\/uploads\/2014\/05\/DSCN1293-300x225.jpg\" width=\"300\" height=\"225\" srcset=\"https:\/\/www.parafiawierzbno.com.pl\/wp-content\/uploads\/2014\/05\/DSCN1293-300x225.jpg 300w, https:\/\/www.parafiawierzbno.com.pl\/wp-content\/uploads\/2014\/05\/DSCN1293-200x150.jpg 200w, https:\/\/www.parafiawierzbno.com.pl\/wp-content\/uploads\/2014\/05\/DSCN1293-150x112.jpg 150w, https:\/\/www.parafiawierzbno.com.pl\/wp-content\/uploads\/2014\/05\/DSCN1293.jpg 800w\" sizes=\"(max-width: 300px) 100vw, 300px\" \/>[\/cryout-pullquote]<\/a>Kanonizacja\u00a0 Ojca \u015bw. Jana Paw\u0142a II i Jana XXIII w dniu 27 kwietnia br. &#8211; to bez w\u0105tpienia wielkie wydarzenie dla ogromnej rzeszy ludzi w Polsce i na ca\u0142ym \u015bwiecie. Pielgrzymk\u0119 na t\u0119 uroczysto\u015b\u0107 podj\u0105\u0142em jako ho\u0142d wdzi\u0119czno\u015bci dla naszego wielkiego Rodaka.\u00a0 Osobi\u015bcie mam wielki d\u0142ug wdzi\u0119czno\u015bci, poniewa\u017c widzia\u0142em w nim zawsze obraz Chrystusa Dobrego Pasterza, ju\u017c w latach studi\u00f3w seminaryjnych (1979-1985), a potem by\u0142 wzorem kap\u0142a\u0144skiego pos\u0142ugiwania. Teraz, gdy cieszymy si\u0119\u00a0 z jego kanonizacji, zawierzam \u015bw. Janowi Paw\u0142owi nasz\u0105 parafi\u0119 i wszystkie trudne sprawy (np. pija\u0144stwo i niezgody w rodzinach), niech u Ojca w niebie wyprasza nam hojne b\u0142ogos\u0142awie\u0144stwo.<!--more--><\/p>\n<p>Podczas pielgrzymki do Italii prze\u017cy\u0142em spotkanie ze Zmartwychwsta\u0142ym Chrystusem w Manoppello. Oblicze Jezusa na chu\u015bcie bisioru sprawia wra\u017cenie kontaktu z \u017cyw\u0105 Osob\u0105. S. Immakulata przytoczy\u0142a nam rezultaty naukowych bada\u0144 nad chust\u0105 z Manoppello i Ca\u0142unem Tury\u0144skim, kt\u00f3re potwierdzaj\u0105 autentyczno\u015b\u0107 tych relikwii.<\/p>\n<p>Pielgrzymowanie po sanktuariach by\u0142y okazj\u0105 do bli\u017cszego zaprzyja\u017anienia si\u0119 ze \u015bwi\u0119tymi, by prosi\u0107 ich or\u0119downictwa przed Bo\u017cym Majestatem. W Rzymie na wzg\u00f3rzu watyka\u0144skim patronuje \u015bw. Piotr aposto\u0142, ale tak\u017ce i \u015bw. Jan Pawe\u0142 II. Tysi\u0105ce os\u00f3b w d\u0142ugich kolejkach cierpliwie oczekiwa\u0142o na mo\u017cliwo\u015b\u0107 wej\u015bcia do Bazyliki \u015bw. Piotra, by przez chwil\u0119 pomodli\u0107 si\u0119 przy grobie \u015bw. Jana Paw\u0142a II i \u015bw. Jana XXIII. W Padwie trudne sprawy zawierzy\u0142em \u015bw. Antoniemu, potem nocleg w Greccio, gdzie w XIII w. \u015bw. Franciszek zorganizowa\u0142 \u017cyw\u0105 szopk\u0119. W Gargano na Monte Sant Angelo dzier\u017cy piecz\u0119 \u015bw. Micha\u0142 Archanio\u0142 i na Monte Cassino \u2013 \u015bw. Benedykt z Nurski, obok cmentarza heroicznych polskich \u017co\u0142nierzy. Jestem tak\u017ce wdzi\u0119czny Panu Bogu za spotkanie ze \u015bw. ojcem Pio w San Giovanni Rotundo.<\/p>\n<p>W codziennym zabieganiu nie zawsze pami\u0119tamy, \u017ce mamy w niebie wspania\u0142\u0105 rodzin\u0119 Tych, kt\u00f3rzy pe\u0142ni\u0105c na ziemi wol\u0119 Bo\u017c\u0105, osi\u0105gn\u0119li wy\u017cyny \u015bwi\u0119to\u015bci i teraz s\u0105 naszymi or\u0119downikami. Niech nasze \u017cycie b\u0119dzie wzrastaniem w mi\u0142o\u015bci i \u0142asce<\/p>\n<p><strong> z modlitw\u0105 ks. Kazimierz.<\/strong><\/p>\n","protected":false},"excerpt":{"rendered":"<p>[cryout-pullquote align=&#8221;left|center|right&#8221; textalign=&#8221;left|center|right&#8221; width=&#8221;33%&#8221;][\/cryout-pullquote]Kanonizacja\u00a0 Ojca \u015bw. Jana Paw\u0142a II i Jana XXIII w dniu 27 kwietnia br. &#8211; to bez w\u0105tpienia wielkie wydarzenie dla ogromnej rzeszy ludzi w Polsce i na ca\u0142ym \u015bwiecie. Pielgrzymk\u0119 na t\u0119 uroczysto\u015b\u0107 podj\u0105\u0142em jako ho\u0142d wdzi\u0119czno\u015bci dla naszego wielkiego Rodaka.\u00a0 Osobi\u015bcie mam wielki d\u0142ug wdzi\u0119czno\u015bci, poniewa\u017c widzia\u0142em w nim zawsze obraz Chrystusa Dobrego Pasterza, ju\u017c w latach studi\u00f3w seminaryjnych (1979-1985), a potem by\u0142 wzorem kap\u0142a\u0144skiego pos\u0142ugiwania. Teraz, gdy cieszymy si\u0119\u00a0 z jego kanonizacji, zawierzam \u015bw. Janowi Paw\u0142owi nasz\u0105 parafi\u0119 i wszystkie trudne sprawy (np. pija\u0144stwo i niezgody w rodzinach), niech u Ojca w niebie wyprasza nam hojne b\u0142ogos\u0142awie\u0144stwo.<\/p>\n","protected":false},"author":1,"featured_media":0,"comment_status":"closed","ping_status":"closed","sticky":false,"template":"","format":"standard","meta":{"ngg_post_thumbnail":0},"categories":[1],"tags":[],"_links":{"self":[{"href":"https:\/\/www.parafiawierzbno.com.pl\/index.php?rest_route=\/wp\/v2\/posts\/1104"}],"collection":[{"href":"https:\/\/www.parafiawierzbno.com.pl\/index.php?rest_route=\/wp\/v2\/posts"}],"about":[{"href":"https:\/\/www.parafiawierzbno.com.pl\/index.php?rest_route=\/wp\/v2\/types\/post"}],"author":[{"embeddable":true,"href":"https:\/\/www.parafiawierzbno.com.pl\/index.php?rest_route=\/wp\/v2\/users\/1"}],"replies":[{"embeddable":true,"href":"https:\/\/www.parafiawierzbno.com.pl\/index.php?rest_route=%2Fwp%2Fv2%2Fcomments&post=1104"}],"version-history":[{"count":9,"href":"https:\/\/www.parafiawierzbno.com.pl\/index.php?rest_route=\/wp\/v2\/posts\/1104\/revisions"}],"predecessor-version":[{"id":1114,"href":"https:\/\/www.parafiawierzbno.com.pl\/index.php?rest_route=\/wp\/v2\/posts\/1104\/revisions\/1114"}],"wp:attachment":[{"href":"https:\/\/www.parafiawierzbno.com.pl\/index.php?rest_route=%2Fwp%2Fv2%2Fmedia&parent=1104"}],"wp:term":[{"taxonomy":"category","embeddable":true,"href":"https:\/\/www.parafiawierzbno.com.pl\/index.php?rest_route=%2Fwp%2Fv2%2Fcategories&post=1104"},{"taxonomy":"post_tag","embeddable":true,"href":"https:\/\/www.parafiawierzbno.com.pl\/index.php?rest_route=%2Fwp%2Fv2%2Ftags&post=1104"}],"curies":[{"name":"wp","href":"https:\/\/api.w.org\/{rel}","templated":true}]}}