{"id":1770,"date":"2014-05-28T06:20:34","date_gmt":"2014-05-28T04:20:34","guid":{"rendered":"https:\/\/www.parafiawierzbno.com.pl\/?p=1770"},"modified":"2014-06-01T01:59:14","modified_gmt":"2014-05-31T23:59:14","slug":"uroczystosc-pierwszej-komunii-sw","status":"publish","type":"post","link":"https:\/\/www.parafiawierzbno.com.pl\/?p=1770","title":{"rendered":"Uroczysto\u015b\u0107 Pierwszej Komunii \u015bw"},"content":{"rendered":"<p style=\"text-align: left;\" align=\"right\"><b><i><a href=\"https:\/\/www.parafiawierzbno.com.pl\/wp-content\/uploads\/2014\/05\/18.05_056.jpg\">[cryout-pullquote align=&#8221;left|center|right&#8221; textalign=&#8221;left|center|right&#8221; width=&#8221;33%&#8221;]<img loading=\"lazy\" class=\"alignnone size-medium wp-image-1773\" alt=\"18.05_056\" src=\"https:\/\/www.parafiawierzbno.com.pl\/wp-content\/uploads\/2014\/05\/18.05_056-300x217.jpg\" width=\"300\" height=\"217\" srcset=\"https:\/\/www.parafiawierzbno.com.pl\/wp-content\/uploads\/2014\/05\/18.05_056-300x217.jpg 300w, https:\/\/www.parafiawierzbno.com.pl\/wp-content\/uploads\/2014\/05\/18.05_056-207x150.jpg 207w, https:\/\/www.parafiawierzbno.com.pl\/wp-content\/uploads\/2014\/05\/18.05_056-150x108.jpg 150w, https:\/\/www.parafiawierzbno.com.pl\/wp-content\/uploads\/2014\/05\/18.05_056.jpg 800w\" sizes=\"(max-width: 300px) 100vw, 300px\" \/>[\/cryout-pullquote]<\/a>\u201eOto dzie\u0144, kt\u00f3ry Pan uczyni\u0142, radujmy si\u0119 nim i weselmy! Alleluja!\u201d<\/i><\/b><\/p>\n<p><b>18 maja<\/b> \u2013 to uroczysty dzie\u0144 Pierwszej Komunii \u015bw. Pan B\u00f3g obdarowa\u0142 nas pi\u0119kn\u0105 s\u0142oneczn\u0105 pogod\u0105. Ca\u0142ej wsp\u00f3lnocie parafialnej udziela si\u0119 rado\u015b\u0107 dzieci, kt\u00f3re po raz pierwszy mog\u0142y przyj\u0105\u0107 Chrystusa w Komunii \u015bw.\u00a0 Ju\u017c po spowiedzi serca dzieci czyste i t\u0119skni\u0105ce do tego spotkania. Zewn\u0119trznym znakiem gotowo\u015bci na przyj\u0119cie Pana Jezusa by\u0142y uroczyste bia\u0142e sukienki: <b>Agatki Sledziewskiej, Wiktorii Stankiewicz i Weroniki Rogala<\/b>, a tak\u017ce wyprasowane pi\u0119kne kome\u017cki ch\u0142opc\u00f3w: <b>Michasia \u0141ukasiaka, Patryka Wojty\u0144skiego, Michasia Kopcia i Mateusza Swiderskiego.<\/b> <!--more-->Nasza \u015bwi\u0105tynia pi\u0119knie udekorowana przez p. Anet\u0119 Miklaszewsk\u0105: kompozycje bia\u0142ych kwiat\u00f3w i przy \u0142awkach bia\u0142e wst\u0119gi. Ta uroczysto\u015b\u0107 przypomina nam, \u017ce trzeba troszczy\u0107 si\u0119 o \u017cycie w \u0142asce u\u015bwi\u0119caj\u0105cej. Ka\u017cdy grzech jest jak plama brudu na bia\u0142ym ubraniu.<\/p>\n<p><b><i>\u017bycz\u0119 wam, Kochane Dzieci, by\u015bcie z tak wielkim prze\u017cyciem i mi\u0142o\u015bci\u0105 uczestniczyli we Mszy \u015bw. co niedziel\u0119 i zapraszali Chrystusa w Komunii \u015bw. Niech Pan Jezus, promieniuj\u0105cy mi\u0142o\u015bci\u0105, b\u0142ogos\u0142awi WAM, waszym Rodzicom, Rodzicom Chrzestnym i waszym Rodzinom.<\/i><\/b><\/p>\n<p>Raduj\u0105c si\u0119 z Wami i otaczaj\u0105c Was modlitw\u0105 \u2013 ks. Kazimierz.<\/p>\n","protected":false},"excerpt":{"rendered":"<p>[cryout-pullquote align=&#8221;left|center|right&#8221; textalign=&#8221;left|center|right&#8221; width=&#8221;33%&#8221;][\/cryout-pullquote]\u201eOto dzie\u0144, kt\u00f3ry Pan uczyni\u0142, radujmy si\u0119 nim i weselmy! Alleluja!\u201d 18 maja \u2013 to uroczysty dzie\u0144 Pierwszej Komunii \u015bw. Pan B\u00f3g obdarowa\u0142 nas pi\u0119kn\u0105 s\u0142oneczn\u0105 pogod\u0105. Ca\u0142ej wsp\u00f3lnocie parafialnej udziela si\u0119 rado\u015b\u0107 dzieci, kt\u00f3re po raz pierwszy mog\u0142y przyj\u0105\u0107 Chrystusa w Komunii \u015bw.\u00a0 Ju\u017c po spowiedzi serca dzieci czyste i t\u0119skni\u0105ce do tego spotkania. Zewn\u0119trznym znakiem gotowo\u015bci na przyj\u0119cie Pana Jezusa by\u0142y uroczyste bia\u0142e sukienki: Agatki Sledziewskiej, Wiktorii Stankiewicz i Weroniki Rogala, a tak\u017ce wyprasowane pi\u0119kne kome\u017cki ch\u0142opc\u00f3w: Michasia \u0141ukasiaka, Patryka Wojty\u0144skiego, Michasia Kopcia i Mateusza Swiderskiego.<\/p>\n","protected":false},"author":1,"featured_media":0,"comment_status":"closed","ping_status":"closed","sticky":false,"template":"","format":"standard","meta":{"ngg_post_thumbnail":0},"categories":[1],"tags":[],"_links":{"self":[{"href":"https:\/\/www.parafiawierzbno.com.pl\/index.php?rest_route=\/wp\/v2\/posts\/1770"}],"collection":[{"href":"https:\/\/www.parafiawierzbno.com.pl\/index.php?rest_route=\/wp\/v2\/posts"}],"about":[{"href":"https:\/\/www.parafiawierzbno.com.pl\/index.php?rest_route=\/wp\/v2\/types\/post"}],"author":[{"embeddable":true,"href":"https:\/\/www.parafiawierzbno.com.pl\/index.php?rest_route=\/wp\/v2\/users\/1"}],"replies":[{"embeddable":true,"href":"https:\/\/www.parafiawierzbno.com.pl\/index.php?rest_route=%2Fwp%2Fv2%2Fcomments&post=1770"}],"version-history":[{"count":5,"href":"https:\/\/www.parafiawierzbno.com.pl\/index.php?rest_route=\/wp\/v2\/posts\/1770\/revisions"}],"predecessor-version":[{"id":1798,"href":"https:\/\/www.parafiawierzbno.com.pl\/index.php?rest_route=\/wp\/v2\/posts\/1770\/revisions\/1798"}],"wp:attachment":[{"href":"https:\/\/www.parafiawierzbno.com.pl\/index.php?rest_route=%2Fwp%2Fv2%2Fmedia&parent=1770"}],"wp:term":[{"taxonomy":"category","embeddable":true,"href":"https:\/\/www.parafiawierzbno.com.pl\/index.php?rest_route=%2Fwp%2Fv2%2Fcategories&post=1770"},{"taxonomy":"post_tag","embeddable":true,"href":"https:\/\/www.parafiawierzbno.com.pl\/index.php?rest_route=%2Fwp%2Fv2%2Ftags&post=1770"}],"curies":[{"name":"wp","href":"https:\/\/api.w.org\/{rel}","templated":true}]}}