{"id":1800,"date":"2014-06-01T02:30:06","date_gmt":"2014-06-01T00:30:06","guid":{"rendered":"https:\/\/www.parafiawierzbno.com.pl\/?p=1800"},"modified":"2014-06-01T02:33:00","modified_gmt":"2014-06-01T00:33:00","slug":"listy-dzieci-do-pana-boga","status":"publish","type":"post","link":"https:\/\/www.parafiawierzbno.com.pl\/?p=1800","title":{"rendered":"Listy dzieci do Pana Boga"},"content":{"rendered":"<p><a href=\"https:\/\/www.parafiawierzbno.com.pl\/wp-content\/uploads\/2014\/06\/18.05_099.jpg\">[cryout-pullquote align=&#8221;left|center|right&#8221; textalign=&#8221;left|center|right&#8221; width=&#8221;20%&#8221;]<img loading=\"lazy\" alt=\"18.05_099\" src=\"https:\/\/www.parafiawierzbno.com.pl\/wp-content\/uploads\/2014\/06\/18.05_099-214x300.jpg\" width=\"128\" height=\"180\" \/>[\/cryout-pullquote]<\/a>Kochany Panie Bo\u017ce<\/p>\n<p>Bardzo Ci\u0119 kocham cho\u0107 nie zawsze umiem to okaza\u0107. Nied\u0142ugo przyst\u0105pi\u0119 do I Komunii \u015awi\u0119tej. Jestem z tego powodu szcz\u0119\u015bliwa, \u017ce mog\u0119 przyj\u0105\u0107 Pana Jezusa do serca. Teraz moje \u017cycie si\u0119 odmieni bo sam Pan Jezus zamieszka w moim sercu. Najbardziej chcia\u0142abym, aby na \u015bwiecie nie by\u0142o wojen i z\u0142ych ludzi. Bardzo dzi\u0119kuj\u0119 za moj\u0105 kochan\u0105 rodzin\u0119. Chcia\u0142abym r\u00f3wnie\u017c pomodli\u0107 si\u0119 za wujka Damiana i Konrada i cioci\u0119 Ewelin\u0119, kt\u00f3rzy zgin\u0119li w wypadku.<!--more--> Niech spoczywaj\u0105 w pokoju wiecznym, Amen. Przepraszam za wszystkie moje grzechy i obiecuj\u0119 popraw\u0119.<\/p>\n<p style=\"text-align: right;\">Wiktoria Stankiewicz<\/p>\n<p>\u00a0<a href=\"https:\/\/www.parafiawierzbno.com.pl\/wp-content\/uploads\/2014\/06\/18.05_101.jpg\">[cryout-pullquote align=&#8221;left|center|right&#8221; textalign=&#8221;left|center|right&#8221; width=&#8221;20%&#8221;]<img loading=\"lazy\" class=\"alignnone  wp-image-1806\" alt=\"komunia\" src=\"https:\/\/www.parafiawierzbno.com.pl\/wp-content\/uploads\/2014\/06\/18.05_101-214x300.jpg\" width=\"128\" height=\"180\" srcset=\"https:\/\/www.parafiawierzbno.com.pl\/wp-content\/uploads\/2014\/06\/18.05_101-214x300.jpg 214w, https:\/\/www.parafiawierzbno.com.pl\/wp-content\/uploads\/2014\/06\/18.05_101-107x150.jpg 107w, https:\/\/www.parafiawierzbno.com.pl\/wp-content\/uploads\/2014\/06\/18.05_101.jpg 429w\" sizes=\"(max-width: 128px) 100vw, 128px\" \/>[\/cryout-pullquote]<\/a><\/p>\n<p>Panie Jezu!<\/p>\n<p>Bardzo si\u0119 ciesz\u0119 i dzi\u0119kuj\u0119, \u017ce przychodzisz po raz pierwszy do mojego czystego serduszka w Komunii \u015awi\u0119tej. Obiecuj\u0119, \u017ce postaram si\u0119 tak \u017cy\u0107 aby\u015b w nim jak najcz\u0119\u015bciej go\u015bci\u0142. Prosz\u0119 b\u0142ogos\u0142aw mi i mojej rodzinie w dalszym \u017cyciu.<\/p>\n<p align=\"right\">Micha\u0142 \u0141ukasiak<\/p>\n<p>&nbsp;<\/p>\n<p><a href=\"https:\/\/www.parafiawierzbno.com.pl\/wp-content\/uploads\/2014\/06\/18.05_103.jpg\">[cryout-pullquote align=&#8221;left|center|right&#8221; textalign=&#8221;left|center|right&#8221; width=&#8221;20%&#8221;]<img loading=\"lazy\" class=\"alignnone  wp-image-1808\" alt=\"komunia\" src=\"https:\/\/www.parafiawierzbno.com.pl\/wp-content\/uploads\/2014\/06\/18.05_103-214x300.jpg\" width=\"128\" height=\"180\" srcset=\"https:\/\/www.parafiawierzbno.com.pl\/wp-content\/uploads\/2014\/06\/18.05_103-214x300.jpg 214w, https:\/\/www.parafiawierzbno.com.pl\/wp-content\/uploads\/2014\/06\/18.05_103-107x150.jpg 107w, https:\/\/www.parafiawierzbno.com.pl\/wp-content\/uploads\/2014\/06\/18.05_103.jpg 429w\" sizes=\"(max-width: 128px) 100vw, 128px\" \/>[\/cryout-pullquote]<\/a><\/p>\n<p>Panie Bo\u017ce!<\/p>\n<p>Dzi\u0119kuj\u0119 Ci za wszystkie \u0142aski jakie na mnie sp\u0142yn\u0119\u0142y w dniu I Komunii \u015awi\u0119tej. Ciesz\u0119 si\u0119, \u017ce mieszkasz w moim sercu. Dzi\u0119kuj\u0119 za rodzin\u0119. Bardzo ich kocham.<\/p>\n<p align=\"right\">Patryk Wojty\u0144ski<\/p>\n<p>&nbsp;<\/p>\n<p>&nbsp;<\/p>\n<p><a href=\"https:\/\/www.parafiawierzbno.com.pl\/wp-content\/uploads\/2014\/06\/18.05_100.jpg\">[cryout-pullquote align=&#8221;left|center|right&#8221; textalign=&#8221;left|center|right&#8221; width=&#8221;20%&#8221;]<img loading=\"lazy\" class=\"alignnone  wp-image-1805\" alt=\"18.05_100\" src=\"https:\/\/www.parafiawierzbno.com.pl\/wp-content\/uploads\/2014\/06\/18.05_100-214x300.jpg\" width=\"128\" height=\"180\" srcset=\"https:\/\/www.parafiawierzbno.com.pl\/wp-content\/uploads\/2014\/06\/18.05_100-214x300.jpg 214w, https:\/\/www.parafiawierzbno.com.pl\/wp-content\/uploads\/2014\/06\/18.05_100-107x150.jpg 107w, https:\/\/www.parafiawierzbno.com.pl\/wp-content\/uploads\/2014\/06\/18.05_100.jpg 429w\" sizes=\"(max-width: 128px) 100vw, 128px\" \/>[\/cryout-pullquote]<\/a>Dzi\u0119kuj\u0119 Ci Panie Jezu!!!<\/p>\n<p>Za \u0142aski, kt\u00f3re otrzyma\u0142am w dniu I Komunii \u015awi\u0119tej. Za to, \u017ce przyszed\u0142e\u015b do mojego serduszka, \u017ce si\u0119 mn\u0105 opiekujesz i drog\u0105 m\u0105 kierujesz. Dzi\u0119kuj\u0119 Ci za mam\u0119, tat\u0119 i moje siostry.<\/p>\n<p align=\"right\">Agnieszka \u015aledziewska<\/p>\n<p>&nbsp;<\/p>\n<p>&nbsp;<\/p>\n<p><a href=\"https:\/\/www.parafiawierzbno.com.pl\/wp-content\/uploads\/2014\/06\/18.05_098.jpg\">[cryout-pullquote align=&#8221;left|center|right&#8221; textalign=&#8221;left|center|right&#8221; width=&#8221;20%&#8221;]<img loading=\"lazy\" class=\"alignnone  wp-image-1803\" alt=\"18.05_098\" src=\"https:\/\/www.parafiawierzbno.com.pl\/wp-content\/uploads\/2014\/06\/18.05_098-214x300.jpg\" width=\"128\" height=\"180\" srcset=\"https:\/\/www.parafiawierzbno.com.pl\/wp-content\/uploads\/2014\/06\/18.05_098-214x300.jpg 214w, https:\/\/www.parafiawierzbno.com.pl\/wp-content\/uploads\/2014\/06\/18.05_098-107x150.jpg 107w, https:\/\/www.parafiawierzbno.com.pl\/wp-content\/uploads\/2014\/06\/18.05_098.jpg 429w\" sizes=\"(max-width: 128px) 100vw, 128px\" \/>[\/cryout-pullquote]<\/a>List do Pana Boga!<\/p>\n<p>Panie Bo\u017ce, najbardziej chcia\u0142abym \u017ceby na \u015bwiecie nie by\u0142o wojen. Dzi\u0119kuj\u0119 Ci za moich kochanych rodzic\u00f3w, siostr\u0119 i przyjaci\u00f3\u0142. Prosz\u0119 Ci\u0119 o zdrowie dla nich i dla ca\u0142ej rodziny, i \u017ceby wszyscy byli zawsze szcz\u0119\u015bliwi.<\/p>\n<p align=\"right\">Weronika Rogala<\/p>\n<p>&nbsp;<\/p>\n<p>&nbsp;<\/p>\n<p><a href=\"https:\/\/www.parafiawierzbno.com.pl\/wp-content\/uploads\/2014\/06\/18.05_104.jpg\">[cryout-pullquote align=&#8221;left|center|right&#8221; textalign=&#8221;left|center|right&#8221; width=&#8221;20%&#8221;]<img loading=\"lazy\" class=\"alignnone  wp-image-1809\" alt=\"komunia\" src=\"https:\/\/www.parafiawierzbno.com.pl\/wp-content\/uploads\/2014\/06\/18.05_104-214x300.jpg\" width=\"128\" height=\"180\" srcset=\"https:\/\/www.parafiawierzbno.com.pl\/wp-content\/uploads\/2014\/06\/18.05_104-214x300.jpg 214w, https:\/\/www.parafiawierzbno.com.pl\/wp-content\/uploads\/2014\/06\/18.05_104-107x150.jpg 107w, https:\/\/www.parafiawierzbno.com.pl\/wp-content\/uploads\/2014\/06\/18.05_104.jpg 429w\" sizes=\"(max-width: 128px) 100vw, 128px\" \/>[\/cryout-pullquote]<\/a>Panie Jezu!<\/p>\n<p>Wierz\u0119 mocno, \u017ce jeste\u015b obecny w Naj\u015bwi\u0119tszym Sakramencie. Dzi\u0119kuj\u0119 Ci za to, \u017ce mog\u0119 do Ciebie przychodzi\u0107 zawsze o ka\u017cdej porze, a Ty zawsze na mnie czekasz. Polecam Ci i zawierzam moj\u0105 rodzin\u0119 i mnie samego.<\/p>\n<p align=\"right\">Micha\u0142 Kope\u0107<\/p>\n<p>&nbsp;<\/p>\n","protected":false},"excerpt":{"rendered":"<p>[cryout-pullquote align=&#8221;left|center|right&#8221; textalign=&#8221;left|center|right&#8221; width=&#8221;20%&#8221;][\/cryout-pullquote]Kochany Panie Bo\u017ce Bardzo Ci\u0119 kocham cho\u0107 nie zawsze umiem to okaza\u0107. Nied\u0142ugo przyst\u0105pi\u0119 do I Komunii \u015awi\u0119tej. Jestem z tego powodu szcz\u0119\u015bliwa, \u017ce mog\u0119 przyj\u0105\u0107 Pana Jezusa do serca. Teraz moje \u017cycie si\u0119 odmieni bo sam Pan Jezus zamieszka w moim sercu. Najbardziej chcia\u0142abym, aby na \u015bwiecie nie by\u0142o wojen i z\u0142ych ludzi. Bardzo dzi\u0119kuj\u0119 za moj\u0105 kochan\u0105 rodzin\u0119. Chcia\u0142abym r\u00f3wnie\u017c pomodli\u0107 si\u0119 za wujka Damiana i Konrada i cioci\u0119 Ewelin\u0119, kt\u00f3rzy zgin\u0119li w wypadku.<\/p>\n","protected":false},"author":1,"featured_media":0,"comment_status":"closed","ping_status":"closed","sticky":false,"template":"","format":"standard","meta":{"ngg_post_thumbnail":0},"categories":[1],"tags":[],"_links":{"self":[{"href":"https:\/\/www.parafiawierzbno.com.pl\/index.php?rest_route=\/wp\/v2\/posts\/1800"}],"collection":[{"href":"https:\/\/www.parafiawierzbno.com.pl\/index.php?rest_route=\/wp\/v2\/posts"}],"about":[{"href":"https:\/\/www.parafiawierzbno.com.pl\/index.php?rest_route=\/wp\/v2\/types\/post"}],"author":[{"embeddable":true,"href":"https:\/\/www.parafiawierzbno.com.pl\/index.php?rest_route=\/wp\/v2\/users\/1"}],"replies":[{"embeddable":true,"href":"https:\/\/www.parafiawierzbno.com.pl\/index.php?rest_route=%2Fwp%2Fv2%2Fcomments&post=1800"}],"version-history":[{"count":35,"href":"https:\/\/www.parafiawierzbno.com.pl\/index.php?rest_route=\/wp\/v2\/posts\/1800\/revisions"}],"predecessor-version":[{"id":1838,"href":"https:\/\/www.parafiawierzbno.com.pl\/index.php?rest_route=\/wp\/v2\/posts\/1800\/revisions\/1838"}],"wp:attachment":[{"href":"https:\/\/www.parafiawierzbno.com.pl\/index.php?rest_route=%2Fwp%2Fv2%2Fmedia&parent=1800"}],"wp:term":[{"taxonomy":"category","embeddable":true,"href":"https:\/\/www.parafiawierzbno.com.pl\/index.php?rest_route=%2Fwp%2Fv2%2Fcategories&post=1800"},{"taxonomy":"post_tag","embeddable":true,"href":"https:\/\/www.parafiawierzbno.com.pl\/index.php?rest_route=%2Fwp%2Fv2%2Ftags&post=1800"}],"curies":[{"name":"wp","href":"https:\/\/api.w.org\/{rel}","templated":true}]}}