{"id":1843,"date":"2014-06-01T02:42:06","date_gmt":"2014-06-01T00:42:06","guid":{"rendered":"https:\/\/www.parafiawierzbno.com.pl\/?p=1843"},"modified":"2014-06-01T03:20:06","modified_gmt":"2014-06-01T01:20:06","slug":"radosc-dzieci-radoscia-calego-kosciola","status":"publish","type":"post","link":"https:\/\/www.parafiawierzbno.com.pl\/?p=1843","title":{"rendered":"Rado\u015b\u0107 dzieci \u2013 rado\u015bci\u0105 ca\u0142ego Ko\u015bcio\u0142a"},"content":{"rendered":"<p><a href=\"https:\/\/www.parafiawierzbno.com.pl\/wp-content\/uploads\/2014\/06\/IMG_7351.jpg\">[cryout-pullquote align=&#8221;left|center|right&#8221; textalign=&#8221;left|center|right&#8221; width=&#8221;33%&#8221;]<img loading=\"lazy\" class=\"alignnone size-medium wp-image-1846\" alt=\"IMG_7351\" src=\"https:\/\/www.parafiawierzbno.com.pl\/wp-content\/uploads\/2014\/06\/IMG_7351-300x199.jpg\" width=\"300\" height=\"199\" srcset=\"https:\/\/www.parafiawierzbno.com.pl\/wp-content\/uploads\/2014\/06\/IMG_7351-300x199.jpg 300w, https:\/\/www.parafiawierzbno.com.pl\/wp-content\/uploads\/2014\/06\/IMG_7351-225x150.jpg 225w, https:\/\/www.parafiawierzbno.com.pl\/wp-content\/uploads\/2014\/06\/IMG_7351-150x99.jpg 150w, https:\/\/www.parafiawierzbno.com.pl\/wp-content\/uploads\/2014\/06\/IMG_7351.jpg 800w\" sizes=\"(max-width: 300px) 100vw, 300px\" \/>[\/cryout-pullquote]<\/a>W sobot\u0119 31 maja, w przeddzie\u0144 Dnia Dziecka, na boisku za plebani\u0105 zebra\u0142y si\u0119 dzieci, by wsp\u00f3lnie bawi\u0107 si\u0119 i nas doros\u0142ych tak\u017ce zarazi\u0107 rado\u015bci\u0105. Pani Aneta Miklaszewska przygotowa\u0142a r\u00f3\u017cne gry zespo\u0142owe. By\u0142a tak\u017ce pi\u0142ka no\u017cna. Stoj\u0105c na bramce, poczu\u0142em si\u0119 dzieckiem Bo\u017cym broni\u0105c naraz trzech pi\u0142ek. Emocji i \u015bmiechu by\u0142o co niemiara. Oczywi\u015bcie, \u017ce przy ognisku piekli\u015bmy kie\u0142bas\u0119 i by\u0142y lody&#8230; dla och\u0142ody. Dzieci wraz z rodzicami uczestniczy\u0142y w Eucharystii i nabo\u017ce\u0144stwie majowym. Niech Maryja, Kr\u00f3lowa rodzin, otacza p\u0142aszczem opieki wszystkie rodziny, aby wzrasta\u0142y w mi\u0142o\u015bci i ochoczo pe\u0142ni\u0142y Bo\u017c\u0105 wol\u0119.<\/p>\n<p><b>Dzieciom naszej parafii z ca\u0142ego serca \u017cycz\u0119 dobrych ocen w szkole, ju\u017c wkr\u00f3tce s\u0142onecznych wakacji i \u017cycz\u0119 by\u015bcie codziennie pami\u0119ta\u0142y o modlitwie do Pana Jezusa, Kt\u00f3ry Was bardzo kocha.<\/b><\/p>\n<p>Dzi\u0119kuj\u0105c za pi\u0119kne spotkanie i wasz\u0105 obecno\u015b\u0107 \u2013 <strong><em>ks. Kazimierz<\/em><\/strong><\/p>\n<p><a href=\"https:\/\/www.parafiawierzbno.com.pl\/index.php\/nggallery\/2014\/dzien-dziecka-2014?page_id=248\">Galeria zdj\u0119\u0107<\/a><\/p>\n","protected":false},"excerpt":{"rendered":"<p>[cryout-pullquote align=&#8221;left|center|right&#8221; textalign=&#8221;left|center|right&#8221; width=&#8221;33%&#8221;][\/cryout-pullquote]W sobot\u0119 31 maja, w przeddzie\u0144 Dnia Dziecka, na boisku za plebani\u0105 zebra\u0142y si\u0119 dzieci, by wsp\u00f3lnie bawi\u0107 si\u0119 i nas doros\u0142ych tak\u017ce zarazi\u0107 rado\u015bci\u0105. Pani Aneta Miklaszewska przygotowa\u0142a r\u00f3\u017cne gry zespo\u0142owe. By\u0142a tak\u017ce pi\u0142ka no\u017cna. Stoj\u0105c na bramce, poczu\u0142em si\u0119 dzieckiem Bo\u017cym broni\u0105c naraz trzech pi\u0142ek. Emocji i \u015bmiechu by\u0142o co niemiara. Oczywi\u015bcie, \u017ce przy ognisku piekli\u015bmy kie\u0142bas\u0119 i by\u0142y lody&#8230; dla och\u0142ody. Dzieci wraz z rodzicami uczestniczy\u0142y w Eucharystii i nabo\u017ce\u0144stwie majowym. Niech Maryja, Kr\u00f3lowa rodzin, otacza p\u0142aszczem opieki wszystkie rodziny, aby wzrasta\u0142y w mi\u0142o\u015bci i ochoczo pe\u0142ni\u0142y Bo\u017c\u0105 wol\u0119. Dzieciom naszej parafii z ca\u0142ego serca \u017cycz\u0119 dobrych ocen w szkole, ju\u017c wkr\u00f3tce s\u0142onecznych wakacji i \u017cycz\u0119 by\u015bcie codziennie pami\u0119ta\u0142y o modlitwie do Pana Jezusa, Kt\u00f3ry Was bardzo kocha. Dzi\u0119kuj\u0105c za pi\u0119kne spotkanie i wasz\u0105 obecno\u015b\u0107 \u2013 ks. Kazimierz Galeria zdj\u0119\u0107<\/p>\n","protected":false},"author":1,"featured_media":0,"comment_status":"closed","ping_status":"closed","sticky":false,"template":"","format":"standard","meta":{"ngg_post_thumbnail":0},"categories":[1],"tags":[],"_links":{"self":[{"href":"https:\/\/www.parafiawierzbno.com.pl\/index.php?rest_route=\/wp\/v2\/posts\/1843"}],"collection":[{"href":"https:\/\/www.parafiawierzbno.com.pl\/index.php?rest_route=\/wp\/v2\/posts"}],"about":[{"href":"https:\/\/www.parafiawierzbno.com.pl\/index.php?rest_route=\/wp\/v2\/types\/post"}],"author":[{"embeddable":true,"href":"https:\/\/www.parafiawierzbno.com.pl\/index.php?rest_route=\/wp\/v2\/users\/1"}],"replies":[{"embeddable":true,"href":"https:\/\/www.parafiawierzbno.com.pl\/index.php?rest_route=%2Fwp%2Fv2%2Fcomments&post=1843"}],"version-history":[{"count":9,"href":"https:\/\/www.parafiawierzbno.com.pl\/index.php?rest_route=\/wp\/v2\/posts\/1843\/revisions"}],"predecessor-version":[{"id":1982,"href":"https:\/\/www.parafiawierzbno.com.pl\/index.php?rest_route=\/wp\/v2\/posts\/1843\/revisions\/1982"}],"wp:attachment":[{"href":"https:\/\/www.parafiawierzbno.com.pl\/index.php?rest_route=%2Fwp%2Fv2%2Fmedia&parent=1843"}],"wp:term":[{"taxonomy":"category","embeddable":true,"href":"https:\/\/www.parafiawierzbno.com.pl\/index.php?rest_route=%2Fwp%2Fv2%2Fcategories&post=1843"},{"taxonomy":"post_tag","embeddable":true,"href":"https:\/\/www.parafiawierzbno.com.pl\/index.php?rest_route=%2Fwp%2Fv2%2Ftags&post=1843"}],"curies":[{"name":"wp","href":"https:\/\/api.w.org\/{rel}","templated":true}]}}