{"id":3456,"date":"2015-07-13T05:58:25","date_gmt":"2015-07-13T03:58:25","guid":{"rendered":"https:\/\/www.parafiawierzbno.com.pl\/?p=3456"},"modified":"2015-07-13T05:58:25","modified_gmt":"2015-07-13T03:58:25","slug":"przezywaj-dzien-jako-niepowtarzalny","status":"publish","type":"post","link":"https:\/\/www.parafiawierzbno.com.pl\/?p=3456","title":{"rendered":"Prze\u017cywaj dzie\u0144 jako niepowtarzalny\u2026"},"content":{"rendered":"<p>Te s\u0142owa us\u0142ysza\u0142am od pewnego ksi\u0119dza zaraz na pocz\u0105tku wakacji. By\u0142a to zach\u0119ta do dostrze\u017cenia obecno\u015bci Chrystusa w zwyczajno\u015bci.<\/p>\n<p>Ten dzie\u0144 nie zapowiada\u0142 niczego nadzwyczajnego, jakie\u015b bie\u017c\u0105ce prace i spotkania. I oto jedno z nich pozostawi\u0142o we mnie g\u0142\u0119boki \u015blad. <b>Ksi\u0105dz Jacek Ponikowski<\/b> przyjecha\u0142 z Niepo\u0142omic (ko\u0142o Krakowa) na groby swoich bliskich do \u00a0W\u0119growa i po drodze wst\u0105pi\u0142 na plebani\u0119 do Wierzbna, tam nawi\u0105za\u0142a si\u0119 rozmowa.\u00a0 Ze s\u0142yszenia wiedzia\u0142am, \u017ce pracuje z niewidomymi i jest im bardzo oddany. Zdziwi\u0142am si\u0119, \u017ce jeszcze tego samego dnia wraca do swoich podopiecznych (ponad 500 km), wi\u0119c troch\u0119 \u017cartem zapyta\u0142am: <i>A co, nie poradz\u0105 sobie?<\/i> Ksi\u0105dz u\u015bmiechn\u0105\u0142 si\u0119 i powiedzia\u0142, \u017ce poradz\u0105. Potem nast\u0105pi\u0142 dalszy dialog, interesowa\u0142o mnie jak funkcjonuje o\u015brodek, jacy s\u0105 podopieczni, jak si\u0119 z nimi \u017cyje \u2026 Ksi\u0105dz Jacek odpowiada\u0142 na pytania, dzieli\u0142 si\u0119 swoimi do\u015bwiadczeniami.<\/p>\n<p><a href=\"https:\/\/www.parafiawierzbno.com.pl\/wp-content\/uploads\/2015\/07\/1.jpg\"><img loading=\"lazy\" class=\"size-full wp-image-3461 aligncenter\" alt=\"1\" src=\"https:\/\/www.parafiawierzbno.com.pl\/wp-content\/uploads\/2015\/07\/1.jpg\" width=\"620\" height=\"381\" srcset=\"https:\/\/www.parafiawierzbno.com.pl\/wp-content\/uploads\/2015\/07\/1.jpg 620w, https:\/\/www.parafiawierzbno.com.pl\/wp-content\/uploads\/2015\/07\/1-300x184.jpg 300w, https:\/\/www.parafiawierzbno.com.pl\/wp-content\/uploads\/2015\/07\/1-244x150.jpg 244w, https:\/\/www.parafiawierzbno.com.pl\/wp-content\/uploads\/2015\/07\/1-150x92.jpg 150w\" sizes=\"(max-width: 620px) 100vw, 620px\" \/><\/a>O\u015brodek w Niepo\u0142omicach przeznaczony jest dla niewidomych m\u0119\u017cczyzn, kt\u00f3rzy nie maj\u0105 swoich dom\u00f3w lub nie maj\u0105 nikogo, kto chcia\u0142by si\u0119 nimi opiekowa\u0107. Opr\u00f3cz tego obci\u0105\u017ceni s\u0105 niedorozwojem umys\u0142owym i\u00a0 chorobami z tym zwi\u0105zanymi. Po uko\u0144czeniu 24 roku \u017cycia ludzie z takimi obci\u0105\u017ceniami, je\u015bli nie maj\u0105 rodziny,\u00a0 mog\u0105\u00a0 mie\u0107 zapewnion\u0105 pomoc, np. w\u00a0 Domach Opieki Spo\u0142ecznej. Jednak oni potrzebuj\u0105 specjalnej pomocy, specjalnego domu. Taki dom za\u0142o\u017cy\u0142,\u00a0 niedaleko Krakowa, ksi\u0105dz Jacek Ponikowski. <!--more-->Obecnie mieszka w nim 18 m\u0119\u017cczyzn. W\u015br\u00f3d nich 5 wymaga pe\u0142nej obs\u0142ugi w toalecie i podczas k\u0105pieli. W domu\u00a0 potrzebna jest ca\u0142odobowa obecno\u015b\u0107\u00a0 opiekun\u00f3w, gdy\u017c w nocy m\u0119\u017cczyzna z pora\u017ceniem m\u00f3zgowym potrzebuje pomocy przy przekr\u0119ceniu si\u0119 na drugi bok, u innych mog\u0105 wyst\u0105pi\u0107 napady padaczkowe i inne problemy zwi\u0105zane z niepe\u0142nosprawno\u015bci\u0105. W zwi\u0105zku\u00a0 z tym pracownicy tego o\u015brodka nie maj\u0105 wyznaczonego zakresu obowi\u0105zk\u00f3w i jak w domu opieka mamy nie ko\u0144czy si\u0119 na nakarmieniu\u00a0 czy umyciu dziecka, tak samo i tam musi by\u0107 otwarto\u015b\u0107 na zapewnienie pojawiaj\u0105cych si\u0119 potrzeb niepe\u0142nosprawnych mieszka\u0144c\u00f3w.<\/p>\n<p>Ksi\u0105dz Jacek stara si\u0119 stworzy\u0107 swoim podopiecznym warunki domowe. W tym celu zatrudnieni s\u0105 wolny m\u0119\u017cczyzna\u00a0 i\u00a0 wolna kobieta, kt\u00f3rzy na sta\u0142e mieszkaj\u0105 w o\u015brodku i po\u015bwi\u0119caj\u0105 si\u0119 ca\u0142kowicie niewidomym\u00a0 mieszka\u0144com. Opr\u00f3cz tego s\u0105 zatrudnieni\u00a0 inni potrzebni pracownicy. W miar\u0119 mo\u017cliwo\u015bci niepe\u0142nosprawni\u00a0 m\u0119\u017cczy\u017ani wykonuj\u0105 potrzebne prace i r\u00f3\u017cne wytwory, kt\u00f3re potem mog\u0105 komu\u015b podarowa\u0107. Jest to dla nich wa\u017cne, gdy\u017c daje to im poczucie swojej wa\u017cno\u015bci i u\u017cyteczno\u015bci. W\u015br\u00f3d podopiecznych znajduj\u0105 si\u0119 osoby obdarzone\u00a0 jakim\u015b szczeg\u00f3lnym talentem. Ksi\u0105dz wspomina\u0142 o panu, kt\u00f3ry gra na r\u00f3\u017cnych instrumentach, nie znaj\u0105c nut.<\/p>\n<p>Bardzo podoba\u0142a mi si\u0119 troska o stwarzanie rodzinnej atmosfery, \u017ce chocia\u017cby przez to, \u017ce wszystkich przybywaj\u0105cych go\u015bci przyjmuje si\u0119 razem przy wsp\u00f3lnym stole, gdy\u017c nie ma tam lepszych albo gorszych.<\/p>\n<p>Na pytanie jak mo\u017cna pom\u00f3c, ksi\u0105dz Jacek wyra\u017ca\u0142 wdzi\u0119czno\u015b\u0107 za wszelk\u0105 pomoc materialn\u0105, ale m\u00f3wi\u0142 przede wszystkim o potrzebie pomocy fizycznej. Ch\u0119tnie zatrudni\u0142by m\u0119\u017cczyzn, kt\u00f3rzy s\u0105 w stanie pracowa\u0107 z\u00a0 oddaniem, ze zrozumieniem potrzeb os\u00f3b obci\u0105\u017conych niepe\u0142nosprawno\u015bci\u0105. Proponowa\u0142, \u017ce mo\u017cna przyjecha\u0107 poby\u0107, poobserwowa\u0107, spr\u00f3bowa\u0107\u00a0 takiej s\u0142u\u017cby.<\/p>\n<p>A c\u00f3\u017c niecodziennego w tym spotkaniu? Przede wszystkim\u00a0\u00a0 \u015bwiadomo\u015b\u0107, \u017ce s\u0105 tak potrzebuj\u0105cy i \u015bwiadomo\u015b\u0107, \u017ce s\u0105 tak pomagaj\u0105cy.\u00a0 Mnie ksi\u0105dz Jacek zapali\u0142 swoim oddaniem\u00a0 i mi\u0142o\u015bci\u0105 do\u00a0 trudnych podopiecznych, kochanych przez Boga.<\/p>\n<p>Dzi\u0119kuj\u0119 Panu za ten dzie\u0144 i to spotkanie, dla mnie cenniejsze ni\u017c mo\u017ce zwiedzenie Egiptu. Czas wakacji mo\u017ce by\u0107 wi\u0119c okazj\u0105 do niepowtarzalnych spotka\u0144, doce\u0144my je.<\/p>\n","protected":false},"excerpt":{"rendered":"<p>Te s\u0142owa us\u0142ysza\u0142am od pewnego ksi\u0119dza zaraz na pocz\u0105tku wakacji. By\u0142a to zach\u0119ta do dostrze\u017cenia obecno\u015bci Chrystusa w zwyczajno\u015bci. Ten dzie\u0144 nie zapowiada\u0142 niczego nadzwyczajnego, jakie\u015b bie\u017c\u0105ce prace i spotkania. I oto jedno z nich pozostawi\u0142o we mnie g\u0142\u0119boki \u015blad. Ksi\u0105dz Jacek Ponikowski przyjecha\u0142 z Niepo\u0142omic (ko\u0142o Krakowa) na groby swoich bliskich do \u00a0W\u0119growa i po drodze wst\u0105pi\u0142 na plebani\u0119 do Wierzbna, tam nawi\u0105za\u0142a si\u0119 rozmowa.\u00a0 Ze s\u0142yszenia wiedzia\u0142am, \u017ce pracuje z niewidomymi i jest im bardzo oddany. Zdziwi\u0142am si\u0119, \u017ce jeszcze tego samego dnia wraca do swoich podopiecznych (ponad 500 km), wi\u0119c troch\u0119 \u017cartem zapyta\u0142am: A co, nie poradz\u0105 sobie? Ksi\u0105dz u\u015bmiechn\u0105\u0142 si\u0119 i powiedzia\u0142, \u017ce poradz\u0105. Potem nast\u0105pi\u0142 dalszy dialog, interesowa\u0142o mnie jak funkcjonuje o\u015brodek, jacy s\u0105 podopieczni, jak si\u0119 z nimi \u017cyje \u2026 Ksi\u0105dz Jacek odpowiada\u0142 na pytania, dzieli\u0142 si\u0119 swoimi do\u015bwiadczeniami. O\u015brodek w Niepo\u0142omicach przeznaczony jest dla niewidomych m\u0119\u017cczyzn, kt\u00f3rzy nie maj\u0105 swoich dom\u00f3w lub nie \u2026 <a class=\"continue-reading-link\" href=\"https:\/\/www.parafiawierzbno.com.pl\/?p=3456\">Czytaj dalej <span class=\"meta-nav\">&rarr; <\/span><\/a><\/p>\n","protected":false},"author":1,"featured_media":0,"comment_status":"closed","ping_status":"closed","sticky":false,"template":"","format":"standard","meta":{"ngg_post_thumbnail":0},"categories":[1],"tags":[],"_links":{"self":[{"href":"https:\/\/www.parafiawierzbno.com.pl\/index.php?rest_route=\/wp\/v2\/posts\/3456"}],"collection":[{"href":"https:\/\/www.parafiawierzbno.com.pl\/index.php?rest_route=\/wp\/v2\/posts"}],"about":[{"href":"https:\/\/www.parafiawierzbno.com.pl\/index.php?rest_route=\/wp\/v2\/types\/post"}],"author":[{"embeddable":true,"href":"https:\/\/www.parafiawierzbno.com.pl\/index.php?rest_route=\/wp\/v2\/users\/1"}],"replies":[{"embeddable":true,"href":"https:\/\/www.parafiawierzbno.com.pl\/index.php?rest_route=%2Fwp%2Fv2%2Fcomments&post=3456"}],"version-history":[{"count":6,"href":"https:\/\/www.parafiawierzbno.com.pl\/index.php?rest_route=\/wp\/v2\/posts\/3456\/revisions"}],"predecessor-version":[{"id":3464,"href":"https:\/\/www.parafiawierzbno.com.pl\/index.php?rest_route=\/wp\/v2\/posts\/3456\/revisions\/3464"}],"wp:attachment":[{"href":"https:\/\/www.parafiawierzbno.com.pl\/index.php?rest_route=%2Fwp%2Fv2%2Fmedia&parent=3456"}],"wp:term":[{"taxonomy":"category","embeddable":true,"href":"https:\/\/www.parafiawierzbno.com.pl\/index.php?rest_route=%2Fwp%2Fv2%2Fcategories&post=3456"},{"taxonomy":"post_tag","embeddable":true,"href":"https:\/\/www.parafiawierzbno.com.pl\/index.php?rest_route=%2Fwp%2Fv2%2Ftags&post=3456"}],"curies":[{"name":"wp","href":"https:\/\/api.w.org\/{rel}","templated":true}]}}