{"id":3465,"date":"2015-07-13T06:05:49","date_gmt":"2015-07-13T04:05:49","guid":{"rendered":"https:\/\/www.parafiawierzbno.com.pl\/?p=3465"},"modified":"2015-07-13T06:05:49","modified_gmt":"2015-07-13T04:05:49","slug":"odpoczynek-w-bieszczadach","status":"publish","type":"post","link":"https:\/\/www.parafiawierzbno.com.pl\/?p=3465","title":{"rendered":"Odpoczynek w Bieszczadach"},"content":{"rendered":"<p>Lato, wreszcie czas na zas\u0142u\u017cony odpoczynek. Ale gdzie pojecha\u0107? Czy wybra\u0107 si\u0119 do s\u0142onecznej Italii, czy do malowniczej Grecji, albo gdzie\u015b bli\u017cej\u2026? Mo\u017cna znale\u017a\u0107 przepi\u0119kne miejsca w Polsce: g\u00f3ry, wybrze\u017ce Ba\u0142tyku lub jeziora mazurskie\u2026<\/p>\n<p>Pan B\u00f3g, Stw\u00f3rca wspania\u0142ego \u015bwiata, obdarza s\u0142oneczn\u0105 pogod\u0105 i wystarczy oderwa\u0107 si\u0119 od komputera, wsi\u0105\u015b\u0107 na rower, aby do\u015bwiadczy\u0107 pi\u0119kna przyrody, aby przyja\u017anie porozmawia\u0107 z drugim cz\u0142owiekiem i dostrzec w nim swego brata lub siostr\u0119.<\/p>\n<p>Dzi\u0119kuj\u0119 Panu Bogu za dni sp\u0119dzone w Bieszczadach <b>(30 czerwca &#8211; 4 lipca)<\/b>. I tych, kt\u00f3rzy jeszcze nie podj\u0119li decyzji, zach\u0119cam: Bieszczady zapraszaj\u0105 i dostarcz\u0105 niezapomnianych prze\u017cy\u0107.<\/p>\n<p><a href=\"https:\/\/www.parafiawierzbno.com.pl\/wp-content\/uploads\/2015\/07\/2_07_2015_zmie\u0144-rozmiar.jpg\"><img loading=\"lazy\" class=\"size-medium wp-image-3468 alignleft\" alt=\"2_07_2015_zmie\u0144 rozmiar\" src=\"https:\/\/www.parafiawierzbno.com.pl\/wp-content\/uploads\/2015\/07\/2_07_2015_zmie\u0144-rozmiar-300x225.jpg\" width=\"300\" height=\"225\" srcset=\"https:\/\/www.parafiawierzbno.com.pl\/wp-content\/uploads\/2015\/07\/2_07_2015_zmie\u0144-rozmiar-300x225.jpg 300w, https:\/\/www.parafiawierzbno.com.pl\/wp-content\/uploads\/2015\/07\/2_07_2015_zmie\u0144-rozmiar-200x150.jpg 200w, https:\/\/www.parafiawierzbno.com.pl\/wp-content\/uploads\/2015\/07\/2_07_2015_zmie\u0144-rozmiar-150x112.jpg 150w, https:\/\/www.parafiawierzbno.com.pl\/wp-content\/uploads\/2015\/07\/2_07_2015_zmie\u0144-rozmiar.jpg 800w\" sizes=\"(max-width: 300px) 100vw, 300px\" \/><\/a>We wtorek, 30 czerwca, wraz z ks. Darkiem, kt\u00f3ry przez kilka lat pos\u0142ugiwa\u0142 na Syberii, wyje\u017cd\u017camy w Bieszczady do Ustrzyk G\u00f3rnych. Po siedmiu godzinach podr\u00f3\u017cy samochodem (oko\u0142o 470 km z Wierzbna) jeste\u015bmy u celu. Mamy zakwaterowanie w domu rekolekcyjnym obok ko\u015bcio\u0142a pw. \u015bw. Anny. Po obiedzie idziemy na d\u0142u\u017cszy spacer, aby rozprostowa\u0107 nogi, szlakiem na Wielk\u0105 Rawk\u0119. Wieczorem o 19.00 Eucharystia wraz z roz\u015bpiewan\u0105 m\u0142odzie\u017c\u0105, uczestnicz\u0105c\u0105 w rekolekcjach RAMu (Ruch Apostolstwa M\u0142odzie\u017cy).<!--more--><\/p>\n<p>W \u015brod\u0119 po wsp\u00f3lnej modlitwie i \u015bniadaniu idziemy w g\u00f3ry. Chcemy zdoby\u0107 <b>Tarnic\u0119<\/b> (1346 m). Na szczycie znajduje si\u0119 okaza\u0142y kilkumetrowy krzy\u017c, upami\u0119tniaj\u0105cy pobyt kard. Karola Wojty\u0142y na tym miejscu i Wielki Jubileusz 2000-lecia. Przykro, \u017ce starszy pan, z kt\u00f3rym chwil\u0119 rozmawia\u0142em na szlaku nazywa ten krzy\u017c \u201eniepotrzebnym \u017celastwem\u201d. Taka opinia boli, ale postanawiam pomodli\u0107 si\u0119 za tego turyst\u0119. Na szczycie jeste\u015bmy przed po\u0142udniem i wsp\u00f3lnie z ks. Darkiem odmawiamy \u201eAnio\u0142 Pa\u0144ski\u201d. Potem schodzimy szlakiem przez Szeroki Wierch (1268 m) do Ustrzyk. Malownicza trasa i przepi\u0119kne widoki.<a href=\"https:\/\/www.parafiawierzbno.com.pl\/wp-content\/uploads\/2015\/07\/3_07_2015_zmie\u0144-rozmiar.jpg\"><img loading=\"lazy\" class=\"size-medium wp-image-3469 alignright\" alt=\"3_07_2015_zmie\u0144 rozmiar\" src=\"https:\/\/www.parafiawierzbno.com.pl\/wp-content\/uploads\/2015\/07\/3_07_2015_zmie\u0144-rozmiar-300x225.jpg\" width=\"300\" height=\"225\" srcset=\"https:\/\/www.parafiawierzbno.com.pl\/wp-content\/uploads\/2015\/07\/3_07_2015_zmie\u0144-rozmiar-300x225.jpg 300w, https:\/\/www.parafiawierzbno.com.pl\/wp-content\/uploads\/2015\/07\/3_07_2015_zmie\u0144-rozmiar-200x150.jpg 200w, https:\/\/www.parafiawierzbno.com.pl\/wp-content\/uploads\/2015\/07\/3_07_2015_zmie\u0144-rozmiar-150x112.jpg 150w, https:\/\/www.parafiawierzbno.com.pl\/wp-content\/uploads\/2015\/07\/3_07_2015_zmie\u0144-rozmiar.jpg 800w\" sizes=\"(max-width: 300px) 100vw, 300px\" \/><\/a><\/p>\n<p>W kolejnym dniu wybieramy si\u0119 na <b>Po\u0142onin\u0119 Wetli\u0144sk\u0105<\/b>. Wchodzimy szlakiem na prze\u0142\u0119cz M. Or\u0142owicza i przez Szare Berdo i Hnatowe Berdo dochodzimy do Roha (1255 m). Zatrzymujemy si\u0119 na kr\u00f3tki odpoczynek w schronisku PTTK \u201eChatka Puchatka\u201d. Po 5 godzinach szlaku w\u015br\u00f3d szczyt\u00f3w poro\u015bni\u0119tych traw\u0105 i jagodnikiem schodzimy do Brzeg\u00f3w G\u00f3rnych. Nogi odczuwaj\u0105 trudy szlaku, ale serce przepe\u0142nia zachwyt i duma. <a href=\"https:\/\/www.parafiawierzbno.com.pl\/wp-content\/uploads\/2015\/07\/4_07_2015_zmie\u0144-rozmiar.jpg\"><img loading=\"lazy\" class=\"size-medium wp-image-3470 alignleft\" alt=\"4_07_2015_zmie\u0144 rozmiar\" src=\"https:\/\/www.parafiawierzbno.com.pl\/wp-content\/uploads\/2015\/07\/4_07_2015_zmie\u0144-rozmiar-300x225.jpg\" width=\"300\" height=\"225\" srcset=\"https:\/\/www.parafiawierzbno.com.pl\/wp-content\/uploads\/2015\/07\/4_07_2015_zmie\u0144-rozmiar-300x225.jpg 300w, https:\/\/www.parafiawierzbno.com.pl\/wp-content\/uploads\/2015\/07\/4_07_2015_zmie\u0144-rozmiar-200x150.jpg 200w, https:\/\/www.parafiawierzbno.com.pl\/wp-content\/uploads\/2015\/07\/4_07_2015_zmie\u0144-rozmiar-150x112.jpg 150w, https:\/\/www.parafiawierzbno.com.pl\/wp-content\/uploads\/2015\/07\/4_07_2015_zmie\u0144-rozmiar.jpg 800w\" sizes=\"(max-width: 300px) 100vw, 300px\" \/><\/a>\u201ePolska jest pi\u0119kna!\u201d W pi\u0105tek, bez wzgl\u0119du na zm\u0119czenie, znowu idziemy w g\u00f3ry. Maj\u0105c do wyboru d\u0142ug\u0105 tras\u0119 na Halicz i \u0142atwiejsz\u0105 na <b>Po\u0142onin\u0119 Cary\u0144sk\u0105<\/b>, wybieramy po\u0142onin\u0119. Busem podje\u017cd\u017camy do Brzeg\u00f3w, ale moje nogi jakby z drewna. Pan B\u00f3g daje si\u0142y i wej\u015bcie na Po\u0142onin\u0119 Cary\u0144sk\u0105 wynagradzaj\u0105 przepi\u0119kne widoki. Najwy\u017cszy szczyt to 1297 m. Na szlaku du\u017co rodzin z dzie\u0107mi i rodzinna, \u017cyczliwa atmosfera. Wszyscy pozdrawiaj\u0105 si\u0119 s\u0142owami: \u201eDzie\u0144 dobry\u201d. To wspania\u0142e dni podarowane przez Boga dla nas.<a href=\"https:\/\/www.parafiawierzbno.com.pl\/wp-content\/uploads\/2015\/07\/5_07_2015_zmie\u0144-rozmiar.jpg\"><img loading=\"lazy\" class=\"size-medium wp-image-3471 alignright\" alt=\"5_07_2015_zmie\u0144 rozmiar\" src=\"https:\/\/www.parafiawierzbno.com.pl\/wp-content\/uploads\/2015\/07\/5_07_2015_zmie\u0144-rozmiar-300x225.jpg\" width=\"300\" height=\"225\" srcset=\"https:\/\/www.parafiawierzbno.com.pl\/wp-content\/uploads\/2015\/07\/5_07_2015_zmie\u0144-rozmiar-300x225.jpg 300w, https:\/\/www.parafiawierzbno.com.pl\/wp-content\/uploads\/2015\/07\/5_07_2015_zmie\u0144-rozmiar-200x150.jpg 200w, https:\/\/www.parafiawierzbno.com.pl\/wp-content\/uploads\/2015\/07\/5_07_2015_zmie\u0144-rozmiar-150x112.jpg 150w, https:\/\/www.parafiawierzbno.com.pl\/wp-content\/uploads\/2015\/07\/5_07_2015_zmie\u0144-rozmiar.jpg 800w\" sizes=\"(max-width: 300px) 100vw, 300px\" \/><\/a><\/p>\n<p>Z sercem pe\u0142nym wdzi\u0119czno\u015bci wracamy do Wierzbna. Mam cich\u0105 nadziej\u0119, \u017ce uda si\u0119 w sierpniu wyjecha\u0107 w g\u00f3ry z m\u0142odzie\u017c\u0105. <i>Chwa\u0142a Panu za wszystko \u2013 ks. Kazimierz<\/i><\/p>\n<p>&nbsp;<\/p>\n","protected":false},"excerpt":{"rendered":"<p>Lato, wreszcie czas na zas\u0142u\u017cony odpoczynek. Ale gdzie pojecha\u0107? Czy wybra\u0107 si\u0119 do s\u0142onecznej Italii, czy do malowniczej Grecji, albo gdzie\u015b bli\u017cej\u2026? Mo\u017cna znale\u017a\u0107 przepi\u0119kne miejsca w Polsce: g\u00f3ry, wybrze\u017ce Ba\u0142tyku lub jeziora mazurskie\u2026 Pan B\u00f3g, Stw\u00f3rca wspania\u0142ego \u015bwiata, obdarza s\u0142oneczn\u0105 pogod\u0105 i wystarczy oderwa\u0107 si\u0119 od komputera, wsi\u0105\u015b\u0107 na rower, aby do\u015bwiadczy\u0107 pi\u0119kna przyrody, aby przyja\u017anie porozmawia\u0107 z drugim cz\u0142owiekiem i dostrzec w nim swego brata lub siostr\u0119. Dzi\u0119kuj\u0119 Panu Bogu za dni sp\u0119dzone w Bieszczadach (30 czerwca &#8211; 4 lipca). I tych, kt\u00f3rzy jeszcze nie podj\u0119li decyzji, zach\u0119cam: Bieszczady zapraszaj\u0105 i dostarcz\u0105 niezapomnianych prze\u017cy\u0107. We wtorek, 30 czerwca, wraz z ks. Darkiem, kt\u00f3ry przez kilka lat pos\u0142ugiwa\u0142 na Syberii, wyje\u017cd\u017camy w Bieszczady do Ustrzyk G\u00f3rnych. Po siedmiu godzinach podr\u00f3\u017cy samochodem (oko\u0142o 470 km z Wierzbna) jeste\u015bmy u celu. Mamy zakwaterowanie w domu rekolekcyjnym obok ko\u015bcio\u0142a pw. \u015bw. Anny. Po obiedzie idziemy na d\u0142u\u017cszy spacer, aby rozprostowa\u0107 nogi, szlakiem \u2026 <a class=\"continue-reading-link\" href=\"https:\/\/www.parafiawierzbno.com.pl\/?p=3465\">Czytaj dalej <span class=\"meta-nav\">&rarr; <\/span><\/a><\/p>\n","protected":false},"author":1,"featured_media":0,"comment_status":"closed","ping_status":"closed","sticky":false,"template":"","format":"standard","meta":{"ngg_post_thumbnail":0},"categories":[1],"tags":[],"_links":{"self":[{"href":"https:\/\/www.parafiawierzbno.com.pl\/index.php?rest_route=\/wp\/v2\/posts\/3465"}],"collection":[{"href":"https:\/\/www.parafiawierzbno.com.pl\/index.php?rest_route=\/wp\/v2\/posts"}],"about":[{"href":"https:\/\/www.parafiawierzbno.com.pl\/index.php?rest_route=\/wp\/v2\/types\/post"}],"author":[{"embeddable":true,"href":"https:\/\/www.parafiawierzbno.com.pl\/index.php?rest_route=\/wp\/v2\/users\/1"}],"replies":[{"embeddable":true,"href":"https:\/\/www.parafiawierzbno.com.pl\/index.php?rest_route=%2Fwp%2Fv2%2Fcomments&post=3465"}],"version-history":[{"count":4,"href":"https:\/\/www.parafiawierzbno.com.pl\/index.php?rest_route=\/wp\/v2\/posts\/3465\/revisions"}],"predecessor-version":[{"id":3473,"href":"https:\/\/www.parafiawierzbno.com.pl\/index.php?rest_route=\/wp\/v2\/posts\/3465\/revisions\/3473"}],"wp:attachment":[{"href":"https:\/\/www.parafiawierzbno.com.pl\/index.php?rest_route=%2Fwp%2Fv2%2Fmedia&parent=3465"}],"wp:term":[{"taxonomy":"category","embeddable":true,"href":"https:\/\/www.parafiawierzbno.com.pl\/index.php?rest_route=%2Fwp%2Fv2%2Fcategories&post=3465"},{"taxonomy":"post_tag","embeddable":true,"href":"https:\/\/www.parafiawierzbno.com.pl\/index.php?rest_route=%2Fwp%2Fv2%2Ftags&post=3465"}],"curies":[{"name":"wp","href":"https:\/\/api.w.org\/{rel}","templated":true}]}}