{"id":3561,"date":"2015-10-09T09:53:44","date_gmt":"2015-10-09T07:53:44","guid":{"rendered":"https:\/\/www.parafiawierzbno.com.pl\/?p=3561"},"modified":"2015-10-09T09:53:44","modified_gmt":"2015-10-09T07:53:44","slug":"rodzina-gora-ii-festyn-rodzinny-w-wierzbnie","status":"publish","type":"post","link":"https:\/\/www.parafiawierzbno.com.pl\/?p=3561","title":{"rendered":"\u201eRodzina g\u00f3r\u0105!\u201d \u2013 II Festyn Rodzinny w Wierzbnie"},"content":{"rendered":"<p><b><a href=\"https:\/\/www.parafiawierzbno.com.pl\/wp-content\/uploads\/2015\/10\/IMG_6094_zmie\u0144-rozmiar.jpg\"><img loading=\"lazy\" class=\"size-medium wp-image-3564 alignleft\" alt=\"IMG_6094_zmie\u0144 rozmiar\" src=\"https:\/\/www.parafiawierzbno.com.pl\/wp-content\/uploads\/2015\/10\/IMG_6094_zmie\u0144-rozmiar-300x199.jpg\" width=\"300\" height=\"199\" srcset=\"https:\/\/www.parafiawierzbno.com.pl\/wp-content\/uploads\/2015\/10\/IMG_6094_zmie\u0144-rozmiar-300x199.jpg 300w, https:\/\/www.parafiawierzbno.com.pl\/wp-content\/uploads\/2015\/10\/IMG_6094_zmie\u0144-rozmiar-225x150.jpg 225w, https:\/\/www.parafiawierzbno.com.pl\/wp-content\/uploads\/2015\/10\/IMG_6094_zmie\u0144-rozmiar-150x99.jpg 150w, https:\/\/www.parafiawierzbno.com.pl\/wp-content\/uploads\/2015\/10\/IMG_6094_zmie\u0144-rozmiar.jpg 800w\" sizes=\"(max-width: 300px) 100vw, 300px\" \/><\/a>\u201eRodzina g\u00f3r\u0105!\u201d <\/b>Dnia 20 wrze\u015bnia, podobnie jak w roku ubieg\u0142ym, zosta\u0142 zorganizowany w Wierzbnie Festyn Rodzinny. G\u0142\u00f3wnym organizatorem by\u0142 Zesp\u00f3\u0142 Szk\u00f3\u0142 w Wierzbnie, przy zaanga\u017cowaniu parafii, OSP w Wierzbnie i Urz\u0119du Gminy. Celem festynu jest promowanie niezast\u0105pionej roli rodziny jako podstawowej wsp\u00f3lnoty; budowanie rodzinnych, \u017cyczliwych relacji w naszym \u015brodowisku i pozyskiwanie funduszy na remont boiska szkolnego.<\/p>\n<p>Preludium dla ca\u0142ego festynu by\u0142 <b>bieg rodzinny<\/b>\u00a0 (trasa ok. 650 m) o p<a href=\"https:\/\/www.parafiawierzbno.com.pl\/wp-content\/uploads\/2015\/10\/IMG_6096_zmie\u0144-rozmiar.jpg\"><img loading=\"lazy\" class=\"size-medium wp-image-3565 alignright\" alt=\"IMG_6096_zmie\u0144 rozmiar\" src=\"https:\/\/www.parafiawierzbno.com.pl\/wp-content\/uploads\/2015\/10\/IMG_6096_zmie\u0144-rozmiar-300x199.jpg\" width=\"300\" height=\"199\" srcset=\"https:\/\/www.parafiawierzbno.com.pl\/wp-content\/uploads\/2015\/10\/IMG_6096_zmie\u0144-rozmiar-300x199.jpg 300w, https:\/\/www.parafiawierzbno.com.pl\/wp-content\/uploads\/2015\/10\/IMG_6096_zmie\u0144-rozmiar-225x150.jpg 225w, https:\/\/www.parafiawierzbno.com.pl\/wp-content\/uploads\/2015\/10\/IMG_6096_zmie\u0144-rozmiar-150x99.jpg 150w, https:\/\/www.parafiawierzbno.com.pl\/wp-content\/uploads\/2015\/10\/IMG_6096_zmie\u0144-rozmiar.jpg 800w\" sizes=\"(max-width: 300px) 100vw, 300px\" \/><\/a>uchar proboszcza. Po Mszy \u015bw. o godz. 11.00 wystartowali\u015bmy z parkingu przy ko\u015bciele, aby dobiec do mety na terenie boiska szkolnego. Zwyci\u0119\u017cy\u0142 Przemys\u0142aw Jachimowicz, drugie miejsce zaj\u0119li Ma\u0142gorzata i Micha\u0142 W\u0105sowscy, a trzecie rodzina Miklaszewskich.<\/p>\n<p>Na boisku szkolnym czeka\u0142o wiele atrakcji dla dzieci, m\u0142odzie\u017cy i doros\u0142ych: stoisko gastronomiczne ze swojskim jad\u0142em (krokiety, pierogi, pyszny bigos, swojska kie\u0142basa i kaszanka z grilla, przer\u00f3\u017cne ciasta, a do tego gor\u0105ca herbata i kawa oraz wata cukrowa); przeja\u017cd\u017cka na kucyku, dmuchana zje\u017cd\u017calnia, kule wodne, wystawa prac uczniowskich, ukazuj\u0105ca talenty drzemi\u0105ce w dzieciach, wystawy tw\u00f3rc\u00f3w ludowych i wiele innych.<\/p>\n<p>Pan <b>dyrektor Krzysztof Zarzycki<\/b> i pani <b>w\u00f3jt Hanna Kelleher<\/b> oficjalnie przywitali wszystkich zebranych go\u015bci, rodzic\u00f3w z dzie\u0107mi i przyjaci\u00f3\u0142 szko\u0142y, kt\u00f3rzy wspieraj\u0105 materialnie r\u00f3\u017cne szkolne inicjatywy. Ca\u0142\u0105 imprez\u0119 prowadzi\u0142 Andrzej K\u0105ca z Gr\u0119bkowa.<\/p>\n<p><a href=\"https:\/\/www.parafiawierzbno.com.pl\/wp-content\/uploads\/2015\/10\/IMG_6105_zmie\u0144-rozmiar.jpg\"><img loading=\"lazy\" class=\"size-medium wp-image-3567 alignleft\" alt=\"IMG_6105_zmie\u0144 rozmiar\" src=\"https:\/\/www.parafiawierzbno.com.pl\/wp-content\/uploads\/2015\/10\/IMG_6105_zmie\u0144-rozmiar-300x199.jpg\" width=\"300\" height=\"199\" srcset=\"https:\/\/www.parafiawierzbno.com.pl\/wp-content\/uploads\/2015\/10\/IMG_6105_zmie\u0144-rozmiar-300x199.jpg 300w, https:\/\/www.parafiawierzbno.com.pl\/wp-content\/uploads\/2015\/10\/IMG_6105_zmie\u0144-rozmiar-225x150.jpg 225w, https:\/\/www.parafiawierzbno.com.pl\/wp-content\/uploads\/2015\/10\/IMG_6105_zmie\u0144-rozmiar-150x99.jpg 150w, https:\/\/www.parafiawierzbno.com.pl\/wp-content\/uploads\/2015\/10\/IMG_6105_zmie\u0144-rozmiar.jpg 800w\" sizes=\"(max-width: 300px) 100vw, 300px\" \/><\/a>Program artystyczny rozpocz\u0119\u0142y Natalia Replin i Anna Jaworowska piosenk\u0105: \u201eWszystkie drogi prowadz\u0105 do Wierzbna\u201d. Wspaniale zaprezentowali si\u0119 przedszkolaki wykonuj\u0105c ta\u0144ce ludowe. Wielki aplauz zdobyli rodzice, przedstawiaj\u0105cy bajk\u0119 o Czerwonym Kapturku. Z du\u017cym zainteresowaniem zosta\u0142y tak\u017ce przyj\u0119te scenki: \u201eDarcie pierza i kiszenie kapusty\u201d. M\u0142odzie\u017c gimnazjalna z wdzi\u0119kiem przybli\u017cy\u0142a nam staropolskie tradycje i zwyczaje, ju\u017c powszechnie zanikaj\u0105ce. Szczere podzi\u0119kowania nale\u017c\u0105 si\u0119 nauczycielom i wychowawcom za ca\u0142y trud przygotowania cz\u0119\u015bci artystycznej z dzie\u0107mi i m\u0142odzie\u017c\u0105.<\/p>\n<p>W dalszej cz\u0119\u015bci programu by\u0142 konkurs o tytu\u0142 \u201e<b>super so\u0142tysa\u201d<\/b> Gminy Wierzbno. Do rywalizacji w r\u00f3\u017cnych konkurencjach stan\u0119\u0142o 12 so\u0142tys\u00f3w. Puchar w\u00f3jta gminy i tytu\u0142 super so\u0142tysa zdoby\u0142 Zbigniew Szatkowski z Jaworka. Pi\u0119knie zaprezentowa\u0142a si\u0119 schola parafialna pod kierunkiem p. Anety Miklaszewskiej. W trakcie tego koncertu zosta\u0142a przeprowadzona aukcja, m.in. obrazu namalowanego przez p. w\u00f3jt Hann\u0119 Kelleher, tortu, ikony Matki Bo\u017cej bolesnej i koszulki reprezentacji Polski w pi\u0142k\u0119 no\u017cn\u0105. Doch\u00f3d z tej licytacji zosta\u0142 przeznaczony na renowacj\u0119 boiska szkolnego. Pomimo si\u0105pi\u0105cego deszczu wiele os\u00f3b z rado\u015bci\u0105 wys\u0142ucha\u0142o pie\u015bni wykonane przez zesp\u00f3\u0142 \u201eJaworki\u201d, a tak\u017ce \u201eMariolk\u0119\u201d w wykonaniu Dawida Jaworowskiego.<a href=\"https:\/\/www.parafiawierzbno.com.pl\/wp-content\/uploads\/2015\/10\/IMG_6100_zmie\u0144-rozmiar.jpg\"><img loading=\"lazy\" class=\"size-medium wp-image-3566 alignright\" alt=\"IMG_6100_zmie\u0144 rozmiar\" src=\"https:\/\/www.parafiawierzbno.com.pl\/wp-content\/uploads\/2015\/10\/IMG_6100_zmie\u0144-rozmiar-300x199.jpg\" width=\"300\" height=\"199\" srcset=\"https:\/\/www.parafiawierzbno.com.pl\/wp-content\/uploads\/2015\/10\/IMG_6100_zmie\u0144-rozmiar-300x199.jpg 300w, https:\/\/www.parafiawierzbno.com.pl\/wp-content\/uploads\/2015\/10\/IMG_6100_zmie\u0144-rozmiar-225x150.jpg 225w, https:\/\/www.parafiawierzbno.com.pl\/wp-content\/uploads\/2015\/10\/IMG_6100_zmie\u0144-rozmiar-150x99.jpg 150w, https:\/\/www.parafiawierzbno.com.pl\/wp-content\/uploads\/2015\/10\/IMG_6100_zmie\u0144-rozmiar.jpg 800w\" sizes=\"(max-width: 300px) 100vw, 300px\" \/><\/a><\/p>\n<p>W trakcie wyst\u0119p\u00f3w w jednym z namiot\u00f3w by\u0142a rozgrywana loteria fantowa, gdzie ka\u017cdy los wygrywa\u0142. Z serca dzi\u0119kuj\u0119 wszystkim za przyniesione fanty i radosne zaanga\u017cowanie. Opr\u00f3cz tego absolwentki gimnazjum rozprowadza\u0142y bilety na <b>\u201eLos szcz\u0119\u015bcia\u201d.<\/b> I ten, do kogo u\u015bmiechnie si\u0119 szcz\u0119\u015bcie, m\u00f3g\u0142 za 10 z\u0142 wygra\u0107: telewizor albo kuchenk\u0119 mikrofalow\u0105 lub dw\u00f3ch pi\u0119knych je\u017cy wykonanych z siana. Na boisku szkolnym m\u0142odzie\u017c z MOWu w Jaworku rozegra\u0142a mecz w pi\u0142k\u0119 no\u017cn\u0105\u00a0 z uczniami naszego gimnazjum. Wierzbno zosta\u0142o rozgromione: 13-0. Ju\u017c pod wiecz\u00f3r stra\u017cacy z OSP Wierzbno i OSP Gr\u0119bk\u00f3w zademonstrowali pokaz gaszenia p\u0142on\u0105cego auta i udzielania pierwszej pomocy poszkodowanym.<\/p>\n<p>Wieczorem zabawa taneczna. <b>Zesp\u00f3\u0142 Diverse<\/b> z Gr\u0119bkowa przygrywa\u0142, a wiele os\u00f3b posz\u0142o w tany. Atrakcj\u0105 wieczoru by\u0142 pokaz sztucznych ogni, kt\u00f3ry zostawi\u0142 niezapomniane wra\u017cenia w sercach zgromadzonych.<\/p>\n<p>Z ca\u0142ego serca wyra\u017cam podzi\u0119kowanie wszystkim, kto pom\u00f3g\u0142 w organizacji festynu i ka\u017cdemu, kto skorzysta\u0142 z zaproszenia do wsp\u00f3lnej zabawy.<\/p>\n<p style=\"text-align: right;\"><i>Z wdzi\u0119czno\u015bci\u0105 \u2013 ks. Kazimierz.<\/i><\/p>\n","protected":false},"excerpt":{"rendered":"<p>\u201eRodzina g\u00f3r\u0105!\u201d Dnia 20 wrze\u015bnia, podobnie jak w roku ubieg\u0142ym, zosta\u0142 zorganizowany w Wierzbnie Festyn Rodzinny. G\u0142\u00f3wnym organizatorem by\u0142 Zesp\u00f3\u0142 Szk\u00f3\u0142 w Wierzbnie, przy zaanga\u017cowaniu parafii, OSP w Wierzbnie i Urz\u0119du Gminy. Celem festynu jest promowanie niezast\u0105pionej roli rodziny jako podstawowej wsp\u00f3lnoty; budowanie rodzinnych, \u017cyczliwych relacji w naszym \u015brodowisku i pozyskiwanie funduszy na remont boiska szkolnego. Preludium dla ca\u0142ego festynu by\u0142 bieg rodzinny\u00a0 (trasa ok. 650 m) o puchar proboszcza. Po Mszy \u015bw. o godz. 11.00 wystartowali\u015bmy z parkingu przy ko\u015bciele, aby dobiec do mety na terenie boiska szkolnego. Zwyci\u0119\u017cy\u0142 Przemys\u0142aw Jachimowicz, drugie miejsce zaj\u0119li Ma\u0142gorzata i Micha\u0142 W\u0105sowscy, a trzecie rodzina Miklaszewskich. Na boisku szkolnym czeka\u0142o wiele atrakcji dla dzieci, m\u0142odzie\u017cy i doros\u0142ych: stoisko gastronomiczne ze swojskim jad\u0142em (krokiety, pierogi, pyszny bigos, swojska kie\u0142basa i kaszanka z grilla, przer\u00f3\u017cne ciasta, a do tego gor\u0105ca herbata i kawa oraz wata cukrowa); przeja\u017cd\u017cka na kucyku, dmuchana zje\u017cd\u017calnia, kule wodne, wystawa prac \u2026 <a class=\"continue-reading-link\" href=\"https:\/\/www.parafiawierzbno.com.pl\/?p=3561\">Czytaj dalej <span class=\"meta-nav\">&rarr; <\/span><\/a><\/p>\n","protected":false},"author":1,"featured_media":0,"comment_status":"closed","ping_status":"closed","sticky":false,"template":"","format":"standard","meta":{"ngg_post_thumbnail":0},"categories":[1],"tags":[],"_links":{"self":[{"href":"https:\/\/www.parafiawierzbno.com.pl\/index.php?rest_route=\/wp\/v2\/posts\/3561"}],"collection":[{"href":"https:\/\/www.parafiawierzbno.com.pl\/index.php?rest_route=\/wp\/v2\/posts"}],"about":[{"href":"https:\/\/www.parafiawierzbno.com.pl\/index.php?rest_route=\/wp\/v2\/types\/post"}],"author":[{"embeddable":true,"href":"https:\/\/www.parafiawierzbno.com.pl\/index.php?rest_route=\/wp\/v2\/users\/1"}],"replies":[{"embeddable":true,"href":"https:\/\/www.parafiawierzbno.com.pl\/index.php?rest_route=%2Fwp%2Fv2%2Fcomments&post=3561"}],"version-history":[{"count":4,"href":"https:\/\/www.parafiawierzbno.com.pl\/index.php?rest_route=\/wp\/v2\/posts\/3561\/revisions"}],"predecessor-version":[{"id":3569,"href":"https:\/\/www.parafiawierzbno.com.pl\/index.php?rest_route=\/wp\/v2\/posts\/3561\/revisions\/3569"}],"wp:attachment":[{"href":"https:\/\/www.parafiawierzbno.com.pl\/index.php?rest_route=%2Fwp%2Fv2%2Fmedia&parent=3561"}],"wp:term":[{"taxonomy":"category","embeddable":true,"href":"https:\/\/www.parafiawierzbno.com.pl\/index.php?rest_route=%2Fwp%2Fv2%2Fcategories&post=3561"},{"taxonomy":"post_tag","embeddable":true,"href":"https:\/\/www.parafiawierzbno.com.pl\/index.php?rest_route=%2Fwp%2Fv2%2Ftags&post=3561"}],"curies":[{"name":"wp","href":"https:\/\/api.w.org\/{rel}","templated":true}]}}