{"id":3583,"date":"2015-11-04T01:19:50","date_gmt":"2015-11-04T00:19:50","guid":{"rendered":"https:\/\/www.parafiawierzbno.com.pl\/?p=3583"},"modified":"2015-11-04T01:19:50","modified_gmt":"2015-11-04T00:19:50","slug":"21-23-pazdziernika-wyprawa-z-mlodzieza-w-bieszczady","status":"publish","type":"post","link":"https:\/\/www.parafiawierzbno.com.pl\/?p=3583","title":{"rendered":"21 &#8211; 23 pa\u017adziernika:  Wyprawa z m\u0142odzie\u017c\u0105 w Bieszczady"},"content":{"rendered":"<p>My\u015bl o wyje\u017adzie m\u0142odzie\u017cy w Bieszczady d\u0142ugo dojrzewa\u0142a w moim sercu: aby pokaza\u0107 im pi\u0119kno g\u00f3r, blisko\u015b\u0107 i wielko\u015b\u0107 Pana Boga oraz zach\u0119ci\u0107 m\u0142odych do wysi\u0142ku przezwyci\u0119\u017cania samego siebie i kszta\u0142towania silnej woli. \u00a0Dodatkowym impulsem by\u0142o du\u017ce zaanga\u017cowanie si\u0119 m\u0142odzie\u017cy gimnazjalnej w przygotowanie II Festynu Rodzinnego w Wierzbnie.<\/p>\n<p>Licz\u0105c, \u017ce Pan B\u00f3g da nam pi\u0119kn\u0105 jesienn\u0105 pogod\u0119, wyruszamy wraz <a href=\"https:\/\/www.parafiawierzbno.com.pl\/wp-content\/uploads\/2015\/11\/1_zmie\u0144-rozmiar.jpg\"><img loading=\"lazy\" class=\"size-medium wp-image-3586 alignright\" alt=\"1_zmie\u0144 rozmiar\" src=\"https:\/\/www.parafiawierzbno.com.pl\/wp-content\/uploads\/2015\/11\/1_zmie\u0144-rozmiar-300x199.jpg\" width=\"300\" height=\"199\" srcset=\"https:\/\/www.parafiawierzbno.com.pl\/wp-content\/uploads\/2015\/11\/1_zmie\u0144-rozmiar-300x199.jpg 300w, https:\/\/www.parafiawierzbno.com.pl\/wp-content\/uploads\/2015\/11\/1_zmie\u0144-rozmiar-225x150.jpg 225w, https:\/\/www.parafiawierzbno.com.pl\/wp-content\/uploads\/2015\/11\/1_zmie\u0144-rozmiar-150x99.jpg 150w, https:\/\/www.parafiawierzbno.com.pl\/wp-content\/uploads\/2015\/11\/1_zmie\u0144-rozmiar.jpg 800w\" sizes=\"(max-width: 300px) 100vw, 300px\" \/><\/a>z p. El\u017cbiet\u0105 W\u0105sowsk\u0105 i Marlen\u0105 Gorczyc\u0105, jako opiekunami, w grupie 23 radosnych os\u00f3b. W \u015brod\u0119 zwiedzamy<strong> <\/strong><strong>jeden z najpi\u0119kniejszych skarb\u00f3w architektury renesansow<\/strong><strong>o-manierystycznej w Europie &#8211;<\/strong> <b>zamek w <\/b><b>Krasiczynie<\/b>, kt\u00f3ry zosta\u0142 zbudowany na prze\u0142omie XVI i XVII wieku.<\/p>\n<p>A potem wszyscy z podziwem s\u0142uchamy przewodnika i ogl\u0105damy obiekty\u00a0 <b>Elektrowni Solina<\/b> nale\u017c\u0105cej do Zespo\u0142u Elektrowni Wodnych Solina &#8211; Myczkowce na rzece San. Solina jest jedn\u0105 z najwi\u0119kszych elektrowni szczytowo-pompowych na dop\u0142ywie naturalnym. G\u00f3rny jej zbiornik tworzy najwi\u0119ksze w Polsce sztuczne jezioro. Juz przed 17.00 docieramy do Ustrzyk G\u00f3rnych, gdzie mamy zakwaterowanie Archidiecezjalnym \u00a0Domu Pielgrzyma, w kt\u00f3rym byli\u015bmy zakwaterowani. Uczestniczymy w miejscowym ko\u015bciele we Mszy \u015bwi\u0119tej i mamy mo\u017cliwo\u015b\u0107 uca\u0142owania\u00a0 relikwii krwi\u00a0 \u015bw. Jana Paw\u0142a II.<\/p>\n<p>Nast\u0119pnego dnia podczas wspinaczki podziwiamy pi\u0119kno g\u00f3r, w dobrych humorach zdobywamy <b>Po\u0142onin\u0119 Wetli\u0144s<\/b><a href=\"https:\/\/www.parafiawierzbno.com.pl\/wp-content\/uploads\/2015\/11\/2_zmie\u0144-rozmiar.jpg\"><img loading=\"lazy\" class=\"size-medium wp-image-3587 alignleft\" alt=\"2_zmie\u0144 rozmiar\" src=\"https:\/\/www.parafiawierzbno.com.pl\/wp-content\/uploads\/2015\/11\/2_zmie\u0144-rozmiar-300x199.jpg\" width=\"300\" height=\"199\" srcset=\"https:\/\/www.parafiawierzbno.com.pl\/wp-content\/uploads\/2015\/11\/2_zmie\u0144-rozmiar-300x199.jpg 300w, https:\/\/www.parafiawierzbno.com.pl\/wp-content\/uploads\/2015\/11\/2_zmie\u0144-rozmiar-225x150.jpg 225w, https:\/\/www.parafiawierzbno.com.pl\/wp-content\/uploads\/2015\/11\/2_zmie\u0144-rozmiar-150x99.jpg 150w, https:\/\/www.parafiawierzbno.com.pl\/wp-content\/uploads\/2015\/11\/2_zmie\u0144-rozmiar.jpg 800w\" sizes=\"(max-width: 300px) 100vw, 300px\" \/><\/a><b>k\u0105<\/b> i odpoczywamy w schronisku, kt\u00f3re nosi nazw\u0119 Chatka Puchatka. Schronisko na Po\u0142oninie Wetli\u0144skiej jest jedynym tak naprawd\u0119 g\u00f3rskim schroniskiem w Bieszczadach, pozosta\u0142e znajduj\u0105 si\u0119 w dolinach. Znajduje si\u0119 ono na wysoko\u015bci 1228 m n.p.m.<\/p>\n<p>Po zej\u015bciu do Wetliny udajemy si\u0119 na mobilny spacer Ma\u0142\u0105 P\u0119tl\u0105 Bieszczadzk\u0105, mo\u017cemy zobaczy\u0107 zabytkowe cerkwie w Chmielu i Smolniku oraz wys\u0142ucha\u0107 regionalnych historii i ciekawostek. Wieczorem tego dnia czeka nas ognisko i du\u017co wra\u017ce\u0144.<\/p>\n<p>Ostatniego dnia, juz w drodze powrotnej do Wierzbna odwiedzamy\u00a0 osadzone na szczycie <a href=\"https:\/\/www.parafiawierzbno.com.pl\/wp-content\/uploads\/2015\/11\/4_zmie\u0144-rozmiar.jpg\"><img loading=\"lazy\" class=\"size-medium wp-image-3589 alignright\" alt=\"4_zmie\u0144 rozmiar\" src=\"https:\/\/www.parafiawierzbno.com.pl\/wp-content\/uploads\/2015\/11\/4_zmie\u0144-rozmiar-300x225.jpg\" width=\"300\" height=\"225\" srcset=\"https:\/\/www.parafiawierzbno.com.pl\/wp-content\/uploads\/2015\/11\/4_zmie\u0144-rozmiar-300x225.jpg 300w, https:\/\/www.parafiawierzbno.com.pl\/wp-content\/uploads\/2015\/11\/4_zmie\u0144-rozmiar-199x150.jpg 199w, https:\/\/www.parafiawierzbno.com.pl\/wp-content\/uploads\/2015\/11\/4_zmie\u0144-rozmiar-150x112.jpg 150w, https:\/\/www.parafiawierzbno.com.pl\/wp-content\/uploads\/2015\/11\/4_zmie\u0144-rozmiar.jpg 797w\" sizes=\"(max-width: 300px) 100vw, 300px\" \/><\/a>wzg\u00f3rza <b>Sanktuarium M\u0119ki Pa\u0144skiej w Kalwarii Pac\u0142awskiej<\/b>, gdzie uczestniczymy we Mszy \u015bw. i\u00a0 jeden z ojc\u00f3w franciszkan\u00f3w opowiada nam o tym pi\u0119knym miejscu.\u00a0 Przed cudownym wizerunkiem Matki Bo\u017cej \u201ecierpliwie s\u0142uchaj\u0105cej\u201d modlili si\u0119 wielcy Polacy: m.in. Stanis\u0142aw \u017b\u00f3\u0142kiewski, Stefan Czarniecki, Jarema Wi\u015bniowiecki,\u00a0 kr\u00f3l Jan Kazimierz czy Jan III Sobieski. Pe\u0142ni wra\u017ce\u0144 wracamy do Wierzbna.<\/p>\n<p style=\"text-align: right;\"><a href=\"https:\/\/www.parafiawierzbno.com.pl\/wp-content\/uploads\/2015\/11\/3_zmie\u0144-rozmiar.jpg\"><img loading=\"lazy\" class=\"alignnone size-full wp-image-3588\" alt=\"3_zmie\u0144 rozmiar\" src=\"https:\/\/www.parafiawierzbno.com.pl\/wp-content\/uploads\/2015\/11\/3_zmie\u0144-rozmiar.jpg\" width=\"798\" height=\"600\" srcset=\"https:\/\/www.parafiawierzbno.com.pl\/wp-content\/uploads\/2015\/11\/3_zmie\u0144-rozmiar.jpg 798w, https:\/\/www.parafiawierzbno.com.pl\/wp-content\/uploads\/2015\/11\/3_zmie\u0144-rozmiar-300x225.jpg 300w, https:\/\/www.parafiawierzbno.com.pl\/wp-content\/uploads\/2015\/11\/3_zmie\u0144-rozmiar-199x150.jpg 199w, https:\/\/www.parafiawierzbno.com.pl\/wp-content\/uploads\/2015\/11\/3_zmie\u0144-rozmiar-150x112.jpg 150w\" sizes=\"(max-width: 798px) 100vw, 798px\" \/><\/a>Chwa\u0142a Bogu za ten pi\u0119kny czas&#8230; <i>ks. Kazimierz.<\/i><\/p>\n","protected":false},"excerpt":{"rendered":"<p>My\u015bl o wyje\u017adzie m\u0142odzie\u017cy w Bieszczady d\u0142ugo dojrzewa\u0142a w moim sercu: aby pokaza\u0107 im pi\u0119kno g\u00f3r, blisko\u015b\u0107 i wielko\u015b\u0107 Pana Boga oraz zach\u0119ci\u0107 m\u0142odych do wysi\u0142ku przezwyci\u0119\u017cania samego siebie i kszta\u0142towania silnej woli. \u00a0Dodatkowym impulsem by\u0142o du\u017ce zaanga\u017cowanie si\u0119 m\u0142odzie\u017cy gimnazjalnej w przygotowanie II Festynu Rodzinnego w Wierzbnie. Licz\u0105c, \u017ce Pan B\u00f3g da nam pi\u0119kn\u0105 jesienn\u0105 pogod\u0119, wyruszamy wraz z p. El\u017cbiet\u0105 W\u0105sowsk\u0105 i Marlen\u0105 Gorczyc\u0105, jako opiekunami, w grupie 23 radosnych os\u00f3b. W \u015brod\u0119 zwiedzamy jeden z najpi\u0119kniejszych skarb\u00f3w architektury renesansowo-manierystycznej w Europie &#8211; zamek w Krasiczynie, kt\u00f3ry zosta\u0142 zbudowany na prze\u0142omie XVI i XVII wieku. A potem wszyscy z podziwem s\u0142uchamy przewodnika i ogl\u0105damy obiekty\u00a0 Elektrowni Solina nale\u017c\u0105cej do Zespo\u0142u Elektrowni Wodnych Solina &#8211; Myczkowce na rzece San. Solina jest jedn\u0105 z najwi\u0119kszych elektrowni szczytowo-pompowych na dop\u0142ywie naturalnym. G\u00f3rny jej zbiornik tworzy najwi\u0119ksze w Polsce sztuczne jezioro. Juz przed 17.00 docieramy do Ustrzyk G\u00f3rnych, gdzie mamy zakwaterowanie Archidiecezjalnym \u2026 <a class=\"continue-reading-link\" href=\"https:\/\/www.parafiawierzbno.com.pl\/?p=3583\">Czytaj dalej <span class=\"meta-nav\">&rarr; <\/span><\/a><\/p>\n","protected":false},"author":1,"featured_media":0,"comment_status":"closed","ping_status":"closed","sticky":false,"template":"","format":"standard","meta":{"ngg_post_thumbnail":0},"categories":[1],"tags":[],"_links":{"self":[{"href":"https:\/\/www.parafiawierzbno.com.pl\/index.php?rest_route=\/wp\/v2\/posts\/3583"}],"collection":[{"href":"https:\/\/www.parafiawierzbno.com.pl\/index.php?rest_route=\/wp\/v2\/posts"}],"about":[{"href":"https:\/\/www.parafiawierzbno.com.pl\/index.php?rest_route=\/wp\/v2\/types\/post"}],"author":[{"embeddable":true,"href":"https:\/\/www.parafiawierzbno.com.pl\/index.php?rest_route=\/wp\/v2\/users\/1"}],"replies":[{"embeddable":true,"href":"https:\/\/www.parafiawierzbno.com.pl\/index.php?rest_route=%2Fwp%2Fv2%2Fcomments&post=3583"}],"version-history":[{"count":4,"href":"https:\/\/www.parafiawierzbno.com.pl\/index.php?rest_route=\/wp\/v2\/posts\/3583\/revisions"}],"predecessor-version":[{"id":3591,"href":"https:\/\/www.parafiawierzbno.com.pl\/index.php?rest_route=\/wp\/v2\/posts\/3583\/revisions\/3591"}],"wp:attachment":[{"href":"https:\/\/www.parafiawierzbno.com.pl\/index.php?rest_route=%2Fwp%2Fv2%2Fmedia&parent=3583"}],"wp:term":[{"taxonomy":"category","embeddable":true,"href":"https:\/\/www.parafiawierzbno.com.pl\/index.php?rest_route=%2Fwp%2Fv2%2Fcategories&post=3583"},{"taxonomy":"post_tag","embeddable":true,"href":"https:\/\/www.parafiawierzbno.com.pl\/index.php?rest_route=%2Fwp%2Fv2%2Ftags&post=3583"}],"curies":[{"name":"wp","href":"https:\/\/api.w.org\/{rel}","templated":true}]}}