{"id":3592,"date":"2015-11-04T09:06:16","date_gmt":"2015-11-04T08:06:16","guid":{"rendered":"https:\/\/www.parafiawierzbno.com.pl\/?p=3592"},"modified":"2015-11-04T21:20:10","modified_gmt":"2015-11-04T20:20:10","slug":"dzien-zaduszny-czas-refleksji-i-modlitwy-za-zmarlych","status":"publish","type":"post","link":"https:\/\/www.parafiawierzbno.com.pl\/?p=3592","title":{"rendered":"Czas refleksji i modlitwy za zmar\u0142ych&#8230;"},"content":{"rendered":"<p>Szanuj\u0105c pi\u0119kn\u0105 tradycj\u0119 modlitwy za zmar\u0142ych z czytaniem kartek wspominkowych informuj\u0119, \u017ce w listopadzie przede Msz\u0105 wieczorn\u0105 b\u0119dziemy poleca\u0107 Bo\u017cemu Mi\u0142osierdziu naszych zmar\u0142ych wg nast\u0119puj\u0105cego porz\u0105dku:<\/p>\n<p><b><i>&#8211; poniedzia\u0142ek<\/i><\/b>: zmarli z Jan\u00f3wka i Wygl\u0119d\u00f3wka,<\/p>\n<p><b><i>&#8211; wtorek<\/i><\/b>: zmarli z Sobonia,<\/p>\n<p>&#8211; <b><i>\u015broda:<\/i><\/b> zmarli z Jaworka,<\/p>\n<p>&#8211; <b><i>czwartek:<\/i><\/b> zmarli z Adamowa, \u015awidna, W\u00f3lki i kartki spoza parafii,<\/p>\n<p>&#8211; <b><i>pi\u0105tek:<\/i><\/b> zmarli z Cierpi\u0105t, Helenowa, Lasu Jaworskiego i kartki bez adresu,<\/p>\n<p>&#8211; <b><i>sobota:<\/i><\/b> zmarli z Wierzbna.<\/p>\n<p>W ka\u017cd\u0105 niedziel\u0119 tak\u017ce przed Eucharysti\u0105 b\u0119dziemy modli\u0107 si\u0119 za zmar\u0142ych, wypraszaj\u0105c dla nich wiecznie zbawienie.<\/p>\n<p align=\"center\"><b><i>Wieczny odpoczynek racz im da\u0107, Panie, a \u015bwiat\u0142o\u015b\u0107 wiekuista niechaj im \u015bwieci. Niech odpoczywaj\u0105 w pokoju wiecznym. Amen.<\/i><\/b><\/p>\n<p><a href=\"https:\/\/www.parafiawierzbno.com.pl\/wp-content\/uploads\/2015\/11\/IMG_6980_zmie\u0144-rozmiar.jpg\"><img loading=\"lazy\" class=\"alignnone size-full wp-image-3692\" alt=\"IMG_6980_zmie\u0144 rozmiar\" src=\"https:\/\/www.parafiawierzbno.com.pl\/wp-content\/uploads\/2015\/11\/IMG_6980_zmie\u0144-rozmiar.jpg\" width=\"800\" height=\"533\" srcset=\"https:\/\/www.parafiawierzbno.com.pl\/wp-content\/uploads\/2015\/11\/IMG_6980_zmie\u0144-rozmiar.jpg 800w, https:\/\/www.parafiawierzbno.com.pl\/wp-content\/uploads\/2015\/11\/IMG_6980_zmie\u0144-rozmiar-300x199.jpg 300w, https:\/\/www.parafiawierzbno.com.pl\/wp-content\/uploads\/2015\/11\/IMG_6980_zmie\u0144-rozmiar-225x150.jpg 225w, https:\/\/www.parafiawierzbno.com.pl\/wp-content\/uploads\/2015\/11\/IMG_6980_zmie\u0144-rozmiar-150x99.jpg 150w\" sizes=\"(max-width: 800px) 100vw, 800px\" \/><\/a><\/p>\n<p style=\"text-align: left;\"><a href=\"https:\/\/www.parafiawierzbno.com.pl\/index.php\/nggallery\/2014\/dzien-zaduszny-2015?page_id=248\">Zobacz galeri\u0119<\/a><\/p>\n","protected":false},"excerpt":{"rendered":"<p>Szanuj\u0105c pi\u0119kn\u0105 tradycj\u0119 modlitwy za zmar\u0142ych z czytaniem kartek wspominkowych informuj\u0119, \u017ce w listopadzie przede Msz\u0105 wieczorn\u0105 b\u0119dziemy poleca\u0107 Bo\u017cemu Mi\u0142osierdziu naszych zmar\u0142ych wg nast\u0119puj\u0105cego porz\u0105dku: &#8211; poniedzia\u0142ek: zmarli z Jan\u00f3wka i Wygl\u0119d\u00f3wka, &#8211; wtorek: zmarli z Sobonia, &#8211; \u015broda: zmarli z Jaworka, &#8211; czwartek: zmarli z Adamowa, \u015awidna, W\u00f3lki i kartki spoza parafii, &#8211; pi\u0105tek: zmarli z Cierpi\u0105t, Helenowa, Lasu Jaworskiego i kartki bez adresu, &#8211; sobota: zmarli z Wierzbna. W ka\u017cd\u0105 niedziel\u0119 tak\u017ce przed Eucharysti\u0105 b\u0119dziemy modli\u0107 si\u0119 za zmar\u0142ych, wypraszaj\u0105c dla nich wiecznie zbawienie. Wieczny odpoczynek racz im da\u0107, Panie, a \u015bwiat\u0142o\u015b\u0107 wiekuista niechaj im \u015bwieci. Niech odpoczywaj\u0105 w pokoju wiecznym. Amen. Zobacz galeri\u0119<\/p>\n","protected":false},"author":1,"featured_media":0,"comment_status":"closed","ping_status":"closed","sticky":false,"template":"","format":"standard","meta":{"ngg_post_thumbnail":0},"categories":[1],"tags":[],"_links":{"self":[{"href":"https:\/\/www.parafiawierzbno.com.pl\/index.php?rest_route=\/wp\/v2\/posts\/3592"}],"collection":[{"href":"https:\/\/www.parafiawierzbno.com.pl\/index.php?rest_route=\/wp\/v2\/posts"}],"about":[{"href":"https:\/\/www.parafiawierzbno.com.pl\/index.php?rest_route=\/wp\/v2\/types\/post"}],"author":[{"embeddable":true,"href":"https:\/\/www.parafiawierzbno.com.pl\/index.php?rest_route=\/wp\/v2\/users\/1"}],"replies":[{"embeddable":true,"href":"https:\/\/www.parafiawierzbno.com.pl\/index.php?rest_route=%2Fwp%2Fv2%2Fcomments&post=3592"}],"version-history":[{"count":10,"href":"https:\/\/www.parafiawierzbno.com.pl\/index.php?rest_route=\/wp\/v2\/posts\/3592\/revisions"}],"predecessor-version":[{"id":3701,"href":"https:\/\/www.parafiawierzbno.com.pl\/index.php?rest_route=\/wp\/v2\/posts\/3592\/revisions\/3701"}],"wp:attachment":[{"href":"https:\/\/www.parafiawierzbno.com.pl\/index.php?rest_route=%2Fwp%2Fv2%2Fmedia&parent=3592"}],"wp:term":[{"taxonomy":"category","embeddable":true,"href":"https:\/\/www.parafiawierzbno.com.pl\/index.php?rest_route=%2Fwp%2Fv2%2Fcategories&post=3592"},{"taxonomy":"post_tag","embeddable":true,"href":"https:\/\/www.parafiawierzbno.com.pl\/index.php?rest_route=%2Fwp%2Fv2%2Ftags&post=3592"}],"curies":[{"name":"wp","href":"https:\/\/api.w.org\/{rel}","templated":true}]}}