{"id":3702,"date":"2015-11-04T21:25:27","date_gmt":"2015-11-04T20:25:27","guid":{"rendered":"https:\/\/www.parafiawierzbno.com.pl\/?p=3702"},"modified":"2015-11-04T21:25:27","modified_gmt":"2015-11-04T20:25:27","slug":"podziekowanie-za-wzorowe-uczestnictwo-w-modlitwie-rozancowej","status":"publish","type":"post","link":"https:\/\/www.parafiawierzbno.com.pl\/?p=3702","title":{"rendered":"Podzi\u0119kowanie za wzorowe uczestnictwo w modlitwie r\u00f3\u017ca\u0144cowej"},"content":{"rendered":"<p><a href=\"https:\/\/www.parafiawierzbno.com.pl\/wp-content\/uploads\/2015\/11\/IMG_6941_zmie\u0144-rozmiar.jpg\"><img loading=\"lazy\" class=\"alignnone size-full wp-image-3704\" alt=\"IMG_6941_zmie\u0144 rozmiar\" src=\"https:\/\/www.parafiawierzbno.com.pl\/wp-content\/uploads\/2015\/11\/IMG_6941_zmie\u0144-rozmiar.jpg\" width=\"800\" height=\"533\" srcset=\"https:\/\/www.parafiawierzbno.com.pl\/wp-content\/uploads\/2015\/11\/IMG_6941_zmie\u0144-rozmiar.jpg 800w, https:\/\/www.parafiawierzbno.com.pl\/wp-content\/uploads\/2015\/11\/IMG_6941_zmie\u0144-rozmiar-300x199.jpg 300w, https:\/\/www.parafiawierzbno.com.pl\/wp-content\/uploads\/2015\/11\/IMG_6941_zmie\u0144-rozmiar-225x150.jpg 225w, https:\/\/www.parafiawierzbno.com.pl\/wp-content\/uploads\/2015\/11\/IMG_6941_zmie\u0144-rozmiar-150x99.jpg 150w\" sizes=\"(max-width: 800px) 100vw, 800px\" \/><\/a><\/p>\n<p>1 listopada dzieci naszej parafii (dziesi\u0119cioro najgorliwszych dzieci) zostali nagrodzeni pi\u0119knymi figurkami Anio\u0142\u00f3w za pilne uczestnictwo w Nabo\u017ce\u0144stwach R\u00f3\u017ca\u0144cowych. <b>Klaudia Chabiera<\/b> zdoby\u0142a I miejsce, modl\u0105c si\u0119 w pa\u017adzierniku w ko\u015bciele 30 razy na r\u00f3\u017ca\u0144cu.<\/p>\n<p>\u017bycz\u0119 wszystkim dzieciom, aby z rado\u015bci\u0105 przychodzi\u0142y w ka\u017cd\u0105 niedziel\u0119 na Eucharysti\u0119 i zawierzam Rodziny naszej parafii opiece Matki Naj\u015bwi\u0119tszej. Niech Maryja, Kr\u00f3lowa R\u00f3\u017ca\u0144ca \u015bw., wyprasza hojne \u0142aski i otacza nas p\u0142aszczem matczynej mi\u0142o\u015bci.<\/p>\n<p style=\"text-align: right;\"><i>Z modlitw\u0105 \u2013 ks. Kazimierz.<\/i><\/p>\n","protected":false},"excerpt":{"rendered":"<p>1 listopada dzieci naszej parafii (dziesi\u0119cioro najgorliwszych dzieci) zostali nagrodzeni pi\u0119knymi figurkami Anio\u0142\u00f3w za pilne uczestnictwo w Nabo\u017ce\u0144stwach R\u00f3\u017ca\u0144cowych. Klaudia Chabiera zdoby\u0142a I miejsce, modl\u0105c si\u0119 w pa\u017adzierniku w ko\u015bciele 30 razy na r\u00f3\u017ca\u0144cu. \u017bycz\u0119 wszystkim dzieciom, aby z rado\u015bci\u0105 przychodzi\u0142y w ka\u017cd\u0105 niedziel\u0119 na Eucharysti\u0119 i zawierzam Rodziny naszej parafii opiece Matki Naj\u015bwi\u0119tszej. Niech Maryja, Kr\u00f3lowa R\u00f3\u017ca\u0144ca \u015bw., wyprasza hojne \u0142aski i otacza nas p\u0142aszczem matczynej mi\u0142o\u015bci. Z modlitw\u0105 \u2013 ks. Kazimierz.<\/p>\n","protected":false},"author":1,"featured_media":0,"comment_status":"closed","ping_status":"closed","sticky":false,"template":"","format":"standard","meta":{"ngg_post_thumbnail":0},"categories":[1],"tags":[],"_links":{"self":[{"href":"https:\/\/www.parafiawierzbno.com.pl\/index.php?rest_route=\/wp\/v2\/posts\/3702"}],"collection":[{"href":"https:\/\/www.parafiawierzbno.com.pl\/index.php?rest_route=\/wp\/v2\/posts"}],"about":[{"href":"https:\/\/www.parafiawierzbno.com.pl\/index.php?rest_route=\/wp\/v2\/types\/post"}],"author":[{"embeddable":true,"href":"https:\/\/www.parafiawierzbno.com.pl\/index.php?rest_route=\/wp\/v2\/users\/1"}],"replies":[{"embeddable":true,"href":"https:\/\/www.parafiawierzbno.com.pl\/index.php?rest_route=%2Fwp%2Fv2%2Fcomments&post=3702"}],"version-history":[{"count":2,"href":"https:\/\/www.parafiawierzbno.com.pl\/index.php?rest_route=\/wp\/v2\/posts\/3702\/revisions"}],"predecessor-version":[{"id":3705,"href":"https:\/\/www.parafiawierzbno.com.pl\/index.php?rest_route=\/wp\/v2\/posts\/3702\/revisions\/3705"}],"wp:attachment":[{"href":"https:\/\/www.parafiawierzbno.com.pl\/index.php?rest_route=%2Fwp%2Fv2%2Fmedia&parent=3702"}],"wp:term":[{"taxonomy":"category","embeddable":true,"href":"https:\/\/www.parafiawierzbno.com.pl\/index.php?rest_route=%2Fwp%2Fv2%2Fcategories&post=3702"},{"taxonomy":"post_tag","embeddable":true,"href":"https:\/\/www.parafiawierzbno.com.pl\/index.php?rest_route=%2Fwp%2Fv2%2Ftags&post=3702"}],"curies":[{"name":"wp","href":"https:\/\/api.w.org\/{rel}","templated":true}]}}