{"id":3709,"date":"2015-11-17T06:26:30","date_gmt":"2015-11-17T05:26:30","guid":{"rendered":"https:\/\/www.parafiawierzbno.com.pl\/?p=3709"},"modified":"2015-11-17T06:26:30","modified_gmt":"2015-11-17T05:26:30","slug":"11-listopada-swieto-odzyskania-nieodleglosci","status":"publish","type":"post","link":"https:\/\/www.parafiawierzbno.com.pl\/?p=3709","title":{"rendered":"11 listopada  &#8211; \u015awi\u0119to Odzyskania Nieodleg\u0142o\u015bci"},"content":{"rendered":"<p><a href=\"https:\/\/www.parafiawierzbno.com.pl\/wp-content\/uploads\/2015\/11\/niepodleglosc2015_zmie\u0144-rozmiar.jpg\"><img loading=\"lazy\" class=\"size-medium wp-image-3713 alignleft\" alt=\"niepodleglosc2015_zmie\u0144 rozmiar\" src=\"https:\/\/www.parafiawierzbno.com.pl\/wp-content\/uploads\/2015\/11\/niepodleglosc2015_zmie\u0144-rozmiar-300x200.jpg\" width=\"300\" height=\"200\" srcset=\"https:\/\/www.parafiawierzbno.com.pl\/wp-content\/uploads\/2015\/11\/niepodleglosc2015_zmie\u0144-rozmiar-300x200.jpg 300w, https:\/\/www.parafiawierzbno.com.pl\/wp-content\/uploads\/2015\/11\/niepodleglosc2015_zmie\u0144-rozmiar-224x150.jpg 224w, https:\/\/www.parafiawierzbno.com.pl\/wp-content\/uploads\/2015\/11\/niepodleglosc2015_zmie\u0144-rozmiar-150x100.jpg 150w, https:\/\/www.parafiawierzbno.com.pl\/wp-content\/uploads\/2015\/11\/niepodleglosc2015_zmie\u0144-rozmiar.jpg 800w\" sizes=\"(max-width: 300px) 100vw, 300px\" \/><\/a>Podczas uroczystej Eucharystii o 9.00 dzi\u0119kowali\u015bmy Panu Bogu za dar wolno\u015bci i prosili\u015bmy o b\u0142ogos\u0142awie\u0144stwo dla naszej Ojczyzny, dla pana Prezydenta, dla Rz\u0105du i ka\u017cdej polskiej rodziny. Cieszy, \u017ce byli druhowie stra\u017cacy z pocztem sztandarowym, du\u017co parafian starszych i dzieci. Po Mszy \u015bw. uczniowie Zespo\u0142u Szk\u00f3\u0142 w Wierzbnie, pod kierunkiem p. Ma\u0142gorzaty W\u0105sowskiej, przedstawili bardzo wymowny monta\u017c s\u0142owno-muzyczny, przybli\u017caj\u0105cy d\u0105\u017cenie Polak\u00f3w ku wolno\u015bci. Na zako\u0144czenie uroczysto\u015bci wszyscy zebrani przeszli pod pomnik marsza\u0142ka J\u00f3zefa Pi\u0142sudskiego i tam zosta\u0142 od\u015bpiewany\u00a0 Hymn Polski i pie\u015b\u0144 \u201eLegiony\u201d.<\/p>\n<p>Wszystkim, kt\u00f3rzy maj\u0105 na sercu dobro Ojczyzny dedykuj\u0119 wiersz Jana Paw\u0142a II:<\/p>\n<h1 style=\"text-align: center;\">My\u015bl\u0105c Ojczyzna<\/h1>\n<p style=\"text-align: center;\"><i>Ojczyzna &#8211; kiedy my\u015bl\u0119 &#8211; w\u00f3wczas wyra\u017cam siebie i zakorzeniam,<br \/>\nM\u00f3wi mi o tym serce, jakby ukryta granica,<br \/>\nKt\u00f3ra ze mnie przebiega ku innym,<br \/>\nAby wszystkich ogarn\u0105\u0107 w przesz\u0142o\u015b\u0107 dawniejsz\u0105 ni\u017c ka\u017cdy z nas:<br \/>\nZ niej si\u0119 wy\u0142aniam&#8230;<br \/>\nGdy my\u015bl\u0119 Ojczyzna &#8211;<br \/>\nBy zamkn\u0105\u0107 j\u0105 w sobie jak skarb.<br \/>\nPytam wci\u0105\u017c, jak go pomno\u017cy\u0107,<br \/>\nJak poszerzy\u0107 t\u0119 przestrze\u0144,<br \/>\nKt\u00f3r\u0105 wype\u0142nia. <\/i><\/p>\n<p style=\"text-align: left;\"><a href=\"https:\/\/www.parafiawierzbno.com.pl\/wp-content\/uploads\/2015\/11\/niepodleglosc2015_2_zmie\u0144-rozmiar.jpg\"><img loading=\"lazy\" class=\"alignnone size-full wp-image-3712\" alt=\"niepodleglosc2015_2_zmie\u0144 rozmiar\" src=\"https:\/\/www.parafiawierzbno.com.pl\/wp-content\/uploads\/2015\/11\/niepodleglosc2015_2_zmie\u0144-rozmiar.jpg\" width=\"800\" height=\"535\" srcset=\"https:\/\/www.parafiawierzbno.com.pl\/wp-content\/uploads\/2015\/11\/niepodleglosc2015_2_zmie\u0144-rozmiar.jpg 800w, https:\/\/www.parafiawierzbno.com.pl\/wp-content\/uploads\/2015\/11\/niepodleglosc2015_2_zmie\u0144-rozmiar-300x200.jpg 300w, https:\/\/www.parafiawierzbno.com.pl\/wp-content\/uploads\/2015\/11\/niepodleglosc2015_2_zmie\u0144-rozmiar-224x150.jpg 224w, https:\/\/www.parafiawierzbno.com.pl\/wp-content\/uploads\/2015\/11\/niepodleglosc2015_2_zmie\u0144-rozmiar-150x100.jpg 150w\" sizes=\"(max-width: 800px) 100vw, 800px\" \/><\/a><\/p>\n","protected":false},"excerpt":{"rendered":"<p>Podczas uroczystej Eucharystii o 9.00 dzi\u0119kowali\u015bmy Panu Bogu za dar wolno\u015bci i prosili\u015bmy o b\u0142ogos\u0142awie\u0144stwo dla naszej Ojczyzny, dla pana Prezydenta, dla Rz\u0105du i ka\u017cdej polskiej rodziny. Cieszy, \u017ce byli druhowie stra\u017cacy z pocztem sztandarowym, du\u017co parafian starszych i dzieci. Po Mszy \u015bw. uczniowie Zespo\u0142u Szk\u00f3\u0142 w Wierzbnie, pod kierunkiem p. Ma\u0142gorzaty W\u0105sowskiej, przedstawili bardzo wymowny monta\u017c s\u0142owno-muzyczny, przybli\u017caj\u0105cy d\u0105\u017cenie Polak\u00f3w ku wolno\u015bci. Na zako\u0144czenie uroczysto\u015bci wszyscy zebrani przeszli pod pomnik marsza\u0142ka J\u00f3zefa Pi\u0142sudskiego i tam zosta\u0142 od\u015bpiewany\u00a0 Hymn Polski i pie\u015b\u0144 \u201eLegiony\u201d. Wszystkim, kt\u00f3rzy maj\u0105 na sercu dobro Ojczyzny dedykuj\u0119 wiersz Jana Paw\u0142a II: My\u015bl\u0105c Ojczyzna Ojczyzna &#8211; kiedy my\u015bl\u0119 &#8211; w\u00f3wczas wyra\u017cam siebie i zakorzeniam, M\u00f3wi mi o tym serce, jakby ukryta granica, Kt\u00f3ra ze mnie przebiega ku innym, Aby wszystkich ogarn\u0105\u0107 w przesz\u0142o\u015b\u0107 dawniejsz\u0105 ni\u017c ka\u017cdy z nas: Z niej si\u0119 wy\u0142aniam&#8230; Gdy my\u015bl\u0119 Ojczyzna &#8211; By zamkn\u0105\u0107 j\u0105 w sobie jak skarb. Pytam wci\u0105\u017c, jak go \u2026 <a class=\"continue-reading-link\" href=\"https:\/\/www.parafiawierzbno.com.pl\/?p=3709\">Czytaj dalej <span class=\"meta-nav\">&rarr; <\/span><\/a><\/p>\n","protected":false},"author":1,"featured_media":0,"comment_status":"closed","ping_status":"closed","sticky":false,"template":"","format":"standard","meta":{"ngg_post_thumbnail":0},"categories":[1],"tags":[],"_links":{"self":[{"href":"https:\/\/www.parafiawierzbno.com.pl\/index.php?rest_route=\/wp\/v2\/posts\/3709"}],"collection":[{"href":"https:\/\/www.parafiawierzbno.com.pl\/index.php?rest_route=\/wp\/v2\/posts"}],"about":[{"href":"https:\/\/www.parafiawierzbno.com.pl\/index.php?rest_route=\/wp\/v2\/types\/post"}],"author":[{"embeddable":true,"href":"https:\/\/www.parafiawierzbno.com.pl\/index.php?rest_route=\/wp\/v2\/users\/1"}],"replies":[{"embeddable":true,"href":"https:\/\/www.parafiawierzbno.com.pl\/index.php?rest_route=%2Fwp%2Fv2%2Fcomments&post=3709"}],"version-history":[{"count":4,"href":"https:\/\/www.parafiawierzbno.com.pl\/index.php?rest_route=\/wp\/v2\/posts\/3709\/revisions"}],"predecessor-version":[{"id":3715,"href":"https:\/\/www.parafiawierzbno.com.pl\/index.php?rest_route=\/wp\/v2\/posts\/3709\/revisions\/3715"}],"wp:attachment":[{"href":"https:\/\/www.parafiawierzbno.com.pl\/index.php?rest_route=%2Fwp%2Fv2%2Fmedia&parent=3709"}],"wp:term":[{"taxonomy":"category","embeddable":true,"href":"https:\/\/www.parafiawierzbno.com.pl\/index.php?rest_route=%2Fwp%2Fv2%2Fcategories&post=3709"},{"taxonomy":"post_tag","embeddable":true,"href":"https:\/\/www.parafiawierzbno.com.pl\/index.php?rest_route=%2Fwp%2Fv2%2Ftags&post=3709"}],"curies":[{"name":"wp","href":"https:\/\/api.w.org\/{rel}","templated":true}]}}