{"id":3740,"date":"2015-12-24T12:06:19","date_gmt":"2015-12-24T11:06:19","guid":{"rendered":"https:\/\/www.parafiawierzbno.com.pl\/?p=3740"},"modified":"2015-12-24T12:06:19","modified_gmt":"2015-12-24T11:06:19","slug":"boze-narodzenie-a-d-2015","status":"publish","type":"post","link":"https:\/\/www.parafiawierzbno.com.pl\/?p=3740","title":{"rendered":"Bo\u017ce Narodzenie A.D. 2015"},"content":{"rendered":"<p><i><a href=\"https:\/\/www.parafiawierzbno.com.pl\/wp-content\/uploads\/2015\/12\/Nowy-1.jpg\"><img loading=\"lazy\" class=\" wp-image-3742 alignleft\" alt=\"Nowy-1\" src=\"https:\/\/www.parafiawierzbno.com.pl\/wp-content\/uploads\/2015\/12\/Nowy-1-300x224.jpg\" width=\"313\" height=\"233\" srcset=\"https:\/\/www.parafiawierzbno.com.pl\/wp-content\/uploads\/2015\/12\/Nowy-1-300x224.jpg 300w, https:\/\/www.parafiawierzbno.com.pl\/wp-content\/uploads\/2015\/12\/Nowy-1-200x150.jpg 200w, https:\/\/www.parafiawierzbno.com.pl\/wp-content\/uploads\/2015\/12\/Nowy-1-150x112.jpg 150w, https:\/\/www.parafiawierzbno.com.pl\/wp-content\/uploads\/2015\/12\/Nowy-1.jpg 364w\" sizes=\"(max-width: 313px) 100vw, 313px\" \/><\/a>Do naszych serc do wszystkich serc u\u015bpionych<\/i><i><br \/>\nDzi\u015b zabrzmia\u0142 dzwon, ju\u017c cz\u0142owiek obudzony.<br \/>\nBo nadszed\u0142 czas i dzieci\u0119 si\u0119 zrodzi\u0142o.<br \/>\nA\u00a0<\/i><i>razem<\/i><i> <\/i><i>z Nim, male\u0144ka przysz\u0142a mi\u0142o\u015b\u0107.<\/i><\/p>\n<p><i>Male\u0144ka<\/i><i>\u00a0<\/i><i>mi\u0142o\u015b\u0107 w \u017c\u0142obie \u015bpi,<\/i><i><br \/>\nMale\u0144ka Mi\u0142o\u015b\u0107 przy Matce \u015awi\u0119tej.<br \/>\nDzi\u015b cala ziemia i niebo l\u015bni<br \/>\ndla tej Mi\u0142o\u015bci male\u0144kiej.<\/i><\/p>\n<h2 align=\"center\"><span style=\"color: #ff0000;\"><b>Drodzy Parafianie i Szanowni Go\u015bcie!<\/b><\/span><\/h2>\n<p>W czasie Adwentu na Roratach, wpatruj\u0105c si\u0119 w Niepokalan\u0105 Maryj\u0119, rozwa\u017cali\u015bmy hymn: <i>\u201eWielbi dusza moja Pana\u201d (\u0141k 1, 46)<\/i> i uczyli\u015bmy si\u0119 uwielbia\u0107 Ojca w niebie za bezmiar Jego \u0142ask. Dzi\u0119ki rekolekcjom adwentowym jeszcze bardziej otworzyli\u015bmy si\u0119 na mi\u0142o\u015b\u0107 Boga i Jego wol\u0119, aby\u00a0 z rado\u015bci\u0105 zaprosi\u0107 Nowonarodzonego Zbawiciela do naszych dom\u00f3w.<\/p>\n<p><b>Z serca \u017cycz\u0119 Wam, aby ka\u017cda rodzina sta\u0142a si\u0119 ma\u0142ym Betlejemem, aby Bo\u017ca Dziecina umacnia\u0142a nasz\u0105 wiar\u0119, by\u015bmy nigdy nie wstydzili si\u0119 jej wyznawa\u0107, aby male\u0144ka Mi\u0142o\u015b\u0107 narodzona w \u017c\u0142\u00f3bku, pomog\u0142a przezwyci\u0119\u017cy\u0107 nieporozumienia i urazy, by\u015bmy \u017cyli w jedno\u015bci i rado\u015bci. Z Jezusem patrzmy z nadziej\u0105 na ka\u017cdy nowy dzie\u0144, bo jest on darem kochaj\u0105cego nas Boga. <\/b><\/p>\n<p>Z pokor\u0105 prosz\u0119 o wybaczenie mi chwilami braku cierpliwo\u015bci. Trwaj\u0105c przy \u017c\u0142\u00f3bku, pragn\u0119 nie\u015b\u0107 wszystkim mi\u0142o\u015b\u0107 i wiar\u0119.<\/p>\n<p style=\"text-align: right;\">Z modlitw\u0105 i wdzi\u0119czno\u015bci\u0105 \u2013 ks. Kazimierz.<\/p>\n<p style=\"text-align: center;\"><b><a href=\"https:\/\/www.parafiawierzbno.com.pl\/wp-content\/uploads\/2015\/12\/Nowy-2.jpg\"><img loading=\"lazy\" class=\"size-full wp-image-3743 aligncenter\" alt=\"Nowy-2\" src=\"https:\/\/www.parafiawierzbno.com.pl\/wp-content\/uploads\/2015\/12\/Nowy-2.jpg\" width=\"420\" height=\"309\" srcset=\"https:\/\/www.parafiawierzbno.com.pl\/wp-content\/uploads\/2015\/12\/Nowy-2.jpg 420w, https:\/\/www.parafiawierzbno.com.pl\/wp-content\/uploads\/2015\/12\/Nowy-2-300x220.jpg 300w, https:\/\/www.parafiawierzbno.com.pl\/wp-content\/uploads\/2015\/12\/Nowy-2-203x150.jpg 203w, https:\/\/www.parafiawierzbno.com.pl\/wp-content\/uploads\/2015\/12\/Nowy-2-150x110.jpg 150w\" sizes=\"(max-width: 420px) 100vw, 420px\" \/><\/a><span style=\"color: #ff0000;\">Program wizyty duszpasterskiej w naszej parafii:<\/span><\/b><\/p>\n<p><b>28 grudzie\u0144<\/b> (poniedzia\u0142ek) 2015 r. od 9.00 \u2013 <b>Jan\u00f3wek<\/b><\/p>\n<p><b>29 grudzie\u0144<\/b> (wtorek) 2015 r. od 9.00 \u2013 <b>Las Jaworski<\/b><\/p>\n<p><b>30 grudzie\u0144<\/b> (\u015broda) 2015 r. od 9.00 \u2013 <b>Wygl\u0119d\u00f3wek<\/b><\/p>\n<p><b>31 grudzie\u0144<\/b> (czwartek) 2015 r. od 9.00 \u2013 <b>Sobo\u0144<\/b><\/p>\n<p><b>2 stycznia<\/b> (sobota) 2016 r. od 9.00 \u2013 <b>Wierzbno cz. 1<\/b><\/p>\n<p>(od p. Szyma\u0144skich do p. Ha\u0142adaj\u00f3w)<\/p>\n<p><b>4 stycznia<\/b> (poniedzia\u0142ek) 2016 r. od 9.00 \u2013 <b>W\u00f3lka<\/b><\/p>\n<p><b>8 stycznia<\/b> (pi\u0105tek) 2016 r. od 9.00 \u2013 <b>Jaworek<\/b><\/p>\n<p><b>9 stycznia<\/b> (sobota) 2016 r. od 9.00 \u2013 <b>Wierzbno cz. 2<\/b>. (od p. Gog\u0142oz\u00f3w)<\/p>\n<p><b>11 stycznia<\/b> (poniedzia\u0142ek) 2016 r. od 9.00 \u2013 <b>Swidno<\/b><\/p>\n<p><b>13 stycznia<\/b> (\u015broda) 2016 r. od 9.00 \u2013 <b>Helen\u00f3w<\/b><\/p>\n<p><a href=\"https:\/\/www.parafiawierzbno.com.pl\/wp-content\/uploads\/2015\/12\/Nowy-3.jpg\"><img loading=\"lazy\" class=\"size-full wp-image-3744 aligncenter\" alt=\"Nowy-3\" src=\"https:\/\/www.parafiawierzbno.com.pl\/wp-content\/uploads\/2015\/12\/Nowy-3.jpg\" width=\"453\" height=\"261\" srcset=\"https:\/\/www.parafiawierzbno.com.pl\/wp-content\/uploads\/2015\/12\/Nowy-3.jpg 453w, https:\/\/www.parafiawierzbno.com.pl\/wp-content\/uploads\/2015\/12\/Nowy-3-300x172.jpg 300w, https:\/\/www.parafiawierzbno.com.pl\/wp-content\/uploads\/2015\/12\/Nowy-3-250x144.jpg 250w, https:\/\/www.parafiawierzbno.com.pl\/wp-content\/uploads\/2015\/12\/Nowy-3-150x86.jpg 150w\" sizes=\"(max-width: 453px) 100vw, 453px\" \/><\/a><\/p>\n","protected":false},"excerpt":{"rendered":"<p>Do naszych serc do wszystkich serc u\u015bpionych Dzi\u015b zabrzmia\u0142 dzwon, ju\u017c cz\u0142owiek obudzony. Bo nadszed\u0142 czas i dzieci\u0119 si\u0119 zrodzi\u0142o. A\u00a0razem z Nim, male\u0144ka przysz\u0142a mi\u0142o\u015b\u0107. Male\u0144ka\u00a0mi\u0142o\u015b\u0107 w \u017c\u0142obie \u015bpi, Male\u0144ka Mi\u0142o\u015b\u0107 przy Matce \u015awi\u0119tej. Dzi\u015b cala ziemia i niebo l\u015bni dla tej Mi\u0142o\u015bci male\u0144kiej. Drodzy Parafianie i Szanowni Go\u015bcie! W czasie Adwentu na Roratach, wpatruj\u0105c si\u0119 w Niepokalan\u0105 Maryj\u0119, rozwa\u017cali\u015bmy hymn: \u201eWielbi dusza moja Pana\u201d (\u0141k 1, 46) i uczyli\u015bmy si\u0119 uwielbia\u0107 Ojca w niebie za bezmiar Jego \u0142ask. Dzi\u0119ki rekolekcjom adwentowym jeszcze bardziej otworzyli\u015bmy si\u0119 na mi\u0142o\u015b\u0107 Boga i Jego wol\u0119, aby\u00a0 z rado\u015bci\u0105 zaprosi\u0107 Nowonarodzonego Zbawiciela do naszych dom\u00f3w. Z serca \u017cycz\u0119 Wam, aby ka\u017cda rodzina sta\u0142a si\u0119 ma\u0142ym Betlejemem, aby Bo\u017ca Dziecina umacnia\u0142a nasz\u0105 wiar\u0119, by\u015bmy nigdy nie wstydzili si\u0119 jej wyznawa\u0107, aby male\u0144ka Mi\u0142o\u015b\u0107 narodzona w \u017c\u0142\u00f3bku, pomog\u0142a przezwyci\u0119\u017cy\u0107 nieporozumienia i urazy, by\u015bmy \u017cyli w jedno\u015bci i rado\u015bci. Z Jezusem patrzmy z nadziej\u0105 na ka\u017cdy \u2026 <a class=\"continue-reading-link\" href=\"https:\/\/www.parafiawierzbno.com.pl\/?p=3740\">Czytaj dalej <span class=\"meta-nav\">&rarr; <\/span><\/a><\/p>\n","protected":false},"author":1,"featured_media":0,"comment_status":"closed","ping_status":"closed","sticky":false,"template":"","format":"standard","meta":{"ngg_post_thumbnail":0},"categories":[1],"tags":[],"_links":{"self":[{"href":"https:\/\/www.parafiawierzbno.com.pl\/index.php?rest_route=\/wp\/v2\/posts\/3740"}],"collection":[{"href":"https:\/\/www.parafiawierzbno.com.pl\/index.php?rest_route=\/wp\/v2\/posts"}],"about":[{"href":"https:\/\/www.parafiawierzbno.com.pl\/index.php?rest_route=\/wp\/v2\/types\/post"}],"author":[{"embeddable":true,"href":"https:\/\/www.parafiawierzbno.com.pl\/index.php?rest_route=\/wp\/v2\/users\/1"}],"replies":[{"embeddable":true,"href":"https:\/\/www.parafiawierzbno.com.pl\/index.php?rest_route=%2Fwp%2Fv2%2Fcomments&post=3740"}],"version-history":[{"count":8,"href":"https:\/\/www.parafiawierzbno.com.pl\/index.php?rest_route=\/wp\/v2\/posts\/3740\/revisions"}],"predecessor-version":[{"id":3751,"href":"https:\/\/www.parafiawierzbno.com.pl\/index.php?rest_route=\/wp\/v2\/posts\/3740\/revisions\/3751"}],"wp:attachment":[{"href":"https:\/\/www.parafiawierzbno.com.pl\/index.php?rest_route=%2Fwp%2Fv2%2Fmedia&parent=3740"}],"wp:term":[{"taxonomy":"category","embeddable":true,"href":"https:\/\/www.parafiawierzbno.com.pl\/index.php?rest_route=%2Fwp%2Fv2%2Fcategories&post=3740"},{"taxonomy":"post_tag","embeddable":true,"href":"https:\/\/www.parafiawierzbno.com.pl\/index.php?rest_route=%2Fwp%2Fv2%2Ftags&post=3740"}],"curies":[{"name":"wp","href":"https:\/\/api.w.org\/{rel}","templated":true}]}}