{"id":3769,"date":"2016-01-03T22:17:01","date_gmt":"2016-01-03T21:17:01","guid":{"rendered":"https:\/\/www.parafiawierzbno.com.pl\/?p=3769"},"modified":"2016-01-03T22:17:01","modified_gmt":"2016-01-03T21:17:01","slug":"a-pamietasz-kiedys-u-stop-oltarza","status":"publish","type":"post","link":"https:\/\/www.parafiawierzbno.com.pl\/?p=3769","title":{"rendered":"\u201e A pami\u0119tasz, kiedy\u015b u st\u00f3p o\u0142tarza\u2026\u201d"},"content":{"rendered":"<p><a href=\"https:\/\/www.parafiawierzbno.com.pl\/wp-content\/uploads\/2016\/01\/IMG_7268_zmie\u0144-rozmiar.jpg\"><img loading=\"lazy\" class=\"size-medium wp-image-3773 alignleft\" alt=\"IMG_7268_zmie\u0144 rozmiar\" src=\"https:\/\/www.parafiawierzbno.com.pl\/wp-content\/uploads\/2016\/01\/IMG_7268_zmie\u0144-rozmiar-300x199.jpg\" width=\"300\" height=\"199\" srcset=\"https:\/\/www.parafiawierzbno.com.pl\/wp-content\/uploads\/2016\/01\/IMG_7268_zmie\u0144-rozmiar-300x199.jpg 300w, https:\/\/www.parafiawierzbno.com.pl\/wp-content\/uploads\/2016\/01\/IMG_7268_zmie\u0144-rozmiar-225x150.jpg 225w, https:\/\/www.parafiawierzbno.com.pl\/wp-content\/uploads\/2016\/01\/IMG_7268_zmie\u0144-rozmiar-150x99.jpg 150w, https:\/\/www.parafiawierzbno.com.pl\/wp-content\/uploads\/2016\/01\/IMG_7268_zmie\u0144-rozmiar.jpg 800w\" sizes=\"(max-width: 300px) 100vw, 300px\" \/><\/a>S\u0142owa przytoczone za nieznanym autorem mog\u0105 pos\u0142u\u017cy\u0107 za motto ceremonii dokonuj\u0105cej si\u0119 podczas Eucharystii sprawowanych 27 grudnia. W Niedziel\u0119 \u015awi\u0119tej Rodziny: Jezusa, Maryi i J\u00f3zefa ma\u0142\u017conkowie odnowili przyrzeczenia ma\u0142\u017ce\u0144skie. Jak przed laty \u015blubowali sobie mi\u0142o\u015b\u0107, wierno\u015b\u0107 i uczciwo\u015b\u0107 ma\u0142\u017ce\u0144sk\u0105, pragnienie trwania we wsp\u00f3lnocie a\u017c do \u015bmierci. \u201eAkcent ma\u0142\u017ce\u0144ski\u201d pojawi\u0142 si\u0119 r\u00f3wnie\u017c podczas ofiarowania dar\u00f3w. Razem z\u00a0 kroplami wina i drobinami bia\u0142ego chleba z\u0142o\u017cyli\u015bmy na o\u0142tarzu wdzi\u0119czno\u015b\u0107 za \u0142ask\u0119 sakramentu ma\u0142\u017ce\u0144stwa, trud budowania i piel\u0119gnowania wzajemnych relacji, rezygnowanie z w\u0142asnego \u201eja\u201d na rzecz wsp\u00f3lnego \u201emy\u201d, codzienne rado\u015bci i troski. <a href=\"https:\/\/www.parafiawierzbno.com.pl\/wp-content\/uploads\/2016\/01\/IMG_7237_zmie\u0144-rozmiar.jpg\"><img loading=\"lazy\" class=\"size-medium wp-image-3772 alignright\" alt=\"IMG_7237_zmie\u0144 rozmiar\" src=\"https:\/\/www.parafiawierzbno.com.pl\/wp-content\/uploads\/2016\/01\/IMG_7237_zmie\u0144-rozmiar-300x199.jpg\" width=\"300\" height=\"199\" srcset=\"https:\/\/www.parafiawierzbno.com.pl\/wp-content\/uploads\/2016\/01\/IMG_7237_zmie\u0144-rozmiar-300x199.jpg 300w, https:\/\/www.parafiawierzbno.com.pl\/wp-content\/uploads\/2016\/01\/IMG_7237_zmie\u0144-rozmiar-225x150.jpg 225w, https:\/\/www.parafiawierzbno.com.pl\/wp-content\/uploads\/2016\/01\/IMG_7237_zmie\u0144-rozmiar-150x99.jpg 150w, https:\/\/www.parafiawierzbno.com.pl\/wp-content\/uploads\/2016\/01\/IMG_7237_zmie\u0144-rozmiar.jpg 800w\" sizes=\"(max-width: 300px) 100vw, 300px\" \/><\/a>Ufamy, \u017ce uroczyste b\u0142ogos\u0142awie\u0144stwo udzielone ma\u0142\u017conkom przez ksi\u0119dza proboszcza Kazimierza J\u00f3\u017awika b\u0119dzie towarzyszy\u0142o nam\u00a0 na dalszej drodze wsp\u00f3lnego \u017cycia, a pami\u0119\u0107 o s\u0142owach wypowiedzianych u st\u00f3p o\u0142tarza sta\u0107 b\u0119dzie na stra\u017cy naszych ma\u0142\u017ce\u0144stw.<\/p>\n<p><i>Ma\u0142gorzata i Micha\u0142 W\u0105sowscy<\/i><\/p>\n<p>Niech za komentarz pos\u0142u\u017cy r\u00f3wnie\u017c przepi\u0119kne opowiadanie autorstwa Bruno Ferraro:<\/p>\n<p align=\"center\"><b><i>Powiedz to pierwszy<\/i><\/b><\/p>\n<p>On by\u0142 m\u0119\u017cczyzn\u0105 pot\u0119\u017cnym, o dono\u015bnym g\u0142osie i szorstkim sposobie bycie. Za\u015b\u00a0ona &#8211; kobieta \u0142agodn\u0105 i delikatn\u0105. Pobrali si\u0119. On dba\u0142, by niczego jej nie\u00a0brakowa\u0142o, a ona zajmowa\u0142a si\u0119 domem i dzie\u0107mi. P\u00f3\u017aniej dzieci doros\u0142y,\u00a0pozak\u0142ada\u0142y w\u0142asne rodziny i odesz\u0142y. Historia, jakich wiele. Lecz kiedy wszystkie dzieci by\u0142y ju\u017c urz\u0105dzone, kobieta straci\u0142a sw\u00f3j zwyk\u0142y\u00a0u\u015bmiech, stawa\u0142a si\u0119 coraz bardziej w\u0105t\u0142a i blada. Nie mog\u0142a ju\u017c je\u015b\u0107 i w\u00a0kr\u00f3tkim czasie przesta\u0142a podnosi\u0107 si\u0119 z \u0142\u00f3\u017cka. Zmartwiony m\u0105\u017c umie\u015bci\u0142 j\u0105 w szpitalu.<br \/>\nLecz chocia\u017c u jej wezg\u0142owia zbierali si\u0119 najlepsi lekarze i specjali\u015bci,\u00a0\u017cadnemu z nich nie uda\u0142o si\u0119 okre\u015bli\u0107, na co zachorowa\u0142a kobieta. Potrz\u0105sali\u00a0tylko g\u0142owami. Ostatni lekarz poprosi\u0142 na stron\u0119 m\u0119\u017ca i rzek\u0142:<br \/>\n&#8211; O\u015bmieli\u0142bym si\u0119 powiedzie\u0107, \u017ce po prostu&#8230; pa\u0144ska \u017cona nie chce ju\u017c d\u0142u\u017cej\u00a0 \u017cy\u0107&#8230;<br \/>\nM\u0119\u017cczyzna w milczeniu usiad\u0142 przy \u0142\u00f3\u017cku \u017cony i uj\u0105\u0142 j\u0105 za r\u0119k\u0119. By\u0142a to ma\u0142a,\u00a0drobna r\u0105czka, kt\u00f3ra zupe\u0142nie gin\u0119\u0142a w pot\u0119\u017cnej d\u0142oni m\u0119\u017cczyzny. Potem rzek\u0142\u00a0zdecydowanie swym dono\u015bnym g\u0142osem:<br \/>\n&#8211; Ty nie umrzesz!<br \/>\n&#8211; Dlaczego? &#8211; zapyta\u0142a kobieta lekko wzdychaj\u0105c.<br \/>\n&#8211; Poniewa\u017c ja ci\u0119 potrzebuj\u0119!<br \/>\n&#8211; To dlaczego wcze\u015bniej mi o tym nie powiedzia\u0142e\u015b?<br \/>\nOd tej chwili stan zdrowia kobiety zacz\u0105\u0142 si\u0119 szybko poprawia\u0107. Dzisiaj czuje\u00a0si\u0119 doskonale. A lekarze i znani specjali\u015bci nadal zadaj\u0105 sobie pytanie, jaka\u00a0choroba j\u0105 dotkn\u0119\u0142a i c\u00f3\u017c za wspania\u0142e lekarstwo uzdrowi\u0142o j\u0105 w tak kr\u00f3tkim\u00a0czasie.<\/p>\n<p><i>Nigdy nie czekaj do jutra, by powiedzie\u0107 komu\u015b, \u017ce go kochasz. Uczy\u0144 to\u00a0dzisiaj. Nie my\u015bl: &#8222;Moja mama, moje dzieci, moja \u017cona lub m\u0105\u017c doskonale o tym\u00a0wiedz\u0105&#8221;. By\u0107 mo\u017ce. Ale czy nie by\u0142oby ci przyjemnie, s\u0142uchaj\u0105c tych s\u0142\u00f3w skierowanych do ciebie! Nie patrz na zegarek, chwy\u0107 za telefon: \u201eTo ja, chc\u0119 ci powiedzie\u0107, \u017ce bardzo ci\u0119 kocham\u201d. U\u015bci\u015bnij d\u0142o\u0144 bliskiej osobie i powiedz: \u201ePotrzebuj\u0119 ciebie. Kocham ci\u0119, bardzo ci\u0119 kocham\u201d. Mi\u0142o\u015b\u0107 to \u017cycie. Istnieje kraina umar\u0142ych i kraina \u017cywych. Tym, co\u00a0je r\u00f3\u017cni, jest mi\u0142o\u015b\u0107.<\/i><\/p>\n<p><a href=\"https:\/\/www.parafiawierzbno.com.pl\/wp-content\/uploads\/2016\/01\/Nowy-1.jpg\"><img loading=\"lazy\" class=\"size-full wp-image-3774 aligncenter\" alt=\"Nowy-1\" src=\"https:\/\/www.parafiawierzbno.com.pl\/wp-content\/uploads\/2016\/01\/Nowy-1.jpg\" width=\"357\" height=\"330\" srcset=\"https:\/\/www.parafiawierzbno.com.pl\/wp-content\/uploads\/2016\/01\/Nowy-1.jpg 357w, https:\/\/www.parafiawierzbno.com.pl\/wp-content\/uploads\/2016\/01\/Nowy-1-300x277.jpg 300w, https:\/\/www.parafiawierzbno.com.pl\/wp-content\/uploads\/2016\/01\/Nowy-1-162x150.jpg 162w, https:\/\/www.parafiawierzbno.com.pl\/wp-content\/uploads\/2016\/01\/Nowy-1-150x138.jpg 150w\" sizes=\"(max-width: 357px) 100vw, 357px\" \/><\/a><\/p>\n","protected":false},"excerpt":{"rendered":"<p>S\u0142owa przytoczone za nieznanym autorem mog\u0105 pos\u0142u\u017cy\u0107 za motto ceremonii dokonuj\u0105cej si\u0119 podczas Eucharystii sprawowanych 27 grudnia. W Niedziel\u0119 \u015awi\u0119tej Rodziny: Jezusa, Maryi i J\u00f3zefa ma\u0142\u017conkowie odnowili przyrzeczenia ma\u0142\u017ce\u0144skie. Jak przed laty \u015blubowali sobie mi\u0142o\u015b\u0107, wierno\u015b\u0107 i uczciwo\u015b\u0107 ma\u0142\u017ce\u0144sk\u0105, pragnienie trwania we wsp\u00f3lnocie a\u017c do \u015bmierci. \u201eAkcent ma\u0142\u017ce\u0144ski\u201d pojawi\u0142 si\u0119 r\u00f3wnie\u017c podczas ofiarowania dar\u00f3w. Razem z\u00a0 kroplami wina i drobinami bia\u0142ego chleba z\u0142o\u017cyli\u015bmy na o\u0142tarzu wdzi\u0119czno\u015b\u0107 za \u0142ask\u0119 sakramentu ma\u0142\u017ce\u0144stwa, trud budowania i piel\u0119gnowania wzajemnych relacji, rezygnowanie z w\u0142asnego \u201eja\u201d na rzecz wsp\u00f3lnego \u201emy\u201d, codzienne rado\u015bci i troski. Ufamy, \u017ce uroczyste b\u0142ogos\u0142awie\u0144stwo udzielone ma\u0142\u017conkom przez ksi\u0119dza proboszcza Kazimierza J\u00f3\u017awika b\u0119dzie towarzyszy\u0142o nam\u00a0 na dalszej drodze wsp\u00f3lnego \u017cycia, a pami\u0119\u0107 o s\u0142owach wypowiedzianych u st\u00f3p o\u0142tarza sta\u0107 b\u0119dzie na stra\u017cy naszych ma\u0142\u017ce\u0144stw. Ma\u0142gorzata i Micha\u0142 W\u0105sowscy Niech za komentarz pos\u0142u\u017cy r\u00f3wnie\u017c przepi\u0119kne opowiadanie autorstwa Bruno Ferraro: Powiedz to pierwszy On by\u0142 m\u0119\u017cczyzn\u0105 pot\u0119\u017cnym, o dono\u015bnym g\u0142osie i szorstkim sposobie bycie. Za\u015b\u00a0ona \u2026 <a class=\"continue-reading-link\" href=\"https:\/\/www.parafiawierzbno.com.pl\/?p=3769\">Czytaj dalej <span class=\"meta-nav\">&rarr; <\/span><\/a><\/p>\n","protected":false},"author":1,"featured_media":0,"comment_status":"closed","ping_status":"closed","sticky":false,"template":"","format":"standard","meta":{"ngg_post_thumbnail":0},"categories":[1],"tags":[],"_links":{"self":[{"href":"https:\/\/www.parafiawierzbno.com.pl\/index.php?rest_route=\/wp\/v2\/posts\/3769"}],"collection":[{"href":"https:\/\/www.parafiawierzbno.com.pl\/index.php?rest_route=\/wp\/v2\/posts"}],"about":[{"href":"https:\/\/www.parafiawierzbno.com.pl\/index.php?rest_route=\/wp\/v2\/types\/post"}],"author":[{"embeddable":true,"href":"https:\/\/www.parafiawierzbno.com.pl\/index.php?rest_route=\/wp\/v2\/users\/1"}],"replies":[{"embeddable":true,"href":"https:\/\/www.parafiawierzbno.com.pl\/index.php?rest_route=%2Fwp%2Fv2%2Fcomments&post=3769"}],"version-history":[{"count":3,"href":"https:\/\/www.parafiawierzbno.com.pl\/index.php?rest_route=\/wp\/v2\/posts\/3769\/revisions"}],"predecessor-version":[{"id":3775,"href":"https:\/\/www.parafiawierzbno.com.pl\/index.php?rest_route=\/wp\/v2\/posts\/3769\/revisions\/3775"}],"wp:attachment":[{"href":"https:\/\/www.parafiawierzbno.com.pl\/index.php?rest_route=%2Fwp%2Fv2%2Fmedia&parent=3769"}],"wp:term":[{"taxonomy":"category","embeddable":true,"href":"https:\/\/www.parafiawierzbno.com.pl\/index.php?rest_route=%2Fwp%2Fv2%2Fcategories&post=3769"},{"taxonomy":"post_tag","embeddable":true,"href":"https:\/\/www.parafiawierzbno.com.pl\/index.php?rest_route=%2Fwp%2Fv2%2Ftags&post=3769"}],"curies":[{"name":"wp","href":"https:\/\/api.w.org\/{rel}","templated":true}]}}