{"id":3776,"date":"2016-01-03T22:21:09","date_gmt":"2016-01-03T21:21:09","guid":{"rendered":"https:\/\/www.parafiawierzbno.com.pl\/?p=3776"},"modified":"2016-01-03T22:21:09","modified_gmt":"2016-01-03T21:21:09","slug":"solidarni-z-dominikiem","status":"publish","type":"post","link":"https:\/\/www.parafiawierzbno.com.pl\/?p=3776","title":{"rendered":"Solidarni z Dominikiem!"},"content":{"rendered":"<p><a href=\"https:\/\/www.parafiawierzbno.com.pl\/wp-content\/uploads\/2016\/01\/serce.jpg\"><img loading=\"lazy\" class=\"size-medium wp-image-3778 alignleft\" alt=\"serce\" src=\"https:\/\/www.parafiawierzbno.com.pl\/wp-content\/uploads\/2016\/01\/serce-300x215.jpg\" width=\"300\" height=\"215\" srcset=\"https:\/\/www.parafiawierzbno.com.pl\/wp-content\/uploads\/2016\/01\/serce-300x215.jpg 300w, https:\/\/www.parafiawierzbno.com.pl\/wp-content\/uploads\/2016\/01\/serce-208x150.jpg 208w, https:\/\/www.parafiawierzbno.com.pl\/wp-content\/uploads\/2016\/01\/serce-150x107.jpg 150w, https:\/\/www.parafiawierzbno.com.pl\/wp-content\/uploads\/2016\/01\/serce.jpg 535w\" sizes=\"(max-width: 300px) 100vw, 300px\" \/><\/a>W naszej wsp\u00f3lnocie parafialnej zrodzi\u0142a si\u0119 inicjatywa pomocy finansowej rodzinie przewlekle chorego ch\u0142opca. Zwracamy si\u0119 z gor\u0105c\u0105 zach\u0119t\u0105 do finansowego wsparcia akcji gromadzenia funduszy na zakup przeno\u015bnego koncentratora tlenu dla <b>Dominika Skar\u017cy\u0144skiego.<\/b><\/p>\n<p>Dominik Skar\u017cy\u0144ski jest uczniem III klasy Publicznego Gimnazjum w Wierzbnie. Od urodzenia choruje na mukowiscydoz\u0119.\u00a0\u00a0Swoje nastoletnie \u017cycie dzieli mi\u0119dzy szpitalem a rodzinnym domem. Przeno\u015bny koncentrator tlenu wspomaga i u\u0142atwia proces oddychania.<\/p>\n<p>Koszt takiego urz\u0105dzenia to oko\u0142o 15.000 z\u0142otych. Dla rodziny jest to znacz\u0105ca kwota, przekraczaj\u0105ca jej mo\u017cliwo\u015bci finansowe. Dla wsp\u00f3lnoty ludzi dobrej woli mo\u017ce stanowi\u0107 realny i w pe\u0142ni osi\u0105galny cel.<\/p>\n<p><b>W \u015awi\u0119to Objawienia Pa\u0144skiego<\/b>, <b>6 stycznia, po Mszy \u015bwi\u0119tej o godz. 9<sup>00<\/sup>\u00a0w ko\u015bciele w Wierzbnie wystawione zostan\u0105 jase\u0142ka<\/b>. Podczas przedstawienia przeprowadzona zostanie zbi\u00f3rka pieni\u0119dzy na zakup koncentratora tlenu. Indywidualnie, wsparcie finansowe mo\u017cna przekazywa\u0107 na r\u0119ce koordynatora akcji, ks. proboszcza Kazimierza J\u00f3\u017awika.<\/p>\n<p align=\"center\">\u00a0<em><b> <\/b><\/em><em><b>\u201eNigdy nie jest tak, \u017ceby cz\u0142owiek, czyni\u0105c dobrze drugiemu, <\/b><\/em><\/p>\n<p align=\"center\"><em><b>tylko sam by\u0142 dobroczy\u0144c\u0105. Jest r\u00f3wnocze\u015bnie obdarowany, <\/b><\/em><\/p>\n<p align=\"center\"><em><b>obdarowany tym, co ten drugi przyjmie z mi\u0142o\u015bci\u0105.\u201d<\/b><\/em><b><\/b><\/p>\n<p align=\"center\"><em><b>\u00a0\u00a0\u00a0\u00a0\u00a0\u00a0\u00a0\u00a0\u00a0\u00a0\u00a0\u00a0\u00a0\u00a0\u00a0\u00a0\u00a0\u00a0\u00a0\u00a0\u00a0\u00a0\u00a0\u00a0\u00a0\u00a0\u00a0\u00a0\u00a0\u00a0\u00a0\u00a0\u00a0\u00a0\u00a0\u00a0\u00a0\u00a0\u00a0\u00a0\u00a0\u00a0\u00a0\u00a0\u00a0\u00a0\u00a0\u00a0\u00a0\u00a0\u00a0\u00a0\u00a0\u00a0\u00a0\u00a0\u00a0\u00a0\u00a0\u00a0\u00a0\u00a0\u00a0\u00a0\u00a0\u00a0\u00a0\u00a0\u00a0\u00a0\u00a0\u00a0\u00a0\u00a0<\/b><\/em><b><i>\u00a0<\/i><\/b><em><b>Jan Pawe\u0142 II<\/b><\/em><\/p>\n<p style=\"text-align: center;\"><em><b>\u00a0<\/b><\/em><b><em><b>Chciejmy obdarowywa\u0107 i sta\u0107 si\u0119 obdarowanymi!!!<\/b><\/em><br \/>\n<\/b><\/p>\n","protected":false},"excerpt":{"rendered":"<p>W naszej wsp\u00f3lnocie parafialnej zrodzi\u0142a si\u0119 inicjatywa pomocy finansowej rodzinie przewlekle chorego ch\u0142opca. Zwracamy si\u0119 z gor\u0105c\u0105 zach\u0119t\u0105 do finansowego wsparcia akcji gromadzenia funduszy na zakup przeno\u015bnego koncentratora tlenu dla Dominika Skar\u017cy\u0144skiego. Dominik Skar\u017cy\u0144ski jest uczniem III klasy Publicznego Gimnazjum w Wierzbnie. Od urodzenia choruje na mukowiscydoz\u0119.\u00a0\u00a0Swoje nastoletnie \u017cycie dzieli mi\u0119dzy szpitalem a rodzinnym domem. Przeno\u015bny koncentrator tlenu wspomaga i u\u0142atwia proces oddychania. Koszt takiego urz\u0105dzenia to oko\u0142o 15.000 z\u0142otych. Dla rodziny jest to znacz\u0105ca kwota, przekraczaj\u0105ca jej mo\u017cliwo\u015bci finansowe. Dla wsp\u00f3lnoty ludzi dobrej woli mo\u017ce stanowi\u0107 realny i w pe\u0142ni osi\u0105galny cel. W \u015awi\u0119to Objawienia Pa\u0144skiego, 6 stycznia, po Mszy \u015bwi\u0119tej o godz. 900\u00a0w ko\u015bciele w Wierzbnie wystawione zostan\u0105 jase\u0142ka. Podczas przedstawienia przeprowadzona zostanie zbi\u00f3rka pieni\u0119dzy na zakup koncentratora tlenu. Indywidualnie, wsparcie finansowe mo\u017cna przekazywa\u0107 na r\u0119ce koordynatora akcji, ks. proboszcza Kazimierza J\u00f3\u017awika. \u00a0 \u201eNigdy nie jest tak, \u017ceby cz\u0142owiek, czyni\u0105c dobrze drugiemu, tylko sam by\u0142 dobroczy\u0144c\u0105. Jest r\u00f3wnocze\u015bnie \u2026 <a class=\"continue-reading-link\" href=\"https:\/\/www.parafiawierzbno.com.pl\/?p=3776\">Czytaj dalej <span class=\"meta-nav\">&rarr; <\/span><\/a><\/p>\n","protected":false},"author":1,"featured_media":0,"comment_status":"closed","ping_status":"closed","sticky":false,"template":"","format":"standard","meta":{"ngg_post_thumbnail":0},"categories":[1],"tags":[],"_links":{"self":[{"href":"https:\/\/www.parafiawierzbno.com.pl\/index.php?rest_route=\/wp\/v2\/posts\/3776"}],"collection":[{"href":"https:\/\/www.parafiawierzbno.com.pl\/index.php?rest_route=\/wp\/v2\/posts"}],"about":[{"href":"https:\/\/www.parafiawierzbno.com.pl\/index.php?rest_route=\/wp\/v2\/types\/post"}],"author":[{"embeddable":true,"href":"https:\/\/www.parafiawierzbno.com.pl\/index.php?rest_route=\/wp\/v2\/users\/1"}],"replies":[{"embeddable":true,"href":"https:\/\/www.parafiawierzbno.com.pl\/index.php?rest_route=%2Fwp%2Fv2%2Fcomments&post=3776"}],"version-history":[{"count":3,"href":"https:\/\/www.parafiawierzbno.com.pl\/index.php?rest_route=\/wp\/v2\/posts\/3776\/revisions"}],"predecessor-version":[{"id":3780,"href":"https:\/\/www.parafiawierzbno.com.pl\/index.php?rest_route=\/wp\/v2\/posts\/3776\/revisions\/3780"}],"wp:attachment":[{"href":"https:\/\/www.parafiawierzbno.com.pl\/index.php?rest_route=%2Fwp%2Fv2%2Fmedia&parent=3776"}],"wp:term":[{"taxonomy":"category","embeddable":true,"href":"https:\/\/www.parafiawierzbno.com.pl\/index.php?rest_route=%2Fwp%2Fv2%2Fcategories&post=3776"},{"taxonomy":"post_tag","embeddable":true,"href":"https:\/\/www.parafiawierzbno.com.pl\/index.php?rest_route=%2Fwp%2Fv2%2Ftags&post=3776"}],"curies":[{"name":"wp","href":"https:\/\/api.w.org\/{rel}","templated":true}]}}