{"id":3788,"date":"2016-01-07T23:36:17","date_gmt":"2016-01-07T22:36:17","guid":{"rendered":"https:\/\/www.parafiawierzbno.com.pl\/?p=3788"},"modified":"2016-01-07T23:36:17","modified_gmt":"2016-01-07T22:36:17","slug":"jestesmy-wielcy","status":"publish","type":"post","link":"https:\/\/www.parafiawierzbno.com.pl\/?p=3788","title":{"rendered":"Jeste\u015bmy wielcy!"},"content":{"rendered":"<p>To stwierdzenie nie jest wyrazem naszej pychy, braku skromno\u015bci czy zarozumia\u0142o\u015bci. Bynajmniej. To odniesienie do my\u015bli \u015bw. Jana Paw\u0142a II: \u201e<b>Cz\u0142owiek jest\u00a0 wielki nie przez to, co posiada, lecz przez to, kim jest, nie przez to, co ma, lecz przez to, czym dzieli si\u0119 z innymi\u201d.<\/b><\/p>\n<p>Wyra\u017cenie u\u017cyte \u015bwiadomie, z pe\u0142n\u0105 odpowiedzialno\u015bci\u0105. Dow\u00f3d?!<\/p>\n<p><a href=\"https:\/\/www.parafiawierzbno.com.pl\/wp-content\/uploads\/2016\/01\/Dominik_zmie\u0144-rozmiar.jpg\"><img loading=\"lazy\" class=\"size-medium wp-image-3790 alignleft\" alt=\"Dominik_zmie\u0144 rozmiar\" src=\"https:\/\/www.parafiawierzbno.com.pl\/wp-content\/uploads\/2016\/01\/Dominik_zmie\u0144-rozmiar-199x300.jpg\" width=\"199\" height=\"300\" srcset=\"https:\/\/www.parafiawierzbno.com.pl\/wp-content\/uploads\/2016\/01\/Dominik_zmie\u0144-rozmiar-199x300.jpg 199w, https:\/\/www.parafiawierzbno.com.pl\/wp-content\/uploads\/2016\/01\/Dominik_zmie\u0144-rozmiar-99x150.jpg 99w, https:\/\/www.parafiawierzbno.com.pl\/wp-content\/uploads\/2016\/01\/Dominik_zmie\u0144-rozmiar.jpg 399w\" sizes=\"(max-width: 199px) 100vw, 199px\" \/><\/a>W ci\u0105gu niespe\u0142na tygodnia uda\u0142o si\u0119 zgromadzi\u0107 kwot\u0119 potrzebn\u0105 na zakup przeno\u015bnego koncentratora tlenu dla Dominika Skar\u017cy\u0144skiego. Inicjatywa pomocy rodzinie przewlekle chorego ch\u0142opca spotka\u0142a si\u0119 z pozytywnym odd\u017awi\u0119kiem i szybk\u0105, konkretn\u0105 odpowiedzi\u0105.<\/p>\n<p>Dzi\u0119ki temu, jak podkre\u015bli\u0142a obecna na jase\u0142kach \u2013 g\u0142\u00f3wnym miejscu zbi\u00f3rki \u2013 pani Krystyna Skar\u017cy\u0144ska, jej syn przestanie by\u0107 niewolnikiem w\u0142asnego domu. Z powodu problem\u00f3w z oddychaniem korzysta z koncentratora wymagaj\u0105cego sta\u0142ego zasilania.<\/p>\n<p>Jeste\u015bmy wdzi\u0119czni ks. Proboszczowi Kazimierzowi J\u00f3\u017awikowi za jego wra\u017cliwo\u015b\u0107 i uruchomienie pok\u0142ad\u00f3w naszej wra\u017cliwo\u015bci.<\/p>\n<p>\u201eDzisiejszy dzie\u0144 pozwala na nowo uwierzy\u0107 w drugiego cz\u0142owieka\u201d \u2013 powiedzia\u0142a mama Dominika na zako\u0144czenie jase\u0142ek.<\/p>\n<p>Obdarowali\u015bmy i zostali\u015bmy obdarowani. Trudno oczekiwa\u0107 pe\u0142niejszej formy wyra\u017cenia wdzi\u0119czno\u015bci.<\/p>\n<p><i>Ma\u0142gorzata W\u0105sowska<\/i><\/p>\n","protected":false},"excerpt":{"rendered":"<p>To stwierdzenie nie jest wyrazem naszej pychy, braku skromno\u015bci czy zarozumia\u0142o\u015bci. Bynajmniej. To odniesienie do my\u015bli \u015bw. Jana Paw\u0142a II: \u201eCz\u0142owiek jest\u00a0 wielki nie przez to, co posiada, lecz przez to, kim jest, nie przez to, co ma, lecz przez to, czym dzieli si\u0119 z innymi\u201d. Wyra\u017cenie u\u017cyte \u015bwiadomie, z pe\u0142n\u0105 odpowiedzialno\u015bci\u0105. Dow\u00f3d?! W ci\u0105gu niespe\u0142na tygodnia uda\u0142o si\u0119 zgromadzi\u0107 kwot\u0119 potrzebn\u0105 na zakup przeno\u015bnego koncentratora tlenu dla Dominika Skar\u017cy\u0144skiego. Inicjatywa pomocy rodzinie przewlekle chorego ch\u0142opca spotka\u0142a si\u0119 z pozytywnym odd\u017awi\u0119kiem i szybk\u0105, konkretn\u0105 odpowiedzi\u0105. Dzi\u0119ki temu, jak podkre\u015bli\u0142a obecna na jase\u0142kach \u2013 g\u0142\u00f3wnym miejscu zbi\u00f3rki \u2013 pani Krystyna Skar\u017cy\u0144ska, jej syn przestanie by\u0107 niewolnikiem w\u0142asnego domu. Z powodu problem\u00f3w z oddychaniem korzysta z koncentratora wymagaj\u0105cego sta\u0142ego zasilania. Jeste\u015bmy wdzi\u0119czni ks. Proboszczowi Kazimierzowi J\u00f3\u017awikowi za jego wra\u017cliwo\u015b\u0107 i uruchomienie pok\u0142ad\u00f3w naszej wra\u017cliwo\u015bci. \u201eDzisiejszy dzie\u0144 pozwala na nowo uwierzy\u0107 w drugiego cz\u0142owieka\u201d \u2013 powiedzia\u0142a mama Dominika na zako\u0144czenie jase\u0142ek. Obdarowali\u015bmy i \u2026 <a class=\"continue-reading-link\" href=\"https:\/\/www.parafiawierzbno.com.pl\/?p=3788\">Czytaj dalej <span class=\"meta-nav\">&rarr; <\/span><\/a><\/p>\n","protected":false},"author":1,"featured_media":0,"comment_status":"closed","ping_status":"closed","sticky":false,"template":"","format":"standard","meta":{"ngg_post_thumbnail":0},"categories":[1],"tags":[],"_links":{"self":[{"href":"https:\/\/www.parafiawierzbno.com.pl\/index.php?rest_route=\/wp\/v2\/posts\/3788"}],"collection":[{"href":"https:\/\/www.parafiawierzbno.com.pl\/index.php?rest_route=\/wp\/v2\/posts"}],"about":[{"href":"https:\/\/www.parafiawierzbno.com.pl\/index.php?rest_route=\/wp\/v2\/types\/post"}],"author":[{"embeddable":true,"href":"https:\/\/www.parafiawierzbno.com.pl\/index.php?rest_route=\/wp\/v2\/users\/1"}],"replies":[{"embeddable":true,"href":"https:\/\/www.parafiawierzbno.com.pl\/index.php?rest_route=%2Fwp%2Fv2%2Fcomments&post=3788"}],"version-history":[{"count":3,"href":"https:\/\/www.parafiawierzbno.com.pl\/index.php?rest_route=\/wp\/v2\/posts\/3788\/revisions"}],"predecessor-version":[{"id":3792,"href":"https:\/\/www.parafiawierzbno.com.pl\/index.php?rest_route=\/wp\/v2\/posts\/3788\/revisions\/3792"}],"wp:attachment":[{"href":"https:\/\/www.parafiawierzbno.com.pl\/index.php?rest_route=%2Fwp%2Fv2%2Fmedia&parent=3788"}],"wp:term":[{"taxonomy":"category","embeddable":true,"href":"https:\/\/www.parafiawierzbno.com.pl\/index.php?rest_route=%2Fwp%2Fv2%2Fcategories&post=3788"},{"taxonomy":"post_tag","embeddable":true,"href":"https:\/\/www.parafiawierzbno.com.pl\/index.php?rest_route=%2Fwp%2Fv2%2Ftags&post=3788"}],"curies":[{"name":"wp","href":"https:\/\/api.w.org\/{rel}","templated":true}]}}