{"id":3961,"date":"2016-03-10T11:03:31","date_gmt":"2016-03-10T10:03:31","guid":{"rendered":"https:\/\/www.parafiawierzbno.com.pl\/?p=3961"},"modified":"2016-03-10T11:03:31","modified_gmt":"2016-03-10T10:03:31","slug":"wstane-i-pojde-do-mojego-ojca-lk-1518-o-rekolekcjach-wielkopostnych-26-28-02-2016","status":"publish","type":"post","link":"https:\/\/www.parafiawierzbno.com.pl\/?p=3961","title":{"rendered":"\u201eWstan\u0119 i p\u00f3jd\u0119 do mojego Ojca\u201d (\u0141k 15,18): o Rekolekcjach  Wielkopostnych (26 &#8211; 28.02.2016)"},"content":{"rendered":"<p><a href=\"https:\/\/www.parafiawierzbno.com.pl\/wp-content\/uploads\/2016\/03\/Rekolekcje2016_1_zmie\u0144-rozmiar.jpg\"><img loading=\"lazy\" class=\"size-medium wp-image-3963 alignleft\" alt=\"Rekolekcje2016_1_zmie\u0144 rozmiar\" src=\"https:\/\/www.parafiawierzbno.com.pl\/wp-content\/uploads\/2016\/03\/Rekolekcje2016_1_zmie\u0144-rozmiar-225x300.jpg\" width=\"225\" height=\"300\" srcset=\"https:\/\/www.parafiawierzbno.com.pl\/wp-content\/uploads\/2016\/03\/Rekolekcje2016_1_zmie\u0144-rozmiar-225x300.jpg 225w, https:\/\/www.parafiawierzbno.com.pl\/wp-content\/uploads\/2016\/03\/Rekolekcje2016_1_zmie\u0144-rozmiar-112x150.jpg 112w, https:\/\/www.parafiawierzbno.com.pl\/wp-content\/uploads\/2016\/03\/Rekolekcje2016_1_zmie\u0144-rozmiar.jpg 576w\" sizes=\"(max-width: 225px) 100vw, 225px\" \/><\/a>Decyzja marnotrawnego syna z Jezusowej przypowie\u015bci, zapisanej przez ewangelist\u0119 \u0141ukasza, zapocz\u0105tkowa\u0142a proces odzyskiwania przez niego utraconej godno\u015bci. Stanowcze postanowienie by\u0142o pierwszym, ale jak\u017ce wa\u017cnym krokiem. Wkr\u00f3tce znalaz\u0142 si\u0119 w ramionach kochaj\u0105cego Ojca, kt\u00f3ry niecierpliwie oczekiwa\u0142 jego powrotu.<\/p>\n<p style=\"text-align: justify;\">Przyzna\u0107 si\u0119 do b\u0142\u0119d\u00f3w i upadk\u00f3w, zdoby\u0107 si\u0119 na pokor\u0119 i pragnienie powstania &#8211; to bywa trudne.\u00a0 Kochaj\u0105cy Ojciec przewidzia\u0142 i to, bowiem pozostawi\u0142 nam drogowskazy. One prowadz\u0105 nas do Tego, kt\u00f3ry nieustannie, z ut\u0119sknieniem czeka na nas. Zawiera je sakrament pokuty.<\/p>\n<p style=\"text-align: justify;\">Dzi\u015b znowu wiemy wi\u0119cej o tym szczeg\u00f3lnym wyrazie mi\u0142osierdzia Boga wobec upadaj\u0105cego cz\u0142owieka. Motywem przewodnim rozwa\u017ca\u0144 rekolekcji wielkopostnych w naszej wsp\u00f3lnocie parafialnej by\u0142o prze\u017cywanie sakramentu pokuty. Jeste\u015bmy wdzi\u0119czni ksi\u0119dzu rekolekcjoni\u015bcie, <b>pra\u0142atowi Miros\u0142awowi Mikulskiemu<\/b>, za podj\u0119cie tego tematu i spos\u00f3b, w jaki to uczyni\u0142.<\/p>\n<p style=\"text-align: justify;\">Pom\u00f3g\u0142 on stan\u0105\u0107 nam w prawdzie przed sob\u0105, bowiem dokona\u0142 swoistego rachunku sumienia ze sposobu, w jaki my, ludzie wierz\u0105cy, podchodzimy do sakramentu pokuty. Od ambony pop\u0142yn\u0119\u0142o wiele \u201eniewygodnych\u201d dla nas s\u0142\u00f3w. Rekolekcjonista obna\u017cy\u0142 gorzk\u0105 prawd\u0119 o systemie norm i warto\u015bci stworzonych przez wsp\u00f3\u0142czesnego cz\u0142owieka, nawet dotycz\u0105cych relacji ze Stw\u00f3rc\u0105. Wygodnym, ale jak\u017ce odleg\u0142ym od nauki, kt\u00f3r\u0105 g\u0142osi\u0142 Jezus i pozostawi\u0142 na kartach Ewangelii. By\u0142y to s\u0142owa prawdy, ale nie krytyki. Czy mo\u017cliwe jest rozgraniczenie tego kontekstu w aspekcie \u201e \u0142amania, przekraczania\u201d okre\u015blonych zasad? Okazuje si\u0119, \u017ce tak.<\/p>\n<p style=\"text-align: justify;\">S\u0142owa ksi\u0119dza Mikulskiego kierowane do nas nie by\u0142y such\u0105, bezduszn\u0105 ocen\u0105 sposobu prze\u017cywania sakramentu pokuty. Nie by\u0142y jedynie wytykaniem b\u0142\u0119d\u00f3w. S\u0142uchali\u015bmy s\u0142\u00f3w kap\u0142ana autentycznie zatroskanego o nasze powstanie i powr\u00f3t do Ojca. M\u00f3wi\u0142 do nas i o nas kto\u015b, kto si\u0119 z nami uto\u017csamia\u0142. Kto\u015b, kto tak jak my z dr\u017ceniem staje u kratek konfesjona\u0142u, kto ze wzruszeniem wspomina m\u0105dro\u015b\u0107 \u017cyciow\u0105 niewykszta\u0142conych rodzic\u00f3w\u00a0 i \u2026.\u00a0 nie spos\u00f3b przytoczy\u0107 wszystkiego.<\/p>\n<p>Wielk\u0105 sztuk\u0105 jest dotyka\u0107 sfery ludzkich s\u0142abo\u015bci pod k\u0105tem sprowokowani<a href=\"https:\/\/www.parafiawierzbno.com.pl\/wp-content\/uploads\/2016\/03\/Rekolekcje2016_2_zmie\u0144-rozmiar.jpg\"><img loading=\"lazy\" class=\"size-medium wp-image-3964 alignright\" alt=\"Rekolekcje2016_2_zmie\u0144 rozmiar\" src=\"https:\/\/www.parafiawierzbno.com.pl\/wp-content\/uploads\/2016\/03\/Rekolekcje2016_2_zmie\u0144-rozmiar-225x300.jpg\" width=\"225\" height=\"300\" srcset=\"https:\/\/www.parafiawierzbno.com.pl\/wp-content\/uploads\/2016\/03\/Rekolekcje2016_2_zmie\u0144-rozmiar-225x300.jpg 225w, https:\/\/www.parafiawierzbno.com.pl\/wp-content\/uploads\/2016\/03\/Rekolekcje2016_2_zmie\u0144-rozmiar-112x150.jpg 112w, https:\/\/www.parafiawierzbno.com.pl\/wp-content\/uploads\/2016\/03\/Rekolekcje2016_2_zmie\u0144-rozmiar.jpg 576w\" sizes=\"(max-width: 225px) 100vw, 225px\" \/><\/a>a\u00a0 osobistej refleksji, aby nie wywo\u0142a\u0107 oburzenia s\u0142uchacza. Rozwa\u017cania rekolekcyjne by\u0142y rozbudowane, ale, my\u015bl\u0119 i\u017c podzielam opini\u0119 og\u00f3\u0142u: czeka\u0142o si\u0119 na kolejne s\u0142owo, a czas zdawa\u0142 si\u0119 zatrzymywa\u0107 w miejscu. Co jeszcze m\u00f3g\u0142 zyska\u0107 uczestnik \u015bwi\u0119tego czasu rekolekcji? Ksi\u0105dz rekolekcjonista podzieli\u0142 si\u0119 z nami praktycznymi wskaz\u00f3wkami na temat prze\u017cywania sakramentu pokuty. Nasze mapy drogowe, mapy powrot\u00f3w do Ojca wzbogaci\u0142y si\u0119 wi\u0119c o kolejne drogowskazy!<\/p>\n<p style=\"text-align: justify;\">Prze\u017cyli\u015bmy szczeg\u00f3lny czas, us\u0142yszeli\u015bmy wiele g\u0142\u0119bokich s\u0142\u00f3w. Na pewno na nich mo\u017cemy budowa\u0107 proces naszej wewn\u0119trznej przemiany \u2013 powstawania i powrot\u00f3w.<\/p>\n<p style=\"text-align: justify;\">Deo gratias!<\/p>\n<p style=\"text-align: right;\">\u00a0\u00a0\u00a0\u00a0\u00a0\u00a0\u00a0\u00a0\u00a0\u00a0\u00a0\u00a0\u00a0\u00a0\u00a0\u00a0\u00a0\u00a0\u00a0\u00a0\u00a0\u00a0\u00a0\u00a0\u00a0\u00a0\u00a0\u00a0\u00a0\u00a0\u00a0\u00a0\u00a0\u00a0\u00a0\u00a0\u00a0\u00a0\u00a0\u00a0\u00a0\u00a0\u00a0\u00a0\u00a0\u00a0\u00a0\u00a0\u00a0\u00a0\u00a0\u00a0\u00a0\u00a0\u00a0\u00a0\u00a0\u00a0\u00a0\u00a0\u00a0\u00a0\u00a0\u00a0\u00a0\u00a0\u00a0\u00a0\u00a0\u00a0\u00a0\u00a0\u00a0\u00a0\u00a0\u00a0\u00a0\u00a0\u00a0\u00a0\u00a0\u00a0\u00a0\u00a0\u00a0\u00a0\u00a0\u00a0\u00a0\u00a0\u00a0 Ma\u0142gorzata W\u0105sowska<\/p>\n","protected":false},"excerpt":{"rendered":"<p>Decyzja marnotrawnego syna z Jezusowej przypowie\u015bci, zapisanej przez ewangelist\u0119 \u0141ukasza, zapocz\u0105tkowa\u0142a proces odzyskiwania przez niego utraconej godno\u015bci. Stanowcze postanowienie by\u0142o pierwszym, ale jak\u017ce wa\u017cnym krokiem. Wkr\u00f3tce znalaz\u0142 si\u0119 w ramionach kochaj\u0105cego Ojca, kt\u00f3ry niecierpliwie oczekiwa\u0142 jego powrotu. Przyzna\u0107 si\u0119 do b\u0142\u0119d\u00f3w i upadk\u00f3w, zdoby\u0107 si\u0119 na pokor\u0119 i pragnienie powstania &#8211; to bywa trudne.\u00a0 Kochaj\u0105cy Ojciec przewidzia\u0142 i to, bowiem pozostawi\u0142 nam drogowskazy. One prowadz\u0105 nas do Tego, kt\u00f3ry nieustannie, z ut\u0119sknieniem czeka na nas. Zawiera je sakrament pokuty. Dzi\u015b znowu wiemy wi\u0119cej o tym szczeg\u00f3lnym wyrazie mi\u0142osierdzia Boga wobec upadaj\u0105cego cz\u0142owieka. Motywem przewodnim rozwa\u017ca\u0144 rekolekcji wielkopostnych w naszej wsp\u00f3lnocie parafialnej by\u0142o prze\u017cywanie sakramentu pokuty. Jeste\u015bmy wdzi\u0119czni ksi\u0119dzu rekolekcjoni\u015bcie, pra\u0142atowi Miros\u0142awowi Mikulskiemu, za podj\u0119cie tego tematu i spos\u00f3b, w jaki to uczyni\u0142. Pom\u00f3g\u0142 on stan\u0105\u0107 nam w prawdzie przed sob\u0105, bowiem dokona\u0142 swoistego rachunku sumienia ze sposobu, w jaki my, ludzie wierz\u0105cy, podchodzimy do sakramentu pokuty. Od ambony pop\u0142yn\u0119\u0142o wiele \u2026 <a class=\"continue-reading-link\" href=\"https:\/\/www.parafiawierzbno.com.pl\/?p=3961\">Czytaj dalej <span class=\"meta-nav\">&rarr; <\/span><\/a><\/p>\n","protected":false},"author":1,"featured_media":0,"comment_status":"closed","ping_status":"closed","sticky":false,"template":"","format":"standard","meta":{"ngg_post_thumbnail":0},"categories":[1],"tags":[],"_links":{"self":[{"href":"https:\/\/www.parafiawierzbno.com.pl\/index.php?rest_route=\/wp\/v2\/posts\/3961"}],"collection":[{"href":"https:\/\/www.parafiawierzbno.com.pl\/index.php?rest_route=\/wp\/v2\/posts"}],"about":[{"href":"https:\/\/www.parafiawierzbno.com.pl\/index.php?rest_route=\/wp\/v2\/types\/post"}],"author":[{"embeddable":true,"href":"https:\/\/www.parafiawierzbno.com.pl\/index.php?rest_route=\/wp\/v2\/users\/1"}],"replies":[{"embeddable":true,"href":"https:\/\/www.parafiawierzbno.com.pl\/index.php?rest_route=%2Fwp%2Fv2%2Fcomments&post=3961"}],"version-history":[{"count":3,"href":"https:\/\/www.parafiawierzbno.com.pl\/index.php?rest_route=\/wp\/v2\/posts\/3961\/revisions"}],"predecessor-version":[{"id":3966,"href":"https:\/\/www.parafiawierzbno.com.pl\/index.php?rest_route=\/wp\/v2\/posts\/3961\/revisions\/3966"}],"wp:attachment":[{"href":"https:\/\/www.parafiawierzbno.com.pl\/index.php?rest_route=%2Fwp%2Fv2%2Fmedia&parent=3961"}],"wp:term":[{"taxonomy":"category","embeddable":true,"href":"https:\/\/www.parafiawierzbno.com.pl\/index.php?rest_route=%2Fwp%2Fv2%2Fcategories&post=3961"},{"taxonomy":"post_tag","embeddable":true,"href":"https:\/\/www.parafiawierzbno.com.pl\/index.php?rest_route=%2Fwp%2Fv2%2Ftags&post=3961"}],"curies":[{"name":"wp","href":"https:\/\/api.w.org\/{rel}","templated":true}]}}