{"id":4166,"date":"2016-03-22T00:24:14","date_gmt":"2016-03-21T23:24:14","guid":{"rendered":"https:\/\/www.parafiawierzbno.com.pl\/?p=4166"},"modified":"2016-03-22T00:24:14","modified_gmt":"2016-03-21T23:24:14","slug":"13-marca-droga-krzyzowa-ulicami-wierzbna","status":"publish","type":"post","link":"https:\/\/www.parafiawierzbno.com.pl\/?p=4166","title":{"rendered":"13 marca: Droga krzy\u017cowa ulicami Wierzbna"},"content":{"rendered":"<p><a href=\"https:\/\/www.parafiawierzbno.com.pl\/wp-content\/uploads\/2016\/03\/IMG_7725_zmie\u0144-rozmiar.jpg\" rel=\"attachment wp-att-4170\"><img loading=\"lazy\" class=\"size-medium wp-image-4170 alignleft\" src=\"https:\/\/www.parafiawierzbno.com.pl\/wp-content\/uploads\/2016\/03\/IMG_7725_zmie\u0144-rozmiar-200x300.jpg\" alt=\"IMG_7725_zmie\u0144 rozmiar\" width=\"200\" height=\"300\" srcset=\"https:\/\/www.parafiawierzbno.com.pl\/wp-content\/uploads\/2016\/03\/IMG_7725_zmie\u0144-rozmiar-200x300.jpg 200w, https:\/\/www.parafiawierzbno.com.pl\/wp-content\/uploads\/2016\/03\/IMG_7725_zmie\u0144-rozmiar-100x150.jpg 100w, https:\/\/www.parafiawierzbno.com.pl\/wp-content\/uploads\/2016\/03\/IMG_7725_zmie\u0144-rozmiar.jpg 512w\" sizes=\"(max-width: 200px) 100vw, 200px\" \/><\/a>W Or\u0119dziu na Wielki Post Papie\u017c Franciszek przypomnia\u0142 nam: <em>\u201eJak\u017ce pragn\u0119, aby miejsca, w kt\u00f3rych wyra\u017ca si\u0119 Ko\u015bci\u00f3\u0142, w szczeg\u00f3lno\u015bci nasze parafie i nasze wsp\u00f3lnoty, sta\u0142y si\u0119 wyspami mi\u0142osierdzia na morzu oboj\u0119tno\u015bci!&#8221;<\/em> Do\u015bwiadczamy w wsp\u00f3lnocie Ko\u015bcio\u0142a Mi\u0142osierdzia Bo\u017cego i wci\u0105\u017c uczymy si\u0119 okazywa\u0107 mi\u0142osierdzie bli\u017anim w konkretnych czynach mi\u0142o\u015bci. Wci\u0105\u017c mamy jeszcze wiele do zrobienia, aby nasza mi\u0142o\u015b\u0107 mog\u0142a zwyci\u0119\u017ca\u0107 oboj\u0119tno\u015b\u0107 i uprzedzenia, aby\u015bmy na co dzie\u0144 praktykowali uczynki mi\u0142osierdzia w swoim \u015brodowisku i dyskretnie oraz bezinteresownie pomagali ludziom.<\/p>\n<p>Tegoroczne rozwa\u017cania Drogi Krzy\u017cowej, przygotowane przez Agnieszk\u0119 Leszko, \u00a0pomog\u0142y nam zatrzyma\u0107 si\u0119 nad realizacj\u0105 w naszym \u017cyciu uczynk\u00f3w mi\u0142osierdzia wzgl\u0119dem cia\u0142a i duszy. To jeszcze za ma\u0142o, \u017ce znamy je na pami\u0119\u0107 z katechizmu. Przy ka\u017cdej stacji rozwa\u017cali\u015bmy jak stawa\u0107 si\u0119 bardziej mi\u0142osiernymi, wype\u0142niaj\u0105c konkretny czyn. Pan Jezus powiedzia\u0142: \u201eB\u0142ogos\u0142awieni mi\u0142osierni, albowiem oni mi\u0142osierdzia dost\u0105pi\u0105\u201d<em>(Mt 5,7). <\/em><\/p>\n<p>Jestem wdzi\u0119czny p. Anecie Miklaszewskiej za prowadzenie \u015bpiewu, druhom stra\u017cakom za asyst\u0119 i kierowanie ruchem drogowym, wszystkim, kt\u00f3rzy ch\u0119tnie nie\u015bli krzy\u017c i prowadzili rozwa\u017cania przy poszczeg\u00f3lnych stacjach. Mi\u0142osierny B\u00f3g obdarzy\u0142 nas s\u0142oneczn\u0105 pogod\u0105 i w tym dniu jako wsp\u00f3lnota parafialna stali\u015bmy si\u0119, wspomnian\u0105 przez Ojca \u015bw. Franciszka, \u201ewysp\u0105 mi\u0142osierdzia\u201d.<a href=\"https:\/\/www.parafiawierzbno.com.pl\/wp-content\/uploads\/2016\/03\/IMG_7687_zmie\u0144-rozmiar.jpg\" rel=\"attachment wp-att-4172\"><img loading=\"lazy\" class=\"size-medium wp-image-4172 alignright\" src=\"https:\/\/www.parafiawierzbno.com.pl\/wp-content\/uploads\/2016\/03\/IMG_7687_zmie\u0144-rozmiar-200x300.jpg\" alt=\"IMG_7687_zmie\u0144 rozmiar\" width=\"200\" height=\"300\" srcset=\"https:\/\/www.parafiawierzbno.com.pl\/wp-content\/uploads\/2016\/03\/IMG_7687_zmie\u0144-rozmiar-200x300.jpg 200w, https:\/\/www.parafiawierzbno.com.pl\/wp-content\/uploads\/2016\/03\/IMG_7687_zmie\u0144-rozmiar-100x150.jpg 100w, https:\/\/www.parafiawierzbno.com.pl\/wp-content\/uploads\/2016\/03\/IMG_7687_zmie\u0144-rozmiar.jpg 512w\" sizes=\"(max-width: 200px) 100vw, 200px\" \/><\/a><\/p>\n<p>Zako\u0144cz\u0119 modlitw\u0105 z naszych rozwa\u017ca\u0144: \u201ePanie Jezu Mi\u0142osierny, pragniemy Ci\u0119 prosi\u0107, by\u015b poszerzy\u0142 nasze serca i uzdolni\u0142 je do lepszej s\u0142u\u017cby innym. Wybacz nam, \u017ce cz\u0119sto skupieni na sobie i w\u0142asnych potrzebach, zaniedbujemy uczynki mi\u0142osierdzia. Wybacz nam, \u017ce zamiast na\u015bladowa\u0107 Ciebie, kt\u00f3ry dla nas sta\u0142e\u015b si\u0119 S\u0142ug\u0105, na\u015bladujemy fa\u0142szywe wzory tego \u015bwiata. Zamiast troszczy\u0107 si\u0119 o innych, cz\u0119sto szukamy jedynie w\u0142asnej korzy\u015bci i wygody. Pom\u00f3\u017c nam pe\u0142ni\u0107 uczynki mi\u0142osierne co do cia\u0142a i duszy, ale daj nam te\u017c wyobra\u017ani\u0119 mi\u0142osierdzia, aby\u015bmy umieli wyj\u015b\u0107 poza katechizmowy katalog, kt\u00f3ry przecie\u017c uczynk\u00f3w mi\u0142osierdzia nie wyczerpuje. Tyle jest jeszcze akt\u00f3w dobroci, kt\u00f3rych w katechizmie nie zapisano. Cho\u0107by: d\u0142ugi darowa\u0107, zwa\u015bnionych pogodzi\u0107, prze\u015bladowanych broni\u0107.<\/p>\n<p>Kiedy\u015b przyjdziesz jako S\u0119dzia i odmierzysz nam tak\u0105 miar\u0105, jak\u0105 my mierzymy. Panie! oby by\u0142a to miara mi\u0142osierdzia!\u201d<\/p>\n<p style=\"text-align: right;\"><em><a href=\"https:\/\/www.parafiawierzbno.com.pl\/wp-content\/uploads\/2016\/03\/IMG_7656_zmie\u0144-rozmiar.jpg\" rel=\"attachment wp-att-4174\"><img loading=\"lazy\" class=\"aligncenter wp-image-4174 size-full\" src=\"https:\/\/www.parafiawierzbno.com.pl\/wp-content\/uploads\/2016\/03\/IMG_7656_zmie\u0144-rozmiar.jpg\" alt=\"IMG_7656_zmie\u0144 rozmiar\" width=\"1024\" height=\"683\" srcset=\"https:\/\/www.parafiawierzbno.com.pl\/wp-content\/uploads\/2016\/03\/IMG_7656_zmie\u0144-rozmiar.jpg 1024w, https:\/\/www.parafiawierzbno.com.pl\/wp-content\/uploads\/2016\/03\/IMG_7656_zmie\u0144-rozmiar-300x200.jpg 300w, https:\/\/www.parafiawierzbno.com.pl\/wp-content\/uploads\/2016\/03\/IMG_7656_zmie\u0144-rozmiar-768x512.jpg 768w, https:\/\/www.parafiawierzbno.com.pl\/wp-content\/uploads\/2016\/03\/IMG_7656_zmie\u0144-rozmiar-225x150.jpg 225w, https:\/\/www.parafiawierzbno.com.pl\/wp-content\/uploads\/2016\/03\/IMG_7656_zmie\u0144-rozmiar-150x100.jpg 150w\" sizes=\"(max-width: 1024px) 100vw, 1024px\" \/><\/a>Z wdzi\u0119czno\u015bci\u0105\u00a0 za wsp\u00f3ln\u0105 modlitw\u0119 &#8211; ks. Kazimierz<\/em><\/p>\n","protected":false},"excerpt":{"rendered":"<p>W Or\u0119dziu na Wielki Post Papie\u017c Franciszek przypomnia\u0142 nam: \u201eJak\u017ce pragn\u0119, aby miejsca, w kt\u00f3rych wyra\u017ca si\u0119 Ko\u015bci\u00f3\u0142, w szczeg\u00f3lno\u015bci nasze parafie i nasze wsp\u00f3lnoty, sta\u0142y si\u0119 wyspami mi\u0142osierdzia na morzu oboj\u0119tno\u015bci!&#8221; Do\u015bwiadczamy w wsp\u00f3lnocie Ko\u015bcio\u0142a Mi\u0142osierdzia Bo\u017cego i wci\u0105\u017c uczymy si\u0119 okazywa\u0107 mi\u0142osierdzie bli\u017anim w konkretnych czynach mi\u0142o\u015bci. Wci\u0105\u017c mamy jeszcze wiele do zrobienia, aby nasza mi\u0142o\u015b\u0107 mog\u0142a zwyci\u0119\u017ca\u0107 oboj\u0119tno\u015b\u0107 i uprzedzenia, aby\u015bmy na co dzie\u0144 praktykowali uczynki mi\u0142osierdzia w swoim \u015brodowisku i dyskretnie oraz bezinteresownie pomagali ludziom. Tegoroczne rozwa\u017cania Drogi Krzy\u017cowej, przygotowane przez Agnieszk\u0119 Leszko, \u00a0pomog\u0142y nam zatrzyma\u0107 si\u0119 nad realizacj\u0105 w naszym \u017cyciu uczynk\u00f3w mi\u0142osierdzia wzgl\u0119dem cia\u0142a i duszy. To jeszcze za ma\u0142o, \u017ce znamy je na pami\u0119\u0107 z katechizmu. Przy ka\u017cdej stacji rozwa\u017cali\u015bmy jak stawa\u0107 si\u0119 bardziej mi\u0142osiernymi, wype\u0142niaj\u0105c konkretny czyn. Pan Jezus powiedzia\u0142: \u201eB\u0142ogos\u0142awieni mi\u0142osierni, albowiem oni mi\u0142osierdzia dost\u0105pi\u0105\u201d(Mt 5,7). Jestem wdzi\u0119czny p. Anecie Miklaszewskiej za prowadzenie \u015bpiewu, druhom stra\u017cakom za asyst\u0119 i kierowanie ruchem \u2026 <a class=\"continue-reading-link\" href=\"https:\/\/www.parafiawierzbno.com.pl\/?p=4166\">Czytaj dalej <span class=\"meta-nav\">&rarr; <\/span><\/a><\/p>\n","protected":false},"author":1,"featured_media":0,"comment_status":"closed","ping_status":"closed","sticky":false,"template":"","format":"standard","meta":{"ngg_post_thumbnail":0},"categories":[1],"tags":[],"_links":{"self":[{"href":"https:\/\/www.parafiawierzbno.com.pl\/index.php?rest_route=\/wp\/v2\/posts\/4166"}],"collection":[{"href":"https:\/\/www.parafiawierzbno.com.pl\/index.php?rest_route=\/wp\/v2\/posts"}],"about":[{"href":"https:\/\/www.parafiawierzbno.com.pl\/index.php?rest_route=\/wp\/v2\/types\/post"}],"author":[{"embeddable":true,"href":"https:\/\/www.parafiawierzbno.com.pl\/index.php?rest_route=\/wp\/v2\/users\/1"}],"replies":[{"embeddable":true,"href":"https:\/\/www.parafiawierzbno.com.pl\/index.php?rest_route=%2Fwp%2Fv2%2Fcomments&post=4166"}],"version-history":[{"count":5,"href":"https:\/\/www.parafiawierzbno.com.pl\/index.php?rest_route=\/wp\/v2\/posts\/4166\/revisions"}],"predecessor-version":[{"id":4175,"href":"https:\/\/www.parafiawierzbno.com.pl\/index.php?rest_route=\/wp\/v2\/posts\/4166\/revisions\/4175"}],"wp:attachment":[{"href":"https:\/\/www.parafiawierzbno.com.pl\/index.php?rest_route=%2Fwp%2Fv2%2Fmedia&parent=4166"}],"wp:term":[{"taxonomy":"category","embeddable":true,"href":"https:\/\/www.parafiawierzbno.com.pl\/index.php?rest_route=%2Fwp%2Fv2%2Fcategories&post=4166"},{"taxonomy":"post_tag","embeddable":true,"href":"https:\/\/www.parafiawierzbno.com.pl\/index.php?rest_route=%2Fwp%2Fv2%2Ftags&post=4166"}],"curies":[{"name":"wp","href":"https:\/\/api.w.org\/{rel}","templated":true}]}}