{"id":4218,"date":"2016-04-21T01:46:47","date_gmt":"2016-04-20T23:46:47","guid":{"rendered":"https:\/\/www.parafiawierzbno.com.pl\/?p=4218"},"modified":"2016-04-21T01:46:47","modified_gmt":"2016-04-20T23:46:47","slug":"alumn-piotr-wroblewski-zlozyl-dozgonna-profesje-zakonna","status":"publish","type":"post","link":"https:\/\/www.parafiawierzbno.com.pl\/?p=4218","title":{"rendered":"Alumn Piotr Wr\u00f3blewski z\u0142o\u017cy\u0142 dozgonn\u0105 profesj\u0119 zakonn\u0105!"},"content":{"rendered":"<p style=\"text-align: justify;\"><a href=\"https:\/\/www.parafiawierzbno.com.pl\/wp-content\/uploads\/2016\/04\/IMG_7976_zmie\u0144-rozmiar.jpg\" rel=\"attachment wp-att-4234\"><img loading=\"lazy\" class=\"size-medium wp-image-4234 alignleft\" src=\"https:\/\/www.parafiawierzbno.com.pl\/wp-content\/uploads\/2016\/04\/IMG_7976_zmie\u0144-rozmiar-200x300.jpg\" alt=\"IMG_7976_zmie\u0144 rozmiar\" width=\"200\" height=\"300\" srcset=\"https:\/\/www.parafiawierzbno.com.pl\/wp-content\/uploads\/2016\/04\/IMG_7976_zmie\u0144-rozmiar-200x300.jpg 200w, https:\/\/www.parafiawierzbno.com.pl\/wp-content\/uploads\/2016\/04\/IMG_7976_zmie\u0144-rozmiar-100x150.jpg 100w, https:\/\/www.parafiawierzbno.com.pl\/wp-content\/uploads\/2016\/04\/IMG_7976_zmie\u0144-rozmiar.jpg 512w\" sizes=\"(max-width: 200px) 100vw, 200px\" \/><\/a>Wdzi\u0119czny Panu Bogu za dar powo\u0142ania zakonnego w Towarzystwie Chrystusowym dla Polonii Zagranicznej alumn Piotr Wr\u00f3blewski, nasz parafianin, podczas uroczystej Mszy \u015awi\u0119tej, z\u0142o\u017cy\u0142 publicznie dozgonny \u015blub czysto\u015bci, ub\u00f3stwa i pos\u0142usze\u0144stwa. To pi\u0119kne i wa\u017cne wydarzenie mia\u0142o miejsce 3 kwietnia, w niedziel\u0119 Mi\u0142osierdzia Bo\u017cego, w kaplicy Domu G\u0142\u00f3wnego Towarzystwa Chrystusowego w Poznaniu. Towarzyszyli Piotrowi Jego najbli\u017csi i zaproszeni go\u015bcie.Uroczysto\u015bci rozpocz\u0119\u0142y si\u0119 o godzinie 10:00 wsp\u00f3ln\u0105 modlitw\u0105 r\u00f3\u017ca\u0144cow\u0105, a nast\u0119pnie uroczyst\u0105 Eucharysti\u0105, kt\u00f3r\u0105, w towarzystwie 26 kap\u0142an\u00f3w, celebrowa\u0142 Prze\u0142o\u017cony Generalny \u2013 ks. Ryszard G\u0142owacki. Po homilii, \u015blubuj\u0105cy, mi\u0119dzy innymi Piotr, kl\u0119kali i wypowiadali formu\u0142\u0119:<\/p>\n<p style=\"text-align: center;\">\u201e(\u2026) staj\u0119 przed Tob\u0105,<a href=\"https:\/\/www.parafiawierzbno.com.pl\/wp-content\/uploads\/2016\/04\/IMG_7991_zmie\u0144-rozmiar.jpg\" rel=\"attachment wp-att-4242\"><img loading=\"lazy\" class=\"size-medium wp-image-4242 alignright\" src=\"https:\/\/www.parafiawierzbno.com.pl\/wp-content\/uploads\/2016\/04\/IMG_7991_zmie\u0144-rozmiar-200x300.jpg\" alt=\"IMG_7991_zmie\u0144 rozmiar\" width=\"200\" height=\"300\" srcset=\"https:\/\/www.parafiawierzbno.com.pl\/wp-content\/uploads\/2016\/04\/IMG_7991_zmie\u0144-rozmiar-200x300.jpg 200w, https:\/\/www.parafiawierzbno.com.pl\/wp-content\/uploads\/2016\/04\/IMG_7991_zmie\u0144-rozmiar-100x150.jpg 100w, https:\/\/www.parafiawierzbno.com.pl\/wp-content\/uploads\/2016\/04\/IMG_7991_zmie\u0144-rozmiar.jpg 512w\" sizes=\"(max-width: 200px) 100vw, 200px\" \/><\/a><br \/>\nwieczny i mi\u0142osierny Bo\u017ce,<br \/>\na po\u015bwi\u0119caj\u0105c si\u0119 na szczytn\u0105 s\u0142u\u017cb\u0119<br \/>\nTwojego Kr\u00f3lestwa prawdy,<br \/>\npokoju i zbawienia,<br \/>\nsk\u0142adam w tym\u017ce Towarzystwie<br \/>\ndozgonny \u015blub czysto\u015bci,<br \/>\nub\u00f3stwa i pos\u0142usze\u0144stwa.\u201d<\/p>\n<p style=\"text-align: justify;\">Zgromadzeni od\u015bpiewali litani\u0119 do Wszystkich \u015awi\u0119tych wypraszaj\u0105c \u0142aski i wstawiennictwo nad nowymi Profesami Wieczystymi. Na zako\u0144czenie obrz\u0119du ka\u017cdy z nich otrzyma\u0142 krzy\u017c. W uroczystym \u201eTe Deum\u201d dzi\u0119kowali\u015bmy Bogu za wszelkie \u0142aski i dar powo\u0142ania zakonnego dla alumn\u00f3w. Przed b\u0142ogos\u0142awie\u0144stwem alumni dzi\u0119kowali prze\u0142o\u017conym za przygotowanie, a rodzicom za dar \u017cycia i wychowania. Po g\u0142\u00f3wnych uroczysto\u015bciach, w bardzo mi\u0142ej i ciep\u0142ej atmosferze, by\u0142 czas na przebywanie w gronie najbli\u017cszych, wsp\u00f3lny obiad, rozmowy, gratulacje\u2026 By\u0142a to przepi\u0119kna, radosna ale i wzruszaj\u0105ca uroczysto\u015b\u0107. Kto\u015b powiedzia\u0142, \u017ce \u201e\u015bluby zakonne s\u0105 \u2013 m\u00f3wi\u0105c w ogromnym skr\u00f3cie \u2013 rezygnacj\u0105 z rzeczy dobrych na rzecz jeszcze lepszych\u201d.<\/p>\n<p style=\"text-align: justify;\">Otaczajmy\u00a0 Profesa Piotra Wr\u00f3blewskiego modlitw\u0105 na drodze Jego powo\u0142ania. Niech Bo\u017ce b\u0142ogos\u0142awie\u0144stwo zawsze Mu towarzyszy, tak, aby w zdrowiu i wytrwa\u0142o\u015bci m\u0119\u017cnie s\u0142u\u017cy\u0142 Bogu i ludziom. Niech droga, na kt\u00f3r\u0105 wkroczy\u0142, b\u0119dzie \u017ar\u00f3d\u0142em rado\u015bci i spe\u0142nienia.<\/p>\n<p><a href=\"https:\/\/www.parafiawierzbno.com.pl\/wp-content\/uploads\/2016\/04\/IMG_8026_zmie\u0144-rozmiar.jpg\" rel=\"attachment wp-att-4248\"><img loading=\"lazy\" class=\"size-medium wp-image-4248 alignleft\" src=\"https:\/\/www.parafiawierzbno.com.pl\/wp-content\/uploads\/2016\/04\/IMG_8026_zmie\u0144-rozmiar-200x300.jpg\" alt=\"IMG_8026_zmie\u0144 rozmiar\" width=\"200\" height=\"300\" srcset=\"https:\/\/www.parafiawierzbno.com.pl\/wp-content\/uploads\/2016\/04\/IMG_8026_zmie\u0144-rozmiar-200x300.jpg 200w, https:\/\/www.parafiawierzbno.com.pl\/wp-content\/uploads\/2016\/04\/IMG_8026_zmie\u0144-rozmiar-100x150.jpg 100w, https:\/\/www.parafiawierzbno.com.pl\/wp-content\/uploads\/2016\/04\/IMG_8026_zmie\u0144-rozmiar.jpg 512w\" sizes=\"(max-width: 200px) 100vw, 200px\" \/><\/a><\/p>\n<p>&nbsp;<\/p>\n<p style=\"text-align: center;\"><strong><em>\u201eCzy jest \u0142atwo odda\u0107 Bogu swoje \u017cycie? Wszystko rzuci\u0107 i zwyczajnie za Nim biec?<br \/>\nKto to pojmie? Kto wyja\u015bni nale\u017cycie? &#8211; Tajemnica.<br \/>\nC\u00f3\u017c tu wi\u0119cej mo\u017cna rzec?<br \/>\nNiech Ci b\u0119dzie co dzie\u0144 jasn\u0105 Twoja droga!<br \/>\nChocia\u017c niesie czasem rado\u015b\u0107, czasem trud.<br \/>\nNiech prowadzi Ci\u0119 najpro\u015bciej, a\u017c do Boga!<br \/>\nOn Ci mi\u0142o\u015b\u0107 da i ze\u015ble \u0142ask swych w br\u00f3d!\u201d<\/em><\/strong><\/p>\n<p style=\"text-align: right;\">Szcz\u0119\u015b\u0107 Bo\u017ce!<\/p>\n<p style=\"text-align: right;\">Aneta i Rafa\u0142 Miklaszewscy<\/p>\n","protected":false},"excerpt":{"rendered":"<p>Wdzi\u0119czny Panu Bogu za dar powo\u0142ania zakonnego w Towarzystwie Chrystusowym dla Polonii Zagranicznej alumn Piotr Wr\u00f3blewski, nasz parafianin, podczas uroczystej Mszy \u015awi\u0119tej, z\u0142o\u017cy\u0142 publicznie dozgonny \u015blub czysto\u015bci, ub\u00f3stwa i pos\u0142usze\u0144stwa. To pi\u0119kne i wa\u017cne wydarzenie mia\u0142o miejsce 3 kwietnia, w niedziel\u0119 Mi\u0142osierdzia Bo\u017cego, w kaplicy Domu G\u0142\u00f3wnego Towarzystwa Chrystusowego w Poznaniu. Towarzyszyli Piotrowi Jego najbli\u017csi i zaproszeni go\u015bcie.Uroczysto\u015bci rozpocz\u0119\u0142y si\u0119 o godzinie 10:00 wsp\u00f3ln\u0105 modlitw\u0105 r\u00f3\u017ca\u0144cow\u0105, a nast\u0119pnie uroczyst\u0105 Eucharysti\u0105, kt\u00f3r\u0105, w towarzystwie 26 kap\u0142an\u00f3w, celebrowa\u0142 Prze\u0142o\u017cony Generalny \u2013 ks. Ryszard G\u0142owacki. Po homilii, \u015blubuj\u0105cy, mi\u0119dzy innymi Piotr, kl\u0119kali i wypowiadali formu\u0142\u0119: \u201e(\u2026) staj\u0119 przed Tob\u0105, wieczny i mi\u0142osierny Bo\u017ce, a po\u015bwi\u0119caj\u0105c si\u0119 na szczytn\u0105 s\u0142u\u017cb\u0119 Twojego Kr\u00f3lestwa prawdy, pokoju i zbawienia, sk\u0142adam w tym\u017ce Towarzystwie dozgonny \u015blub czysto\u015bci, ub\u00f3stwa i pos\u0142usze\u0144stwa.\u201d Zgromadzeni od\u015bpiewali litani\u0119 do Wszystkich \u015awi\u0119tych wypraszaj\u0105c \u0142aski i wstawiennictwo nad nowymi Profesami Wieczystymi. Na zako\u0144czenie obrz\u0119du ka\u017cdy z nich otrzyma\u0142 krzy\u017c. W uroczystym \u201eTe Deum\u201d dzi\u0119kowali\u015bmy Bogu \u2026 <a class=\"continue-reading-link\" href=\"https:\/\/www.parafiawierzbno.com.pl\/?p=4218\">Czytaj dalej <span class=\"meta-nav\">&rarr; <\/span><\/a><\/p>\n","protected":false},"author":1,"featured_media":0,"comment_status":"closed","ping_status":"closed","sticky":false,"template":"","format":"standard","meta":{"ngg_post_thumbnail":0},"categories":[1],"tags":[],"_links":{"self":[{"href":"https:\/\/www.parafiawierzbno.com.pl\/index.php?rest_route=\/wp\/v2\/posts\/4218"}],"collection":[{"href":"https:\/\/www.parafiawierzbno.com.pl\/index.php?rest_route=\/wp\/v2\/posts"}],"about":[{"href":"https:\/\/www.parafiawierzbno.com.pl\/index.php?rest_route=\/wp\/v2\/types\/post"}],"author":[{"embeddable":true,"href":"https:\/\/www.parafiawierzbno.com.pl\/index.php?rest_route=\/wp\/v2\/users\/1"}],"replies":[{"embeddable":true,"href":"https:\/\/www.parafiawierzbno.com.pl\/index.php?rest_route=%2Fwp%2Fv2%2Fcomments&post=4218"}],"version-history":[{"count":29,"href":"https:\/\/www.parafiawierzbno.com.pl\/index.php?rest_route=\/wp\/v2\/posts\/4218\/revisions"}],"predecessor-version":[{"id":4263,"href":"https:\/\/www.parafiawierzbno.com.pl\/index.php?rest_route=\/wp\/v2\/posts\/4218\/revisions\/4263"}],"wp:attachment":[{"href":"https:\/\/www.parafiawierzbno.com.pl\/index.php?rest_route=%2Fwp%2Fv2%2Fmedia&parent=4218"}],"wp:term":[{"taxonomy":"category","embeddable":true,"href":"https:\/\/www.parafiawierzbno.com.pl\/index.php?rest_route=%2Fwp%2Fv2%2Fcategories&post=4218"},{"taxonomy":"post_tag","embeddable":true,"href":"https:\/\/www.parafiawierzbno.com.pl\/index.php?rest_route=%2Fwp%2Fv2%2Ftags&post=4218"}],"curies":[{"name":"wp","href":"https:\/\/api.w.org\/{rel}","templated":true}]}}