{"id":4264,"date":"2016-04-21T02:06:51","date_gmt":"2016-04-21T00:06:51","guid":{"rendered":"https:\/\/www.parafiawierzbno.com.pl\/?p=4264"},"modified":"2016-04-21T02:06:51","modified_gmt":"2016-04-21T00:06:51","slug":"jubileusz-1050-rocznicy-chrztu-polski","status":"publish","type":"post","link":"https:\/\/www.parafiawierzbno.com.pl\/?p=4264","title":{"rendered":"Jubileusz 1050 rocznicy Chrztu Polski"},"content":{"rendered":"<p style=\"text-align: justify;\"><strong>15 kwietnia<\/strong> br. <strong>Prezydent RP<\/strong> <strong>Andrzej Duda<\/strong> w Or\u0119dziu do Zgromadzenia Narodowego w Poznaniu powiedzia\u0142: \u201eChrzest ksi\u0119cia Mieszka I jest najwa\u017cniejszym wydarzeniem w ca\u0142ych dziejach pa\u0144stwa i narodu polskiego. Nie by\u0142, lecz jest \u2013 bo decyzja naszego pierwszego historycznego w\u0142adcy zdecydowa\u0142a o ca\u0142ej p\u00f3\u017aniejszej przysz\u0142o\u015bci naszego kraju. Chrze\u015bcija\u0144skie dziedzictwo a\u017c po dzie\u0144 dzisiejszy kszta\u0142tuje losy Polski i ka\u017cdego z nas, Polak\u00f3w. To w\u0142a\u015bnie mia\u0142 na my\u015bli Ojciec \u015awi\u0119ty Jan Pawe\u0142 II, kiedy m\u00f3wi\u0142, \u017ce <strong>\u201eNie mo\u017cna bez Chrystusa zrozumie\u0107 dziej\u00f3w Polski\u201d<\/strong>. Zgodnie z tradycj\u0105, chrzest w\u0142adcy Polan odby\u0142 si\u0119 najpewniej w Wielk\u0105 Sobot\u0119, 14 kwietnia 966 roku. I to wtedy te\u017c narodzi\u0142a si\u0119 Polska. Narodzi\u0142a si\u0119 z w\u00f3d chrzcielnych do nowego, chrze\u015bcija\u0144skiego \u017cycia. Narodzi\u0142a si\u0119 dla \u015bwiata, wychodz\u0105c z epoki przedhistorycznej i wkraczaj\u0105c na aren\u0119 dziej\u00f3w Europy. Narodzi\u0142a si\u0119 dla siebie, jako wsp\u00f3lnota narodowa i polityczna, bowiem przyj\u0119cie chrztu w obrz\u0105dku \u0142aci\u0144skim okre\u015bli\u0142o nasz\u0105 polsk\u0105 to\u017csamo\u015b\u0107. Odt\u0105d zacz\u0119li\u015bmy o sobie samych my\u015ble\u0107 i m\u00f3wi\u0107: \u201emy, Polacy\u201d.<\/p>\n<p style=\"text-align: justify;\"><a href=\"https:\/\/www.parafiawierzbno.com.pl\/wp-content\/uploads\/2016\/04\/20160416_132611_zmie\u0144-rozmiar.jpg\" rel=\"attachment wp-att-4268\"><img loading=\"lazy\" class=\"size-medium wp-image-4268 alignleft\" src=\"https:\/\/www.parafiawierzbno.com.pl\/wp-content\/uploads\/2016\/04\/20160416_132611_zmie\u0144-rozmiar-225x300.jpg\" alt=\"20160416_132611_zmie\u0144 rozmiar\" width=\"225\" height=\"300\" srcset=\"https:\/\/www.parafiawierzbno.com.pl\/wp-content\/uploads\/2016\/04\/20160416_132611_zmie\u0144-rozmiar-225x300.jpg 225w, https:\/\/www.parafiawierzbno.com.pl\/wp-content\/uploads\/2016\/04\/20160416_132611_zmie\u0144-rozmiar-113x150.jpg 113w, https:\/\/www.parafiawierzbno.com.pl\/wp-content\/uploads\/2016\/04\/20160416_132611_zmie\u0144-rozmiar.jpg 576w\" sizes=\"(max-width: 225px) 100vw, 225px\" \/><\/a>W sobot\u0119 <strong>16 kwietnia<\/strong> mieli\u015bmy szcz\u0119\u015bcie uczestniczy\u0107 w obchodach Jubileusz 1050-lecia Chrztu Polski na Stadionie Miejskim w Poznaniu. Razem z rodzinami z Domowego Ko\u015bcio\u0142a naszej diecezji (oko\u0142o 80 os\u00f3b) dzi\u0119kowali\u015bmy Bogu Wszechmog\u0105cemu za wielkie chrze\u015bcija\u0144skie dziedzictwo naszej Ojczyzny i za \u0142aski otrzymane przez nas w Sakramencie Chrztu \u015bwi\u0119tego. Na stadionie wraz z tysi\u0105cami wiernych dokonali\u015bmy <strong>wyboru Jezusa jako<\/strong> <strong>jedynego Pana i Zbawiciela<\/strong>, a nast\u0119pnie uroczy\u015bcie <strong>odnowili\u015bmy przyrzeczenia Chrztu \u015bw<\/strong>. Arcybiskup Stanis\u0142aw G\u0105decki pokropi\u0142 nas wod\u0105 \u015bwi\u0119con\u0105, a Pan B\u00f3g obficie obdarzy\u0142 nas obficie wod\u0105 deszczow\u0105. Nie zak\u0142\u00f3ci\u0142o to uroczystej atmosfery \u015bwi\u0119towania i dzi\u0119kczynienia. Osobi\u015bcie ze wzruszeniem i wdzi\u0119czno\u015bci\u0105 ws\u0142uchiwa\u0142em si\u0119 w Deklaracj\u0119 Ko\u015bcio\u0142a Katolickiego w Polsce i Ko\u015bcio\u0142\u00f3w zrzeszonych w Polskiej Radzie Ekumenicznej o wzajemnym uznaniu chrztu. Zapad\u0142y w moje serce s\u0142owa: <em>\u201eChrzest w Chrystusie jest wezwaniem dla Ko\u015bcio\u0142\u00f3w, aby przezwyci\u0119\u017cy\u0142y swoje podzia\u0142y i w widzialny spos\u00f3b zamanifestowa\u0142y swoj\u0105 wsp\u00f3lnot\u0119\u201d. <\/em><\/p>\n<p style=\"text-align: justify;\">Na uroczystej Eucharystii, celebrowanej pod przewodnictwem legata papieskiego <strong>Pietro kardyna\u0142a Parolin <\/strong>przez ca\u0142y Episkopat Polski i kilkuset kap\u0142an\u00f3w, uczestniczy\u0142o ponad 30 tysi\u0119cy ludzi. Dwie osoby doros\u0142e przyj\u0119\u0142y sakrament Chrztu \u015bw. Z moc\u0105 ducha \u015bpiewali\u015bmy: <strong>\u201eGdzie chrzest, tam nadzieja, tam droga zbawienia przez wiar\u0119, w mi\u0142o\u015bci, ku pe\u0142ni rado\u015bci\u201d.<\/strong> Opraw\u0119 muzyczn\u0105 tworzy\u0142 ch\u00f3r z\u0142o\u017cony z 1050 solist\u00f3w i pi\u0119kna orkiestra (ponad 170 muzyk\u00f3w). Wymownym znakiem w tej Eucharystii by\u0142a procesja polskich \u015bwi\u0119tych i b\u0142ogos\u0142awionych, kt\u00f3rych relikwie z\u0142o\u017cono przy o\u0142tarzu. Wielbi\u0142em Boga za tych wspania\u0142ych ludzi, kt\u00f3rzy zapisali si\u0119 w historii Polski wierno\u015bci\u0105 Bogu i heroiczno\u015bci\u0105 cn\u00f3t. Arcybiskup Stanis\u0142aw G\u0105decki na zako\u0144czenie z humorem d\u0142ugo dzi\u0119kowa\u0142 wszystkim, kt\u00f3rzy w\u0142\u0105czyli si\u0119 w \u015bwi\u0119towanie Jubileuszu 1050 rocznicy Chrztu Polski. Po zako\u0144czeniu Mszy \u015bw. pojechali\u015bmy do Lichenia.<\/p>\n<p style=\"text-align: justify;\"><a href=\"https:\/\/www.parafiawierzbno.com.pl\/wp-content\/uploads\/2016\/04\/20160417_101603_zmie\u0144-rozmiar.jpg\" rel=\"attachment wp-att-4270\"><img loading=\"lazy\" class=\"size-large wp-image-4270 aligncenter\" src=\"https:\/\/www.parafiawierzbno.com.pl\/wp-content\/uploads\/2016\/04\/20160417_101603_zmie\u0144-rozmiar-1024x768.jpg\" alt=\"20160417_101603_zmie\u0144 rozmiar\" width=\"650\" height=\"488\" srcset=\"https:\/\/www.parafiawierzbno.com.pl\/wp-content\/uploads\/2016\/04\/20160417_101603_zmie\u0144-rozmiar.jpg 1024w, https:\/\/www.parafiawierzbno.com.pl\/wp-content\/uploads\/2016\/04\/20160417_101603_zmie\u0144-rozmiar-300x225.jpg 300w, https:\/\/www.parafiawierzbno.com.pl\/wp-content\/uploads\/2016\/04\/20160417_101603_zmie\u0144-rozmiar-768x576.jpg 768w, https:\/\/www.parafiawierzbno.com.pl\/wp-content\/uploads\/2016\/04\/20160417_101603_zmie\u0144-rozmiar-200x150.jpg 200w, https:\/\/www.parafiawierzbno.com.pl\/wp-content\/uploads\/2016\/04\/20160417_101603_zmie\u0144-rozmiar-150x113.jpg 150w\" sizes=\"(max-width: 650px) 100vw, 650px\" \/><\/a>W niedziel\u0119 <strong>17 kwietnia<\/strong> przed po\u0142udniem zwiedzamy Sanktuarium w <strong>Licheniu<\/strong> i zapoznajemy si\u0119 z histori\u0105 tego miejsca. O 12.00 uczestniczymy w uroczystej Eucharystii pod przewodnictwem <strong>ks. arcybiskupa J\u00f3zefa Kowalczyka<\/strong>, prymasa seniora, w przepi\u0119knej bazylice Matki Bo\u017cej. Kilka tysi\u0119cy ludzi dzi\u0119kowa\u0142o Panu Bogu za Chrzest Polski, kt\u00f3ry 1050 lat temu w\u0142\u0105czy\u0142 nas do kultury europejskiej i sta\u0142 si\u0119 fundamentem naszej to\u017csamo\u015bci narodowej. Zawierzyli\u015bmy Maryi, Kr\u00f3lowej Polski, nasz\u0105 tera\u017aniejszo\u015b\u0107 i przysz\u0142o\u015b\u0107. Chcemy trwa\u0107 w wierno\u015bci Ewangelii i by\u0107 dzisiaj odwa\u017cnymi \u015bwiadkami Chrystusa.<\/p>\n<p style=\"text-align: right;\"><em>&#8211; z wdzi\u0119czno\u015bci\u0105 za to, \u017ce jeste\u015bmy katolikami i Polakami;<\/em><\/p>\n<p style=\"text-align: right;\"><em>\u00a0ks. Kazimierz J\u00f3\u017awik <\/em><\/p>\n","protected":false},"excerpt":{"rendered":"<p>15 kwietnia br. Prezydent RP Andrzej Duda w Or\u0119dziu do Zgromadzenia Narodowego w Poznaniu powiedzia\u0142: \u201eChrzest ksi\u0119cia Mieszka I jest najwa\u017cniejszym wydarzeniem w ca\u0142ych dziejach pa\u0144stwa i narodu polskiego. Nie by\u0142, lecz jest \u2013 bo decyzja naszego pierwszego historycznego w\u0142adcy zdecydowa\u0142a o ca\u0142ej p\u00f3\u017aniejszej przysz\u0142o\u015bci naszego kraju. Chrze\u015bcija\u0144skie dziedzictwo a\u017c po dzie\u0144 dzisiejszy kszta\u0142tuje losy Polski i ka\u017cdego z nas, Polak\u00f3w. To w\u0142a\u015bnie mia\u0142 na my\u015bli Ojciec \u015awi\u0119ty Jan Pawe\u0142 II, kiedy m\u00f3wi\u0142, \u017ce \u201eNie mo\u017cna bez Chrystusa zrozumie\u0107 dziej\u00f3w Polski\u201d. Zgodnie z tradycj\u0105, chrzest w\u0142adcy Polan odby\u0142 si\u0119 najpewniej w Wielk\u0105 Sobot\u0119, 14 kwietnia 966 roku. I to wtedy te\u017c narodzi\u0142a si\u0119 Polska. Narodzi\u0142a si\u0119 z w\u00f3d chrzcielnych do nowego, chrze\u015bcija\u0144skiego \u017cycia. Narodzi\u0142a si\u0119 dla \u015bwiata, wychodz\u0105c z epoki przedhistorycznej i wkraczaj\u0105c na aren\u0119 dziej\u00f3w Europy. Narodzi\u0142a si\u0119 dla siebie, jako wsp\u00f3lnota narodowa i polityczna, bowiem przyj\u0119cie chrztu w obrz\u0105dku \u0142aci\u0144skim okre\u015bli\u0142o nasz\u0105 polsk\u0105 to\u017csamo\u015b\u0107. Odt\u0105d zacz\u0119li\u015bmy o sobie \u2026 <a class=\"continue-reading-link\" href=\"https:\/\/www.parafiawierzbno.com.pl\/?p=4264\">Czytaj dalej <span class=\"meta-nav\">&rarr; <\/span><\/a><\/p>\n","protected":false},"author":1,"featured_media":0,"comment_status":"closed","ping_status":"closed","sticky":false,"template":"","format":"standard","meta":{"ngg_post_thumbnail":0},"categories":[1],"tags":[],"_links":{"self":[{"href":"https:\/\/www.parafiawierzbno.com.pl\/index.php?rest_route=\/wp\/v2\/posts\/4264"}],"collection":[{"href":"https:\/\/www.parafiawierzbno.com.pl\/index.php?rest_route=\/wp\/v2\/posts"}],"about":[{"href":"https:\/\/www.parafiawierzbno.com.pl\/index.php?rest_route=\/wp\/v2\/types\/post"}],"author":[{"embeddable":true,"href":"https:\/\/www.parafiawierzbno.com.pl\/index.php?rest_route=\/wp\/v2\/users\/1"}],"replies":[{"embeddable":true,"href":"https:\/\/www.parafiawierzbno.com.pl\/index.php?rest_route=%2Fwp%2Fv2%2Fcomments&post=4264"}],"version-history":[{"count":5,"href":"https:\/\/www.parafiawierzbno.com.pl\/index.php?rest_route=\/wp\/v2\/posts\/4264\/revisions"}],"predecessor-version":[{"id":4271,"href":"https:\/\/www.parafiawierzbno.com.pl\/index.php?rest_route=\/wp\/v2\/posts\/4264\/revisions\/4271"}],"wp:attachment":[{"href":"https:\/\/www.parafiawierzbno.com.pl\/index.php?rest_route=%2Fwp%2Fv2%2Fmedia&parent=4264"}],"wp:term":[{"taxonomy":"category","embeddable":true,"href":"https:\/\/www.parafiawierzbno.com.pl\/index.php?rest_route=%2Fwp%2Fv2%2Fcategories&post=4264"},{"taxonomy":"post_tag","embeddable":true,"href":"https:\/\/www.parafiawierzbno.com.pl\/index.php?rest_route=%2Fwp%2Fv2%2Ftags&post=4264"}],"curies":[{"name":"wp","href":"https:\/\/api.w.org\/{rel}","templated":true}]}}