{"id":4283,"date":"2016-05-15T22:15:06","date_gmt":"2016-05-15T20:15:06","guid":{"rendered":"https:\/\/www.parafiawierzbno.com.pl\/?p=4283"},"modified":"2016-05-15T22:15:06","modified_gmt":"2016-05-15T20:15:06","slug":"rycerze-sw-floriana","status":"publish","type":"post","link":"https:\/\/www.parafiawierzbno.com.pl\/?p=4283","title":{"rendered":"Rycerze \u015bw. Floriana"},"content":{"rendered":"<p style=\"text-align: justify;\"><a href=\"https:\/\/www.parafiawierzbno.com.pl\/wp-content\/uploads\/2016\/05\/Ttt_zmie\u0144-rozmiar.jpg\" rel=\"attachment wp-att-4285\"><img loading=\"lazy\" class=\"size-medium wp-image-4285 alignleft\" src=\"https:\/\/www.parafiawierzbno.com.pl\/wp-content\/uploads\/2016\/05\/Ttt_zmie\u0144-rozmiar-225x300.jpg\" alt=\"Ttt_zmie\u0144 rozmiar\" width=\"225\" height=\"300\" srcset=\"https:\/\/www.parafiawierzbno.com.pl\/wp-content\/uploads\/2016\/05\/Ttt_zmie\u0144-rozmiar-225x300.jpg 225w, https:\/\/www.parafiawierzbno.com.pl\/wp-content\/uploads\/2016\/05\/Ttt_zmie\u0144-rozmiar-113x150.jpg 113w, https:\/\/www.parafiawierzbno.com.pl\/wp-content\/uploads\/2016\/05\/Ttt_zmie\u0144-rozmiar.jpg 576w\" sizes=\"(max-width: 225px) 100vw, 225px\" \/><\/a>Z takim okre\u015bleniem druh\u00f3w stra\u017cak\u00f3w mo\u017cemy obecnie si\u0119 spotka\u0107. Istot\u0105 por\u00f3wnania jest uwydatnienie pewnych cech, w\u0142a\u015bciwo\u015bci na zasadzie podobie\u0144stwa do innych, ju\u017c uznanych. W epoce \u015bredniowiecza bycie rycerzem oznacza\u0142o swoisty styl \u017cycia, specjalny status spo\u0142eczny, przywileje, ale jednocze\u015bnie wi\u0105za\u0142o si\u0119 z przestrzeganiem kodeksu rycerskiego i okre\u015blonego ceremonia\u0142u. Kandydat do tego stanu mia\u0142 by\u0107 rycerzem na polu bitwy, rycerzem przy stole i rycerzem w towarzystwie bia\u0142og\u0142owy (wymagana by\u0142a znajomo\u015b\u0107 poezji i umiej\u0119tno\u015b\u0107 \u015bpiewu). By\u0142o to wi\u0119c i wyr\u00f3\u017cnienie, i zobowi\u0105zanie.<\/p>\n<p style=\"text-align: justify;\">\u201eRycerz \u015bw. Floriana\u201d nie musi by\u0107 cz\u0142owiekiem szlachetnie urodzonym, nie przechodzi dosy\u0107 d\u0142ugiej drogi kszta\u0142tuj\u0105cej jego rycerski charakter i obyczajowo\u015b\u0107. Obecnie wystarczy <strong>tylko, a mo\u017ce a\u017c tylko, chcie\u0107 by\u0107 stra\u017cakiem. <\/strong>Bo bycie stra\u017cakiem oznacza pe\u0142n\u0105 dyspozycyjno\u015b\u0107 i s\u0142u\u017cb\u0119. A na to nie ka\u017cdego sta\u0107.<\/p>\n<p style=\"text-align: justify;\">Nasza lokalna spo\u0142eczno\u015b\u0107 jest dumna z dzia\u0142alno\u015bci jednostek OSP w Wierzbnie i OSP w Jaworku. S\u0105 niezawodni w sytuacjach zagro\u017cenia \u017cycia czy dobytku i wtedy, kiedy wskazana jest oprawa wa\u017cnych wydarze\u0144 i uroczysto\u015bci, m.in. ko\u015bcielnych. Od lat stra\u017cacy pe\u0142ni\u0105 wart\u0119 przy Grobie Pa\u0144skim podczas Triduum Paschalnego, stanowi\u0105 asyst\u0119 procesji rezurekcyjnej, odpustowej, Bo\u017cego Cia\u0142a. Czuwaj\u0105 nad bezpiecze\u0144stwem i porz\u0105dkiem w czasie\u00a0 Orszaku Trzech Kr\u00f3li, Festynu Rodzinnego i Drogi Krzy\u017cowej .<\/p>\n<p style=\"text-align: justify;\">1 maja, w przededniu dnia \u015bw. Floriana, w intencji wszystkich stra\u017cak\u00f3w w naszej \u015bwi\u0105tyni sprawowana by\u0142a uroczysta msza \u015bwi\u0119ta. Nasza wdzi\u0119czno\u015b\u0107 za ich pos\u0142ug\u0119 mia\u0142a r\u00f3wnie\u017c wymiar materialny. Dzi\u0119ki ofiarom zebranym na tac\u0119 i \u015brodkom przekazanym przez gminne ko\u0142o ZBOWID i K\u00f3\u0142ko \u017bywego R\u00f3\u017ca\u0144ca z Wierzbna mo\u017cliwy b\u0119dzie zakup torby ratowniczej, niezb\u0119dnej do udzielania pierwszej pomocy przedmedycznej, kt\u00f3r\u0105 jednostka OSP w Wierzbnie dotychczas nie dysponowa\u0142a.<\/p>\n<p style=\"text-align: justify;\">Albert Einstein powiedzia\u0142: \u201eNic naprawd\u0119 cennego nie bierze si\u0119 z ambicji czy te\u017c z samego poczucia obowi\u0105zku; to, co cenne,\u00a0 rodzi si\u0119 z mi\u0142o\u015bci i po\u015bwi\u0119cenia dla innych ludzi\u201d.<\/p>\n<p style=\"text-align: justify;\">Rycerz\u00a0 \u015bw. Floriana to altruista &#8211; cz\u0142owiek bogaty w bezinteresown\u0105 mi\u0142o\u015b\u0107. Wracaj\u0105c do korzeni rycerstwa \u2013 to zaszczyt i zobowi\u0105zanie.<\/p>\n<p style=\"text-align: right;\">Ma\u0142gorzata W\u0105sowska<\/p>\n","protected":false},"excerpt":{"rendered":"<p>Z takim okre\u015bleniem druh\u00f3w stra\u017cak\u00f3w mo\u017cemy obecnie si\u0119 spotka\u0107. Istot\u0105 por\u00f3wnania jest uwydatnienie pewnych cech, w\u0142a\u015bciwo\u015bci na zasadzie podobie\u0144stwa do innych, ju\u017c uznanych. W epoce \u015bredniowiecza bycie rycerzem oznacza\u0142o swoisty styl \u017cycia, specjalny status spo\u0142eczny, przywileje, ale jednocze\u015bnie wi\u0105za\u0142o si\u0119 z przestrzeganiem kodeksu rycerskiego i okre\u015blonego ceremonia\u0142u. Kandydat do tego stanu mia\u0142 by\u0107 rycerzem na polu bitwy, rycerzem przy stole i rycerzem w towarzystwie bia\u0142og\u0142owy (wymagana by\u0142a znajomo\u015b\u0107 poezji i umiej\u0119tno\u015b\u0107 \u015bpiewu). By\u0142o to wi\u0119c i wyr\u00f3\u017cnienie, i zobowi\u0105zanie. \u201eRycerz \u015bw. Floriana\u201d nie musi by\u0107 cz\u0142owiekiem szlachetnie urodzonym, nie przechodzi dosy\u0107 d\u0142ugiej drogi kszta\u0142tuj\u0105cej jego rycerski charakter i obyczajowo\u015b\u0107. Obecnie wystarczy tylko, a mo\u017ce a\u017c tylko, chcie\u0107 by\u0107 stra\u017cakiem. Bo bycie stra\u017cakiem oznacza pe\u0142n\u0105 dyspozycyjno\u015b\u0107 i s\u0142u\u017cb\u0119. A na to nie ka\u017cdego sta\u0107. Nasza lokalna spo\u0142eczno\u015b\u0107 jest dumna z dzia\u0142alno\u015bci jednostek OSP w Wierzbnie i OSP w Jaworku. S\u0105 niezawodni w sytuacjach zagro\u017cenia \u017cycia czy dobytku i wtedy, kiedy wskazana \u2026 <a class=\"continue-reading-link\" href=\"https:\/\/www.parafiawierzbno.com.pl\/?p=4283\">Czytaj dalej <span class=\"meta-nav\">&rarr; <\/span><\/a><\/p>\n","protected":false},"author":1,"featured_media":0,"comment_status":"closed","ping_status":"closed","sticky":false,"template":"","format":"standard","meta":{"ngg_post_thumbnail":0},"categories":[1],"tags":[],"_links":{"self":[{"href":"https:\/\/www.parafiawierzbno.com.pl\/index.php?rest_route=\/wp\/v2\/posts\/4283"}],"collection":[{"href":"https:\/\/www.parafiawierzbno.com.pl\/index.php?rest_route=\/wp\/v2\/posts"}],"about":[{"href":"https:\/\/www.parafiawierzbno.com.pl\/index.php?rest_route=\/wp\/v2\/types\/post"}],"author":[{"embeddable":true,"href":"https:\/\/www.parafiawierzbno.com.pl\/index.php?rest_route=\/wp\/v2\/users\/1"}],"replies":[{"embeddable":true,"href":"https:\/\/www.parafiawierzbno.com.pl\/index.php?rest_route=%2Fwp%2Fv2%2Fcomments&post=4283"}],"version-history":[{"count":2,"href":"https:\/\/www.parafiawierzbno.com.pl\/index.php?rest_route=\/wp\/v2\/posts\/4283\/revisions"}],"predecessor-version":[{"id":4286,"href":"https:\/\/www.parafiawierzbno.com.pl\/index.php?rest_route=\/wp\/v2\/posts\/4283\/revisions\/4286"}],"wp:attachment":[{"href":"https:\/\/www.parafiawierzbno.com.pl\/index.php?rest_route=%2Fwp%2Fv2%2Fmedia&parent=4283"}],"wp:term":[{"taxonomy":"category","embeddable":true,"href":"https:\/\/www.parafiawierzbno.com.pl\/index.php?rest_route=%2Fwp%2Fv2%2Fcategories&post=4283"},{"taxonomy":"post_tag","embeddable":true,"href":"https:\/\/www.parafiawierzbno.com.pl\/index.php?rest_route=%2Fwp%2Fv2%2Ftags&post=4283"}],"curies":[{"name":"wp","href":"https:\/\/api.w.org\/{rel}","templated":true}]}}