{"id":4308,"date":"2016-06-05T11:39:20","date_gmt":"2016-06-05T09:39:20","guid":{"rendered":"https:\/\/www.parafiawierzbno.com.pl\/?p=4308"},"modified":"2016-06-05T11:39:20","modified_gmt":"2016-06-05T09:39:20","slug":"nieoceniony-skarb-eucharystia","status":"publish","type":"post","link":"https:\/\/www.parafiawierzbno.com.pl\/?p=4308","title":{"rendered":"Nieoceniony skarb \u2013 Eucharystia"},"content":{"rendered":"<p><a href=\"https:\/\/www.parafiawierzbno.com.pl\/wp-content\/uploads\/2016\/06\/IMG_8283.jpg\" rel=\"attachment wp-att-4311\"><img loading=\"lazy\" class=\"size-medium wp-image-4311 alignleft\" src=\"https:\/\/www.parafiawierzbno.com.pl\/wp-content\/uploads\/2016\/06\/IMG_8283-300x200.jpg\" alt=\"IMG_8283\" width=\"300\" height=\"200\" srcset=\"https:\/\/www.parafiawierzbno.com.pl\/wp-content\/uploads\/2016\/06\/IMG_8283-300x200.jpg 300w, https:\/\/www.parafiawierzbno.com.pl\/wp-content\/uploads\/2016\/06\/IMG_8283-768x512.jpg 768w, https:\/\/www.parafiawierzbno.com.pl\/wp-content\/uploads\/2016\/06\/IMG_8283.jpg 1024w, https:\/\/www.parafiawierzbno.com.pl\/wp-content\/uploads\/2016\/06\/IMG_8283-225x150.jpg 225w, https:\/\/www.parafiawierzbno.com.pl\/wp-content\/uploads\/2016\/06\/IMG_8283-150x100.jpg 150w\" sizes=\"(max-width: 300px) 100vw, 300px\" \/><\/a>W Ko\u015bciele otrzymujemy od Jezusa Chrystusa bezcenny skarb. On Sam daje si\u0119 nam w Eucharystii jako pokarm dla duszy. Pan Jezus m\u00f3wi do swoich uczni\u00f3w, r\u00f3wnie\u017c tych dzisiejszych: <em>\u201eJa jestem chlebem \u017cywym, kt\u00f3ry zst\u0105pi\u0142 z nieba. Je\u015bli kto\u015b spo\u017cywa ten chleb b\u0119dzie \u017cy\u0142 na wieki. Chlebem, kt\u00f3ry Ja dam, jest moje cia\u0142o, wydane za \u017cycie \u015bwiata. (&#8230;) Je\u017celi nie b\u0119dziecie jedli Cia\u0142a Syna Cz\u0142owieczego ani pili Krwi Jego, nie b\u0119dziecie mieli \u017cycia w sobie. Kto spo\u017cywa moje Cia\u0142o i pije moj\u0105 Krew, ma \u017cycie wieczne&#8230; (J 6,51.53-54).<\/em><\/p>\n<p>Jednym z objaw\u00f3w choroby, opr\u00f3cz podwy\u017cszonej temperatury i z\u0142ego samopoczucia, jest brak apetytu. U wielu chrze\u015bcijan symptomem duchowej choroby (czyli os\u0142abienia wiary) jest \u201ebrak apetytu\u201d do czytania Ewangelii i cz\u0119stego przyjmowania Chrystusa w Komunii \u015bw. Nasz rodak, \u015bw. Jan Pawe\u0142 II powiedzia\u0142 do m\u0142odzie\u017cy: \u201eChrystus nie chce, \u017ceby\u015bmy byli g\u0142odni. Chrystus nie chce, \u017ceby\u015bmy byli pu\u015bci. Ch<a href=\"https:\/\/www.parafiawierzbno.com.pl\/wp-content\/uploads\/2016\/06\/IMG_8240.jpg\" rel=\"attachment wp-att-4312\"><img loading=\"lazy\" class=\"size-medium wp-image-4312 alignright\" src=\"https:\/\/www.parafiawierzbno.com.pl\/wp-content\/uploads\/2016\/06\/IMG_8240-300x200.jpg\" alt=\"IMG_8240\" width=\"300\" height=\"200\" srcset=\"https:\/\/www.parafiawierzbno.com.pl\/wp-content\/uploads\/2016\/06\/IMG_8240-300x200.jpg 300w, https:\/\/www.parafiawierzbno.com.pl\/wp-content\/uploads\/2016\/06\/IMG_8240-768x512.jpg 768w, https:\/\/www.parafiawierzbno.com.pl\/wp-content\/uploads\/2016\/06\/IMG_8240.jpg 1024w, https:\/\/www.parafiawierzbno.com.pl\/wp-content\/uploads\/2016\/06\/IMG_8240-225x150.jpg 225w, https:\/\/www.parafiawierzbno.com.pl\/wp-content\/uploads\/2016\/06\/IMG_8240-150x100.jpg 150w\" sizes=\"(max-width: 300px) 100vw, 300px\" \/><\/a>ce, \u017ceby\u015bmy byli nasyceni duchowo prawd\u0105 i mi\u0142o\u015bci\u0105 przy stole s\u0142owa Bo\u017cego i przy stole Eucharystii\u201d <em>(Cz\u0119stochowa, 06.6.1979 r.)<\/em><\/p>\n<p>Uroczysto\u015b\u0107 Naj\u015bwi\u0119tszego Cia\u0142a i Krwi Chrystusa i procesja eucharystyczna to szansa na o\u017cywienie os\u0142ab\u0142ej wiary i nape\u0142nienie serc radosn\u0105 ufno\u015bci\u0105 do Chrystusa w Eucharystii. Z entuzjazmem \u015bpiewamy podczas procesji: <em>\u201eZr\u00f3bcie Mu miejsce \u2013 Pan idzie z nieba, pod przymiotami ukryty chleba. Zagrody nasze widzie\u0107 przychodzi, i jak si\u0119 dzieciom Jego powodzi\u201d<\/em>. Chrystus Pan wci\u0105\u017c czeka na ka\u017cdego z nas w tabernakulum katolickich \u015bwi\u0105ty\u0144. Nasz Pan i wierny Przyjaciel jest obecny, ale niestety przez wielu zapomniany.\u00a0 Wci\u0105\u017c nas zaprasza: \u00a0\u201ePrzyjd\u017acie do Mnie wszyscy, kt\u00f3rzy utrudzeni i obci\u0105\u017ceni jeste\u015bcie, a Ja was pokrzepi\u0119\u201d <em>(Mt 11, 28).<\/em> <strong>Gor\u0105co prosz\u0119, nie \u017ca\u0142ujmy czasu na nawiedzenie Naj\u015bwi\u0119tszego Sakramentu i <a href=\"https:\/\/www.parafiawierzbno.com.pl\/wp-content\/uploads\/2016\/06\/IMG_8251.jpg\" rel=\"attachment wp-att-4313\"><img loading=\"lazy\" class=\"size-medium wp-image-4313 alignleft\" src=\"https:\/\/www.parafiawierzbno.com.pl\/wp-content\/uploads\/2016\/06\/IMG_8251-200x300.jpg\" alt=\"IMG_8251\" width=\"200\" height=\"300\" srcset=\"https:\/\/www.parafiawierzbno.com.pl\/wp-content\/uploads\/2016\/06\/IMG_8251-200x300.jpg 200w, https:\/\/www.parafiawierzbno.com.pl\/wp-content\/uploads\/2016\/06\/IMG_8251-100x150.jpg 100w, https:\/\/www.parafiawierzbno.com.pl\/wp-content\/uploads\/2016\/06\/IMG_8251.jpg 512w\" sizes=\"(max-width: 200px) 100vw, 200px\" \/><\/a>osobist\u0105 rozmow\u0119 z Chrystusem, kt\u00f3ry z mi\u0142o\u015bci zosta\u0142 dla nas, jako wi\u0119zie\u0144 tabernakulum. <\/strong><\/p>\n<p>Ojciec \u015bwi\u0119ty Jan Pawe\u0142 II powiedzia\u0142 na Kongresie Eucharystycznym we Wroc\u0142awiu: \u201eChrystus obecny w Eucharystii uczy nas, czym jest prawdziwa wolno\u015b\u0107 i jak z niej korzysta\u0107. Cz\u0142owiek dzisiaj potrzebuje wielkiego powrotu do Eucharystii. Tylko ona bowiem mo\u017ce objawi\u0107 pe\u0142ni\u0119 niesko\u0144czonej mi\u0142o\u015bci Boga i odpowiedzie\u0107 na jego pragnienie mi\u0142o\u015bci\u201d <em>(Wroc\u0142aw, 01.6.1997 r.).<\/em><\/p>\n<p><em>\u00a0<\/em><\/p>\n<p style=\"text-align: right;\"><em>Ze swej strony staram si\u0119 codziennie o 15.00 trwa\u0107 przed Chrystusem Eucharystycznym<\/em><\/p>\n<p style=\"text-align: right;\"><em>\u00a0i zawierza\u0107 Jego Mi\u0142osierdziu ca\u0142\u0105 Ojczyzn\u0119, ka\u017cd\u0105 rodzin\u0119 i tych, do kt\u00f3rych jestem pos\u0142any.<\/em><\/p>\n<p style=\"text-align: right;\"><em>&#8211; Ks. Kazimierz<a href=\"https:\/\/www.parafiawierzbno.com.pl\/wp-content\/uploads\/2016\/06\/DJI_0142.jpg\" rel=\"attachment wp-att-4314\"><img loading=\"lazy\" class=\"size-large wp-image-4314 aligncenter\" src=\"https:\/\/www.parafiawierzbno.com.pl\/wp-content\/uploads\/2016\/06\/DJI_0142-1024x576.jpg\" alt=\"DJI_0142.JPG\" width=\"650\" height=\"366\" srcset=\"https:\/\/www.parafiawierzbno.com.pl\/wp-content\/uploads\/2016\/06\/DJI_0142.jpg 1024w, https:\/\/www.parafiawierzbno.com.pl\/wp-content\/uploads\/2016\/06\/DJI_0142-300x169.jpg 300w, https:\/\/www.parafiawierzbno.com.pl\/wp-content\/uploads\/2016\/06\/DJI_0142-768x432.jpg 768w, https:\/\/www.parafiawierzbno.com.pl\/wp-content\/uploads\/2016\/06\/DJI_0142-250x141.jpg 250w, https:\/\/www.parafiawierzbno.com.pl\/wp-content\/uploads\/2016\/06\/DJI_0142-150x84.jpg 150w\" sizes=\"(max-width: 650px) 100vw, 650px\" \/><\/a><\/em><\/p>\n","protected":false},"excerpt":{"rendered":"<p>W Ko\u015bciele otrzymujemy od Jezusa Chrystusa bezcenny skarb. On Sam daje si\u0119 nam w Eucharystii jako pokarm dla duszy. Pan Jezus m\u00f3wi do swoich uczni\u00f3w, r\u00f3wnie\u017c tych dzisiejszych: \u201eJa jestem chlebem \u017cywym, kt\u00f3ry zst\u0105pi\u0142 z nieba. Je\u015bli kto\u015b spo\u017cywa ten chleb b\u0119dzie \u017cy\u0142 na wieki. Chlebem, kt\u00f3ry Ja dam, jest moje cia\u0142o, wydane za \u017cycie \u015bwiata. (&#8230;) Je\u017celi nie b\u0119dziecie jedli Cia\u0142a Syna Cz\u0142owieczego ani pili Krwi Jego, nie b\u0119dziecie mieli \u017cycia w sobie. Kto spo\u017cywa moje Cia\u0142o i pije moj\u0105 Krew, ma \u017cycie wieczne&#8230; (J 6,51.53-54). Jednym z objaw\u00f3w choroby, opr\u00f3cz podwy\u017cszonej temperatury i z\u0142ego samopoczucia, jest brak apetytu. U wielu chrze\u015bcijan symptomem duchowej choroby (czyli os\u0142abienia wiary) jest \u201ebrak apetytu\u201d do czytania Ewangelii i cz\u0119stego przyjmowania Chrystusa w Komunii \u015bw. Nasz rodak, \u015bw. Jan Pawe\u0142 II powiedzia\u0142 do m\u0142odzie\u017cy: \u201eChrystus nie chce, \u017ceby\u015bmy byli g\u0142odni. Chrystus nie chce, \u017ceby\u015bmy byli pu\u015bci. Chce, \u017ceby\u015bmy byli nasyceni duchowo prawd\u0105 i \u2026 <a class=\"continue-reading-link\" href=\"https:\/\/www.parafiawierzbno.com.pl\/?p=4308\">Czytaj dalej <span class=\"meta-nav\">&rarr; <\/span><\/a><\/p>\n","protected":false},"author":1,"featured_media":0,"comment_status":"closed","ping_status":"closed","sticky":false,"template":"","format":"standard","meta":{"ngg_post_thumbnail":0},"categories":[1],"tags":[],"_links":{"self":[{"href":"https:\/\/www.parafiawierzbno.com.pl\/index.php?rest_route=\/wp\/v2\/posts\/4308"}],"collection":[{"href":"https:\/\/www.parafiawierzbno.com.pl\/index.php?rest_route=\/wp\/v2\/posts"}],"about":[{"href":"https:\/\/www.parafiawierzbno.com.pl\/index.php?rest_route=\/wp\/v2\/types\/post"}],"author":[{"embeddable":true,"href":"https:\/\/www.parafiawierzbno.com.pl\/index.php?rest_route=\/wp\/v2\/users\/1"}],"replies":[{"embeddable":true,"href":"https:\/\/www.parafiawierzbno.com.pl\/index.php?rest_route=%2Fwp%2Fv2%2Fcomments&post=4308"}],"version-history":[{"count":7,"href":"https:\/\/www.parafiawierzbno.com.pl\/index.php?rest_route=\/wp\/v2\/posts\/4308\/revisions"}],"predecessor-version":[{"id":4320,"href":"https:\/\/www.parafiawierzbno.com.pl\/index.php?rest_route=\/wp\/v2\/posts\/4308\/revisions\/4320"}],"wp:attachment":[{"href":"https:\/\/www.parafiawierzbno.com.pl\/index.php?rest_route=%2Fwp%2Fv2%2Fmedia&parent=4308"}],"wp:term":[{"taxonomy":"category","embeddable":true,"href":"https:\/\/www.parafiawierzbno.com.pl\/index.php?rest_route=%2Fwp%2Fv2%2Fcategories&post=4308"},{"taxonomy":"post_tag","embeddable":true,"href":"https:\/\/www.parafiawierzbno.com.pl\/index.php?rest_route=%2Fwp%2Fv2%2Ftags&post=4308"}],"curies":[{"name":"wp","href":"https:\/\/api.w.org\/{rel}","templated":true}]}}