{"id":4322,"date":"2016-06-15T08:08:15","date_gmt":"2016-06-15T06:08:15","guid":{"rendered":"https:\/\/www.parafiawierzbno.com.pl\/?p=4322"},"modified":"2016-06-15T08:08:15","modified_gmt":"2016-06-15T06:08:15","slug":"badzmy-hojni-dla-misji","status":"publish","type":"post","link":"https:\/\/www.parafiawierzbno.com.pl\/?p=4322","title":{"rendered":"B\u0105d\u017amy hojni dla misji"},"content":{"rendered":"<p><a href=\"https:\/\/www.parafiawierzbno.com.pl\/wp-content\/uploads\/2016\/06\/20160605_155620.jpg\" rel=\"attachment wp-att-4325\"><img loading=\"lazy\" class=\"size-medium wp-image-4325 alignleft\" src=\"https:\/\/www.parafiawierzbno.com.pl\/wp-content\/uploads\/2016\/06\/20160605_155620-300x225.jpg\" alt=\"20160605_155620\" width=\"300\" height=\"225\" srcset=\"https:\/\/www.parafiawierzbno.com.pl\/wp-content\/uploads\/2016\/06\/20160605_155620-300x225.jpg 300w, https:\/\/www.parafiawierzbno.com.pl\/wp-content\/uploads\/2016\/06\/20160605_155620-768x576.jpg 768w, https:\/\/www.parafiawierzbno.com.pl\/wp-content\/uploads\/2016\/06\/20160605_155620.jpg 1024w, https:\/\/www.parafiawierzbno.com.pl\/wp-content\/uploads\/2016\/06\/20160605_155620-200x150.jpg 200w, https:\/\/www.parafiawierzbno.com.pl\/wp-content\/uploads\/2016\/06\/20160605_155620-150x113.jpg 150w\" sizes=\"(max-width: 300px) 100vw, 300px\" \/><\/a>W niedziel\u0119 <strong>5 czerwca<\/strong> go\u015bcili\u015bmy w Wierzbnie misjonarza z Boliwii <strong>ks. Jaros\u0142awa Dziedzica<\/strong>. Jest on przyjacielem naszej parafii i dlatego ch\u0119tnie nas odwiedza podczas pobytu w Ojczy\u017anie. Opowiada\u0142 nam o swojej nowej parafii w Quiroga w boliwijskich Andach. Obs\u0142uguje katolik\u00f3w ze szczep\u00f3w india\u0144skich w 27 wioskach na wysoko\u015bci ponad 3000 m n.p.m. W Quiroga nie by\u0142o na sta\u0142e misjonarza przez prawie 80 lat i potrzeba teraz du\u017co wytrwa\u0142o\u015bci w g\u0142oszeniu Ewangelii i du\u017cych nak\u0142ad\u00f3w materialnych dla wyposa\u017cenia ko\u015bcio\u0142a i sali katechetycznej dla dzieci.<\/p>\n<p>W mojej pami\u0119ci utkwi\u0142a jedna historia, opowiedziana przez ks. Jarka. Do ko\u015bcio\u0142a w Quiroga wszed\u0142 starszy Indianin i stan\u0105\u0142 przy o\u0142tarzu przed figur\u0105 Matki Bo\u017cej. Potem p\u0119dzlem zacz\u0105\u0142 malowa\u0107 t\u0119 figur\u0119. Ks. Jaros\u0142aw poszed\u0142 do niego, widzi, \u017ce p\u0119dzel jest suchy i pyta: co on robi? Indianin odpowiada, \u017ce zbiera kurz z szat Maryi. By\u0142 u czarownika i ten poleci\u0142 mu wypi\u0107 kurz z sukienki Maryi z wod\u0105, a b\u0119dzie znowu zdrowy.<\/p>\n<p>Misjonarz ks. Jaros\u0142aw przeszed\u0142 operacj\u0119 na kolano, przechodzi obecnie rehabilitacj\u0119, a 19 lipca zn\u00f3w wraca do Boliwii.<\/p>\n<p>Bracie i Siostro! W ka\u017cdym z nas drzemie wiele mo\u017cliwo\u015bci i dobroci, ale nie zawsze mamy okazj\u0119, aby \u015bwiadczy\u0107 cich\u0105 bezinteresown\u0105 mi\u0142o\u015b\u0107.<\/p>\n<p>Mo\u017cemy wesprze\u0107 misje w Boliwii wp\u0142acaj\u0105c na konto: <strong>Ks. Jaros\u0142aw Dziedzic<\/strong><\/p>\n<p><strong>Bank PekaO S.A. IIO\/BP 56 1240 1141 1111 0010 2291 0122<\/strong> z dopiskiem: <strong><em>Mi\u0142osierny dla misji.<\/em><\/strong><\/p>\n<p style=\"text-align: right;\"><em>Z serca dzi\u0119kuj\u0119 za wsparcie misjonarza ofiar\u0105 i modlitw\u0105. Ks. Kazimierz<\/em><\/p>\n","protected":false},"excerpt":{"rendered":"<p>W niedziel\u0119 5 czerwca go\u015bcili\u015bmy w Wierzbnie misjonarza z Boliwii ks. Jaros\u0142awa Dziedzica. Jest on przyjacielem naszej parafii i dlatego ch\u0119tnie nas odwiedza podczas pobytu w Ojczy\u017anie. Opowiada\u0142 nam o swojej nowej parafii w Quiroga w boliwijskich Andach. Obs\u0142uguje katolik\u00f3w ze szczep\u00f3w india\u0144skich w 27 wioskach na wysoko\u015bci ponad 3000 m n.p.m. W Quiroga nie by\u0142o na sta\u0142e misjonarza przez prawie 80 lat i potrzeba teraz du\u017co wytrwa\u0142o\u015bci w g\u0142oszeniu Ewangelii i du\u017cych nak\u0142ad\u00f3w materialnych dla wyposa\u017cenia ko\u015bcio\u0142a i sali katechetycznej dla dzieci. W mojej pami\u0119ci utkwi\u0142a jedna historia, opowiedziana przez ks. Jarka. Do ko\u015bcio\u0142a w Quiroga wszed\u0142 starszy Indianin i stan\u0105\u0142 przy o\u0142tarzu przed figur\u0105 Matki Bo\u017cej. Potem p\u0119dzlem zacz\u0105\u0142 malowa\u0107 t\u0119 figur\u0119. Ks. Jaros\u0142aw poszed\u0142 do niego, widzi, \u017ce p\u0119dzel jest suchy i pyta: co on robi? Indianin odpowiada, \u017ce zbiera kurz z szat Maryi. By\u0142 u czarownika i ten poleci\u0142 mu wypi\u0107 kurz z sukienki Maryi z \u2026 <a class=\"continue-reading-link\" href=\"https:\/\/www.parafiawierzbno.com.pl\/?p=4322\">Czytaj dalej <span class=\"meta-nav\">&rarr; <\/span><\/a><\/p>\n","protected":false},"author":1,"featured_media":0,"comment_status":"closed","ping_status":"closed","sticky":false,"template":"","format":"standard","meta":{"ngg_post_thumbnail":0},"categories":[1],"tags":[],"_links":{"self":[{"href":"https:\/\/www.parafiawierzbno.com.pl\/index.php?rest_route=\/wp\/v2\/posts\/4322"}],"collection":[{"href":"https:\/\/www.parafiawierzbno.com.pl\/index.php?rest_route=\/wp\/v2\/posts"}],"about":[{"href":"https:\/\/www.parafiawierzbno.com.pl\/index.php?rest_route=\/wp\/v2\/types\/post"}],"author":[{"embeddable":true,"href":"https:\/\/www.parafiawierzbno.com.pl\/index.php?rest_route=\/wp\/v2\/users\/1"}],"replies":[{"embeddable":true,"href":"https:\/\/www.parafiawierzbno.com.pl\/index.php?rest_route=%2Fwp%2Fv2%2Fcomments&post=4322"}],"version-history":[{"count":3,"href":"https:\/\/www.parafiawierzbno.com.pl\/index.php?rest_route=\/wp\/v2\/posts\/4322\/revisions"}],"predecessor-version":[{"id":4326,"href":"https:\/\/www.parafiawierzbno.com.pl\/index.php?rest_route=\/wp\/v2\/posts\/4322\/revisions\/4326"}],"wp:attachment":[{"href":"https:\/\/www.parafiawierzbno.com.pl\/index.php?rest_route=%2Fwp%2Fv2%2Fmedia&parent=4322"}],"wp:term":[{"taxonomy":"category","embeddable":true,"href":"https:\/\/www.parafiawierzbno.com.pl\/index.php?rest_route=%2Fwp%2Fv2%2Fcategories&post=4322"},{"taxonomy":"post_tag","embeddable":true,"href":"https:\/\/www.parafiawierzbno.com.pl\/index.php?rest_route=%2Fwp%2Fv2%2Ftags&post=4322"}],"curies":[{"name":"wp","href":"https:\/\/api.w.org\/{rel}","templated":true}]}}