{"id":4378,"date":"2016-08-04T07:48:04","date_gmt":"2016-08-04T05:48:04","guid":{"rendered":"https:\/\/www.parafiawierzbno.com.pl\/?p=4378"},"modified":"2016-08-04T07:48:04","modified_gmt":"2016-08-04T05:48:04","slug":"mlodziez-napelnia-kosciol-entuzjazmem-wiary-swiatowe-dni-mlodziezy-w-diecezji-siedleckiej","status":"publish","type":"post","link":"https:\/\/www.parafiawierzbno.com.pl\/?p=4378","title":{"rendered":"M\u0142odzie\u017c nape\u0142nia Ko\u015bci\u00f3\u0142 entuzjazmem wiary \u2013 \u015awiatowe Dni M\u0142odzie\u017cy w Diecezji Siedleckiej"},"content":{"rendered":"<p>\u015awiatowe Dni M\u0142odzie\u017cy prze\u017cywane w naszej diecezji od 20 do 25 lipca to wielkie dzie\u0142o Bo\u017ce. Samo spotkanie z grupami m\u0142odych katolik\u00f3w, kt\u00f3rzy przybyli na Podlasie z 40 pa\u0144stw, aby dzieli\u0107 si\u0119 entuzjazmem swojej wiary i wsp\u00f3lnie z nami si\u0119 modli\u0107 i \u015bpiewa\u0107, jest du\u017cym impulsem dla nas.<\/p>\n<p>Osobi\u015bcie, jako dzia\u0142anie Ducha \u015awi\u0119tego, przyj\u0105\u0142em nieoczekiwane spotkanie z m\u0142odym katolikiem z Tomska na Syberii. Jak co miesi\u0105c 19 lipca przyjecha\u0142em na dy\u017cur spo<a href=\"https:\/\/www.parafiawierzbno.com.pl\/wp-content\/uploads\/2016\/08\/1.jpg\" rel=\"attachment wp-att-4380\"><img loading=\"lazy\" class=\"size-medium wp-image-4380 alignright\" src=\"https:\/\/www.parafiawierzbno.com.pl\/wp-content\/uploads\/2016\/08\/1-300x225.jpg\" alt=\"1\" width=\"300\" height=\"225\" srcset=\"https:\/\/www.parafiawierzbno.com.pl\/wp-content\/uploads\/2016\/08\/1-300x225.jpg 300w, https:\/\/www.parafiawierzbno.com.pl\/wp-content\/uploads\/2016\/08\/1-768x576.jpg 768w, https:\/\/www.parafiawierzbno.com.pl\/wp-content\/uploads\/2016\/08\/1-200x150.jpg 200w, https:\/\/www.parafiawierzbno.com.pl\/wp-content\/uploads\/2016\/08\/1-150x113.jpg 150w, https:\/\/www.parafiawierzbno.com.pl\/wp-content\/uploads\/2016\/08\/1.jpg 778w\" sizes=\"(max-width: 300px) 100vw, 300px\" \/><\/a>wiedniczy w katedrze siedleckiej i przed pos\u0142ug\u0105 w konfesjonale modli\u0142em si\u0119 przed Naj\u015bwi\u0119tszym Sakramentem. Podchodzi do mnie m\u0142ody ch\u0142opak i m\u00f3wi: <em>\u00ab<\/em><em>\u0421\u043b\u0430\u0432\u0430 \u0418\u0438\u0441\u0443\u0441\u0443 \u0425\u0440\u0438\u0441\u0442\u0443, \u043e\u0442\u0435\u0446 \u041a\u0430\u0437\u0438\u043c\u0438\u0440. \u042f \u041d\u0438\u043a\u0438\u0442\u0430 \u0438\u0437 \u0422\u043e\u043c\u0441\u043a\u0430 \u0438 \u0437\u0434\u0435\u0441\u044c \u043d\u0430\u0445\u043e\u0434\u0438\u0442\u0441\u044f \u0433\u0440\u0443\u043f\u043f\u0430 \u043c\u043e\u043b\u043e\u0434\u0435\u0436\u0438 \u0438\u0437 \u0421\u0438\u0431\u0438\u0440\u0438\u00bb.<\/em> Jakim cudem on mnie pozna\u0142, przecie\u017c w Tomsku na Syberii pos\u0142ugiwa\u0142em w latach 1992-1995, a p\u00f3\u017aniej tylko kilkakrotnie prowadzi\u0142em tam rekolekcje. Pan B\u00f3g sam zaplanowa\u0142 to spotkanie.<\/p>\n<p>W czwartek <strong>21 lipca<\/strong> wraz z ks. Adamem i m\u0142odzie\u017c\u0105 z Gr\u0119bkowa uczestniczymy w <strong>Gali otwarcia \u015awiatowych Dni M\u0142odzie\u017cy w Siedlcach<\/strong>. Najpierw wszyscy zbieramy si\u0119 na Placu im. gen. W\u0142. Sikorskiego. Zobaczy\u0142em wielk\u0105 radosn\u0105 wsp\u00f3lnot\u0119 m\u0142odych z r\u00f3\u017cnych kraj\u00f3w (z Francji i Portugalii, z Bia\u0142orusi, Litwy i S\u0142owacji, z Filipin, Rosji i Libanu, z Islandii, Kanady i USA, z Boliwii, Brazylii i Argentyny, z Czadu, Kongo i Arabii Saudyjskiej) roz\u015bpiewanych, ta\u0144cz\u0105cych i wymachuj\u0105cych swoimi flagami. To jest w\u0142a\u015bnie Ko\u015bci\u00f3\u0142 Katolicki czyli Powszechny. Pocz\u0105tkowo przyznam si\u0119 nie potrafi\u0142em si\u0119 odnale\u017a\u0107 w tym barwnym t\u0142umie, aby podskakiwa\u0107 i klaska\u0107 w d\u0142onie.<\/p>\n<p><a href=\"https:\/\/www.parafiawierzbno.com.pl\/wp-content\/uploads\/2016\/08\/2.jpg\" rel=\"attachment wp-att-4381\"><img loading=\"lazy\" class=\"size-medium wp-image-4381 alignleft\" src=\"https:\/\/www.parafiawierzbno.com.pl\/wp-content\/uploads\/2016\/08\/2-300x225.jpg\" alt=\"2\" width=\"300\" height=\"225\" srcset=\"https:\/\/www.parafiawierzbno.com.pl\/wp-content\/uploads\/2016\/08\/2-300x225.jpg 300w, https:\/\/www.parafiawierzbno.com.pl\/wp-content\/uploads\/2016\/08\/2-768x576.jpg 768w, https:\/\/www.parafiawierzbno.com.pl\/wp-content\/uploads\/2016\/08\/2-200x150.jpg 200w, https:\/\/www.parafiawierzbno.com.pl\/wp-content\/uploads\/2016\/08\/2-150x113.jpg 150w, https:\/\/www.parafiawierzbno.com.pl\/wp-content\/uploads\/2016\/08\/2.jpg 778w\" sizes=\"(max-width: 300px) 100vw, 300px\" \/><\/a>Nast\u0119pnie w rozta\u0144czonym pochodzie przeszli\u015bmy na siedleckie b\u0142onia. Na pocz\u0105tku kolumny m\u0142odzie\u017c i tancerze Zespo\u0142u \u201eChodowiacy\u201d szli w takt poloneza, jeszcze splendoru. Powitanie grup m\u0142odzie\u017cy w kilku j\u0119zykach by\u0142o przeplatane hymnami SDM z ubieg\u0142ych lat. I tu znowu niespodzianka: podchodzi do mnie ch\u0142opak z dziewczyn\u0105 i zaczynamy rozmawia\u0107 po rosyjsku. To Walera z Tiumieni i Oksana z Omutinki na Syberii. J\u0105 przygotowywa\u0142em przed laty do I Komunii \u015bw, a Walera mia\u0142 4 lata jak z matk\u0105 przychodzi\u0142 do ko\u015bcio\u0142a w Tiumieniu i spa\u0142 na \u0142awce podczas Mszy \u015bw. Wielbi\u0119 Boga za takie spotkania i ogarniam ich modlitw\u0105. Na zako\u0144czenie Gali otwarcia obejrzeli\u015bmy jeszcze pi\u0119kny Spektakl: <strong>\u201eSiedlczanie do ta\u0144ca i do R\u00f3\u017ca\u0144ca\u201d,<\/strong> ukazuj\u0105cy prze\u0142omowe momenty naszych dziej\u00f3w w wykonaniu wielu zespo\u0142\u00f3w naszego regionu. <a href=\"https:\/\/www.parafiawierzbno.com.pl\/wp-content\/uploads\/2016\/08\/3.jpg\" rel=\"attachment wp-att-4382\"><img loading=\"lazy\" class=\"size-medium wp-image-4382 alignright\" src=\"https:\/\/www.parafiawierzbno.com.pl\/wp-content\/uploads\/2016\/08\/3-300x200.jpg\" alt=\"3\" width=\"300\" height=\"200\" srcset=\"https:\/\/www.parafiawierzbno.com.pl\/wp-content\/uploads\/2016\/08\/3-300x200.jpg 300w, https:\/\/www.parafiawierzbno.com.pl\/wp-content\/uploads\/2016\/08\/3-768x512.jpg 768w, https:\/\/www.parafiawierzbno.com.pl\/wp-content\/uploads\/2016\/08\/3-225x150.jpg 225w, https:\/\/www.parafiawierzbno.com.pl\/wp-content\/uploads\/2016\/08\/3-150x100.jpg 150w, https:\/\/www.parafiawierzbno.com.pl\/wp-content\/uploads\/2016\/08\/3.jpg 800w\" sizes=\"(max-width: 300px) 100vw, 300px\" \/><\/a><\/p>\n<p>Kolejnym wa\u017cnym wydarzeniem, w kt\u00f3rym z m\u0142odzie\u017c\u0105 z Wierzbna uczestniczyli\u015bmy, by\u0142o <strong>spotkanie w Kodniu<\/strong><strong>. <\/strong>Kilka tysi\u0119cy m\u0142odych ludzi z ca\u0142ego \u015bwiata wzi\u0119\u0142o udzia\u0142 23 lipca we wsp\u00f3lnej Eucharystii, kt\u00f3ra zosta\u0142a odprawiona w Sanktuarium Matki Bo\u017cej w Kodniu. Ks. Biskup Kazimierz Gurda podkre\u015bli\u0142 w homilii: Tworzymy jedno\u015b\u0107 pomimo, \u017ce przyjechali\u015bmy z r\u00f3\u017cnych cz\u0119\u015bci globu.<\/p>\n<p>Dzisiaj podzielonemu \u015bwiatu, podzielonemu spo\u0142ecze\u0144stwu, podzielonej rodzinie, podzielonemu w swoim wn\u0119trzu i w swoim sercu cz\u0142owiekowi, potrzebna jest jedno\u015b\u0107, potrzebne jest poczucie wi\u0119zi z innymi, potrzebne jest wzajemne zaufanie. Dlatego przychodzimy razem z Wami do Maryi, Matki Jedno\u015bci. Tylko Ona potrafi dostrzec nasz\u0105 potrzeb\u0119, kt\u00f3rej nikt poza Jezusem nie potrafi zaradzi\u0107.\u00a0 Uroczystej Eucharystii przewodniczy\u0142 abp z Francji, a razem z nim sprawowa\u0142o j\u0105 kilkunastu biskup\u00f3w i oko\u0142o 120 kap\u0142an\u00f3w.<\/p>\n<p><a href=\"https:\/\/www.parafiawierzbno.com.pl\/wp-content\/uploads\/2016\/08\/4.jpg\" rel=\"attachment wp-att-4383\"><img loading=\"lazy\" class=\"size-medium wp-image-4383 alignleft\" src=\"https:\/\/www.parafiawierzbno.com.pl\/wp-content\/uploads\/2016\/08\/4-300x200.jpg\" alt=\"4\" width=\"300\" height=\"200\" srcset=\"https:\/\/www.parafiawierzbno.com.pl\/wp-content\/uploads\/2016\/08\/4-300x200.jpg 300w, https:\/\/www.parafiawierzbno.com.pl\/wp-content\/uploads\/2016\/08\/4-768x512.jpg 768w, https:\/\/www.parafiawierzbno.com.pl\/wp-content\/uploads\/2016\/08\/4-225x150.jpg 225w, https:\/\/www.parafiawierzbno.com.pl\/wp-content\/uploads\/2016\/08\/4-150x100.jpg 150w, https:\/\/www.parafiawierzbno.com.pl\/wp-content\/uploads\/2016\/08\/4.jpg 800w\" sizes=\"(max-width: 300px) 100vw, 300px\" \/><\/a>Po mszy \u015bw. m\u0142odzie\u017c mia\u0142a okazj\u0119 wys\u0142ucha\u0107 \u015bwiadectwo nawr\u00f3cenia. Nast\u0119pnie zosta\u0142 wystawiony spektakl zatytu\u0142owany <strong>\u201eSzk\u0142o\u201d<\/strong> w re\u017cyserii Joanny Woszczy\u0144skiej. W rol\u0119 aktor\u00f3w wcielili si\u0119 m\u0142odzi tancerze z siedleckiego Alternatywnego Teatru Ta\u0144ca \u201eLuz\u201d. Spektakl zawiera\u0142 wspomnienia dzieci, kt\u00f3re wychowa\u0142y si\u0119 w rodzinie z problemem alkoholowym.<\/p>\n<p>Modl\u0119 si\u0119 o owoce \u015awiatowych Dni M\u0142odzie\u017cy, bo Chrystus Pan dociera do serc m\u0142odych. Zako\u0144cz\u0119 s\u0142owami ks. Kardyna\u0142a Stanis\u0142awa Dziwisza: <em>\u201eNiech p\u0142omie\u0144 mi\u0142o\u015bci ogarnie nasz \u015bwiat! Nie\u015bcie \u015bwiatu Dobr\u0105 Nowin\u0119 o Jezusie Chrystusie. Dawajcie \u015bwiadectwo, \u017ce warto i trzeba Mu zawierzy\u0107 nasz los\u201d.<\/em><\/p>\n<p style=\"text-align: right;\"><em>Ks. Kazimierz<\/em><\/p>\n<p><a href=\"https:\/\/www.parafiawierzbno.com.pl\/wp-content\/uploads\/2016\/08\/5.jpg\" rel=\"attachment wp-att-4384\"><img loading=\"lazy\" class=\"size-full wp-image-4384 aligncenter\" src=\"https:\/\/www.parafiawierzbno.com.pl\/wp-content\/uploads\/2016\/08\/5.jpg\" alt=\"5\" width=\"800\" height=\"533\" srcset=\"https:\/\/www.parafiawierzbno.com.pl\/wp-content\/uploads\/2016\/08\/5.jpg 800w, https:\/\/www.parafiawierzbno.com.pl\/wp-content\/uploads\/2016\/08\/5-300x200.jpg 300w, https:\/\/www.parafiawierzbno.com.pl\/wp-content\/uploads\/2016\/08\/5-768x512.jpg 768w, https:\/\/www.parafiawierzbno.com.pl\/wp-content\/uploads\/2016\/08\/5-225x150.jpg 225w, https:\/\/www.parafiawierzbno.com.pl\/wp-content\/uploads\/2016\/08\/5-150x100.jpg 150w\" sizes=\"(max-width: 800px) 100vw, 800px\" \/><\/a><\/p>\n","protected":false},"excerpt":{"rendered":"<p>\u015awiatowe Dni M\u0142odzie\u017cy prze\u017cywane w naszej diecezji od 20 do 25 lipca to wielkie dzie\u0142o Bo\u017ce. Samo spotkanie z grupami m\u0142odych katolik\u00f3w, kt\u00f3rzy przybyli na Podlasie z 40 pa\u0144stw, aby dzieli\u0107 si\u0119 entuzjazmem swojej wiary i wsp\u00f3lnie z nami si\u0119 modli\u0107 i \u015bpiewa\u0107, jest du\u017cym impulsem dla nas. Osobi\u015bcie, jako dzia\u0142anie Ducha \u015awi\u0119tego, przyj\u0105\u0142em nieoczekiwane spotkanie z m\u0142odym katolikiem z Tomska na Syberii. Jak co miesi\u0105c 19 lipca przyjecha\u0142em na dy\u017cur spowiedniczy w katedrze siedleckiej i przed pos\u0142ug\u0105 w konfesjonale modli\u0142em si\u0119 przed Naj\u015bwi\u0119tszym Sakramentem. Podchodzi do mnie m\u0142ody ch\u0142opak i m\u00f3wi: \u00ab\u0421\u043b\u0430\u0432\u0430 \u0418\u0438\u0441\u0443\u0441\u0443 \u0425\u0440\u0438\u0441\u0442\u0443, \u043e\u0442\u0435\u0446 \u041a\u0430\u0437\u0438\u043c\u0438\u0440. \u042f \u041d\u0438\u043a\u0438\u0442\u0430 \u0438\u0437 \u0422\u043e\u043c\u0441\u043a\u0430 \u0438 \u0437\u0434\u0435\u0441\u044c \u043d\u0430\u0445\u043e\u0434\u0438\u0442\u0441\u044f \u0433\u0440\u0443\u043f\u043f\u0430 \u043c\u043e\u043b\u043e\u0434\u0435\u0436\u0438 \u0438\u0437 \u0421\u0438\u0431\u0438\u0440\u0438\u00bb. Jakim cudem on mnie pozna\u0142, przecie\u017c w Tomsku na Syberii pos\u0142ugiwa\u0142em w latach 1992-1995, a p\u00f3\u017aniej tylko kilkakrotnie prowadzi\u0142em tam rekolekcje. Pan B\u00f3g sam zaplanowa\u0142 to spotkanie. W czwartek 21 lipca wraz z ks. Adamem i m\u0142odzie\u017c\u0105 z Gr\u0119bkowa uczestniczymy w Gali \u2026 <a class=\"continue-reading-link\" href=\"https:\/\/www.parafiawierzbno.com.pl\/?p=4378\">Czytaj dalej <span class=\"meta-nav\">&rarr; <\/span><\/a><\/p>\n","protected":false},"author":1,"featured_media":0,"comment_status":"closed","ping_status":"closed","sticky":false,"template":"","format":"standard","meta":{"ngg_post_thumbnail":0},"categories":[1],"tags":[],"_links":{"self":[{"href":"https:\/\/www.parafiawierzbno.com.pl\/index.php?rest_route=\/wp\/v2\/posts\/4378"}],"collection":[{"href":"https:\/\/www.parafiawierzbno.com.pl\/index.php?rest_route=\/wp\/v2\/posts"}],"about":[{"href":"https:\/\/www.parafiawierzbno.com.pl\/index.php?rest_route=\/wp\/v2\/types\/post"}],"author":[{"embeddable":true,"href":"https:\/\/www.parafiawierzbno.com.pl\/index.php?rest_route=\/wp\/v2\/users\/1"}],"replies":[{"embeddable":true,"href":"https:\/\/www.parafiawierzbno.com.pl\/index.php?rest_route=%2Fwp%2Fv2%2Fcomments&post=4378"}],"version-history":[{"count":5,"href":"https:\/\/www.parafiawierzbno.com.pl\/index.php?rest_route=\/wp\/v2\/posts\/4378\/revisions"}],"predecessor-version":[{"id":4388,"href":"https:\/\/www.parafiawierzbno.com.pl\/index.php?rest_route=\/wp\/v2\/posts\/4378\/revisions\/4388"}],"wp:attachment":[{"href":"https:\/\/www.parafiawierzbno.com.pl\/index.php?rest_route=%2Fwp%2Fv2%2Fmedia&parent=4378"}],"wp:term":[{"taxonomy":"category","embeddable":true,"href":"https:\/\/www.parafiawierzbno.com.pl\/index.php?rest_route=%2Fwp%2Fv2%2Fcategories&post=4378"},{"taxonomy":"post_tag","embeddable":true,"href":"https:\/\/www.parafiawierzbno.com.pl\/index.php?rest_route=%2Fwp%2Fv2%2Ftags&post=4378"}],"curies":[{"name":"wp","href":"https:\/\/api.w.org\/{rel}","templated":true}]}}