{"id":4395,"date":"2016-08-13T11:00:38","date_gmt":"2016-08-13T09:00:38","guid":{"rendered":"https:\/\/www.parafiawierzbno.com.pl\/?p=4395"},"modified":"2016-08-13T11:00:38","modified_gmt":"2016-08-13T09:00:38","slug":"uczestniczymy-w-swiatowych-dniach-mlodziezy-w-krakowie","status":"publish","type":"post","link":"https:\/\/www.parafiawierzbno.com.pl\/?p=4395","title":{"rendered":"Uczestniczymy w \u015awiatowych Dniach M\u0142odzie\u017cy w Krakowie"},"content":{"rendered":"<p style=\"text-align: justify;\"><a href=\"https:\/\/www.parafiawierzbno.com.pl\/wp-content\/uploads\/2016\/08\/20160731_123510.jpg\" rel=\"attachment wp-att-4406\"><img loading=\"lazy\" class=\"size-large wp-image-4406 aligncenter\" src=\"https:\/\/www.parafiawierzbno.com.pl\/wp-content\/uploads\/2016\/08\/20160731_123510-1024x768.jpg\" alt=\"20160731_123510\" width=\"650\" height=\"488\" srcset=\"https:\/\/www.parafiawierzbno.com.pl\/wp-content\/uploads\/2016\/08\/20160731_123510.jpg 1024w, https:\/\/www.parafiawierzbno.com.pl\/wp-content\/uploads\/2016\/08\/20160731_123510-300x225.jpg 300w, https:\/\/www.parafiawierzbno.com.pl\/wp-content\/uploads\/2016\/08\/20160731_123510-768x576.jpg 768w, https:\/\/www.parafiawierzbno.com.pl\/wp-content\/uploads\/2016\/08\/20160731_123510-200x150.jpg 200w, https:\/\/www.parafiawierzbno.com.pl\/wp-content\/uploads\/2016\/08\/20160731_123510-150x113.jpg 150w\" sizes=\"(max-width: 650px) 100vw, 650px\" \/><\/a>\u015awiatowe Dni M\u0142odzie\u017cy w Krakowie \u00a0<strong>(28 &#8211; 31 lipca 2016 r.)<\/strong> min\u0119\u0142y bardzo szybko i dzielimy si\u0119\u00a0 z przyjaci\u00f3\u0142mi swoimi prze\u017cyciami. Twarze m\u0142odzie\u017cy z ca\u0142ego \u015bwiata to oblicze Ko\u015bcio\u0142a powszechnego. Dla mnie wspania\u0142ym odkryciem by\u0142 fakt, \u017ce w Ko\u015bciele katolickim jest mn\u00f3stwo radosnej, roz\u015bpiewanej m\u0142odzie\u017cy, odwa\u017cnie wyznaj\u0105cych swoj\u0105 wiar\u0119. Przypomnia\u0142em sobie s\u0142owa \u015bw. Jana Paw\u0142a II, skierowane w 1991 r. do m\u0142odzie\u017cy na Jasnej G\u00f3rze: <strong>\u201eWy jeste\u015bcie m\u0142odo\u015bci\u0105 Ko\u015bcio\u0142a&#8230; Jeste\u015bcie Ko\u015bcio\u0142em jutra, Ko\u015bcio\u0142em nadziei!\u201d<\/strong><\/p>\n<p style=\"text-align: justify;\"><a href=\"https:\/\/www.parafiawierzbno.com.pl\/wp-content\/uploads\/2016\/08\/20160730_101548.jpg\" rel=\"attachment wp-att-4404\"><img loading=\"lazy\" class=\"size-medium wp-image-4404 alignleft\" src=\"https:\/\/www.parafiawierzbno.com.pl\/wp-content\/uploads\/2016\/08\/20160730_101548-300x225.jpg\" alt=\"20160730_101548\" width=\"300\" height=\"225\" srcset=\"https:\/\/www.parafiawierzbno.com.pl\/wp-content\/uploads\/2016\/08\/20160730_101548-300x225.jpg 300w, https:\/\/www.parafiawierzbno.com.pl\/wp-content\/uploads\/2016\/08\/20160730_101548-768x576.jpg 768w, https:\/\/www.parafiawierzbno.com.pl\/wp-content\/uploads\/2016\/08\/20160730_101548.jpg 1024w, https:\/\/www.parafiawierzbno.com.pl\/wp-content\/uploads\/2016\/08\/20160730_101548-200x150.jpg 200w, https:\/\/www.parafiawierzbno.com.pl\/wp-content\/uploads\/2016\/08\/20160730_101548-150x113.jpg 150w\" sizes=\"(max-width: 300px) 100vw, 300px\" \/><\/a>Nie jest \u0142atwo dokona\u0107 obiektywnej oceny SDM i m\u00f3wi\u0107 o oczekiwanych owocach tego \u015bwi\u0119ta m\u0142odzie\u017cy. Niech to zrobi\u0105 specjali\u015bci. W Krakowie spotyka\u0142em ludzi m\u0142odych pe\u0142nych zachwytu i entuzjazmu, ale byli te\u017c utrudzenie pielgrzymi z odgniecionymi stopami.<\/p>\n<p style=\"text-align: justify;\">Nie jest szczeg\u00f3lnie istotne, czy na g\u0142\u00f3wnej Eucharystii Pos\u0142ania w niedziel\u0119 31 lipca zebra\u0142o si\u0119 w podkrakowskich Brzegach 1,5 mln czy 2.5 mln ludzi, ale wspaniale, \u017ce dane mi by\u0142o uczestniczy\u0107 z grup\u0105 m\u0142odzie\u017cy z parafii (19 os\u00f3b). Jestem wdzi\u0119czny m\u0142odzie\u017cy z Kopci i Gr\u0119bkowa z ks. Adamem Zawistowskim na czele. Dzi\u0119kuj\u0119 za wzajemn\u0105 pomoc, braterstwo i gotowo\u015b\u0107 znoszenia trudu d\u0142ugich uci\u0105\u017cliwych w\u0119dr\u00f3wek. Gor\u0105co dzi\u0119kuj\u0119 za obecno\u015b\u0107 w naszej grupie rodzicom z o\u015bmiomiesi\u0119czn\u0105 Anielk\u0105. Trzeba zaufa\u0107 Jezusowi i z jego pomoc\u0105 pokonywa\u0107 trudy pielgrzymowania.<\/p>\n<p style=\"text-align: justify;\">SDM w Krakowie przypomina\u0142y atmosfer\u0119 &#8211; takie mam przekonanie, &#8211; panuj\u0105c\u0105 w Jerozolimie w dniu Zes\u0142ania Ducha \u015awi\u0119tego. W Dziejach Apostolskich mo\u017cemy przeczyta\u0107: <em>\u201ePrzebywali wtedy w Jerozolimie pobo\u017cni \u017bydzi ze wszystkich narod\u00f3w pod s\u0142o\u0144cem\u201d (Dz 2, 5).<\/em><\/p>\n<p style=\"text-align: justify;\">Wielkim skarbem kt\u00f3ry powinien zaowocowa\u0107 w sercach m\u0142odych (i nie tylko m\u0142odzie\u017cy) jest przes\u0142anie jakie nam zostawi\u0142 Ojciec \u015bwi\u0119ty Franciszek. Nale\u017cy te wypowiedzi dobrze przetrawi\u0107 i odnie\u015b\u0107 do w\u0142asnego \u017cycia. Pragn\u0119 przytoczy\u0107 kilka fragment\u00f3w przem\u00f3wie\u0144 Papie\u017ca Franciszka nad kt\u00f3rymi trzeba si\u0119 zatrzyma\u0107.<\/p>\n<p style=\"text-align: justify;\">Podczas <strong>powitania<\/strong>\u00a0 (28 lipca) <strong>na Krakowskich B\u0142oniach<\/strong> Ojciec \u015bw. powiedzia\u0142:<a href=\"https:\/\/www.parafiawierzbno.com.pl\/wp-content\/uploads\/2016\/08\/krakow.jpg\" rel=\"attachment wp-att-4399\"><img loading=\"lazy\" class=\"size-medium wp-image-4399 alignright\" src=\"https:\/\/www.parafiawierzbno.com.pl\/wp-content\/uploads\/2016\/08\/krakow-300x171.jpg\" alt=\"krakow\" width=\"300\" height=\"171\" srcset=\"https:\/\/www.parafiawierzbno.com.pl\/wp-content\/uploads\/2016\/08\/krakow-300x171.jpg 300w, https:\/\/www.parafiawierzbno.com.pl\/wp-content\/uploads\/2016\/08\/krakow-250x142.jpg 250w, https:\/\/www.parafiawierzbno.com.pl\/wp-content\/uploads\/2016\/08\/krakow-150x85.jpg 150w, https:\/\/www.parafiawierzbno.com.pl\/wp-content\/uploads\/2016\/08\/krakow.jpg 740w\" sizes=\"(max-width: 300px) 100vw, 300px\" \/><\/a><em> \u201e Jezus Chrystus jest tym, kt\u00f3ry potrafi obdarzy\u0107 prawdziw\u0105 pasj\u0105 \u017cycia, Jezus Chrystus jest tym, kt\u00f3ry nas prowadzi do tego, by\u015bmy nie zadowalali si\u0119 byle czym i dawali to, co w nas najlepsze; to Jezus Chrystus, stawia nam wyzwania, zach\u0119ca nas i pomaga nam, by powstawa\u0107 za ka\u017cdym razem, kiedy uwa\u017camy siebie za przegranych. Jezus Chrystus nam pomaga nam podnosi\u0107 wzrok i marzy\u0107 o rzeczach wznios\u0142ych.(&#8230; )<\/em> <em>A ten, kto przyjmuje Jezusa, uczy si\u0119 kocha\u0107 jak Jezus. Zatem pyta On, czy chcemy \u017cycia pe\u0142nego: Chcesz \u017cycia pe\u0142nego? Zacznij od tego, by\u015b pozwoli\u0142 si\u0119 wzruszy\u0107! Poniewa\u017c szcz\u0119\u015bcie rodzi si\u0119 i rozkwita w mi\u0142osierdziu: ono jest Jego odpowiedzi\u0105, zaproszeniem, wyzwaniem, Jego przygod\u0105: mi\u0142osierdzie. Mi\u0142osierdzie ma zawsze m\u0142ode oblicze; podobnie jak oblicze Marii z Betanii, siedz\u0105cej u st\u00f3p Jezusa jako uczennica, kt\u00f3ra lubi Go s\u0142ucha\u0107, bo wie, \u017ce w tym jest pok\u00f3j\u201d.<\/em><\/p>\n<p style=\"text-align: justify;\">Na zako\u0144czenie <strong>Drogi Krzy\u017cowej papie\u017c Franciszek<\/strong> ukaza\u0142 \u015bwiat\u0142o w ciemno\u015bci z\u0142a. Pyta\u0142: \u201e<em>Gdzie jest B\u00f3g, je\u015bli na \u015bwiecie istnieje z\u0142o, je\u015bli s\u0105 ludzie g\u0142odni, spragnieni, bezdomni, wygna\u0144cy, uchod\u017acy? Gdzie jest B\u00f3g, gdy niewinni ludzie umieraj\u0105 z powodu przemocy, terroryzmu, wojen? Gdzie jest B\u00f3g, kiedy bezlitosne choroby zrywaj\u0105 wi\u0119zy \u017cycia i mi\u0142o\u015bci? Albo, gdy dzieci s\u0105 wyzyskiwane, poni\u017cane i kiedy tak\u017ce one cierpi\u0105 z powodu powa\u017cnych patologii? Gdzie jest B\u00f3g w obliczu niepokoju w\u0105tpi\u0105cych i dusz strapionych? Istniej\u0105 takie pytania, na kt\u00f3re nie ma \u017cadnych ludzkich odpowiedzi. Mo\u017cemy tylko spojrze\u0107 na Jezusa i Jego pyta\u0107. A odpowied\u017a Jezusa jest nast\u0119puj\u0105ca: <strong>&#8222;B\u00f3g jest w nich&#8221;, Jezus jest w nich, cierpi w nich, g\u0142\u0119boko uto\u017csamiony z ka\u017cdym z nich. Jest On tak zjednoczony z nimi, \u017ce tworzy niemal &#8222;jedno cia\u0142o&#8221;<\/strong>. \u00a0Sam Jezus postanowi\u0142 uto\u017csami\u0107 si\u0119 z tymi naszymi bra\u0107mi i siostrami do\u015bwiadczanymi b\u00f3lem i niepokojem, godz\u0105c si\u0119 przej\u015b\u0107 drog\u0105 cierpienia ku Kalwarii. Umieraj\u0105c na krzy\u017cu, powierza si\u0119 On w r\u0119ce Ojca i niesie na sobie i w sobie, z ofiarn\u0105 mi\u0142o\u015bci\u0105, rany fizyczne, moralne i duchowe ca\u0142ej ludzko\u015bci. Obejmuj\u0105c drzewo krzy\u017ca, Jezus obejmuje nago\u015b\u0107 i g\u0142\u00f3d, pragnienie i samotno\u015b\u0107, cierpienie i \u015bmier\u0107 m\u0119\u017cczyzn i kobiet wszystkich czas\u00f3w\u201d.<\/em><\/p>\n<p style=\"text-align: justify;\"><a href=\"https:\/\/www.parafiawierzbno.com.pl\/wp-content\/uploads\/2016\/08\/20160731_112834.jpg\" rel=\"attachment wp-att-4405\"><img loading=\"lazy\" class=\"size-medium wp-image-4405 alignleft\" src=\"https:\/\/www.parafiawierzbno.com.pl\/wp-content\/uploads\/2016\/08\/20160731_112834-300x225.jpg\" alt=\"20160731_112834\" width=\"300\" height=\"225\" srcset=\"https:\/\/www.parafiawierzbno.com.pl\/wp-content\/uploads\/2016\/08\/20160731_112834-300x225.jpg 300w, https:\/\/www.parafiawierzbno.com.pl\/wp-content\/uploads\/2016\/08\/20160731_112834-768x576.jpg 768w, https:\/\/www.parafiawierzbno.com.pl\/wp-content\/uploads\/2016\/08\/20160731_112834.jpg 1024w, https:\/\/www.parafiawierzbno.com.pl\/wp-content\/uploads\/2016\/08\/20160731_112834-200x150.jpg 200w, https:\/\/www.parafiawierzbno.com.pl\/wp-content\/uploads\/2016\/08\/20160731_112834-150x113.jpg 150w\" sizes=\"(max-width: 300px) 100vw, 300px\" \/><\/a>W sobot\u0119 z rana na Eucharystii w <strong>Sanktuarium \u015bw. Jana Paw\u0142a II na \u0141agiewnikach<\/strong> papie\u017c Franciszek wzywa\u0142 nas do \u017cycia wg Ewangelii i zapisywania ka\u017cdego dnia czynami mi\u0142osierdzia: \u00a0<em>\u201eMo\u017cna powiedzie\u0107, \u017ce Ewangelia, \u017cywa ksi\u0119ga Bo\u017cego mi\u0142osierdzia, kt\u00f3r\u0105 trzeba nieustannie czyta\u0107 i odczytywa\u0107 na nowo, ma wci\u0105\u017c na ko\u0144cu bia\u0142e karty: pozostaje ksi\u0119g\u0105 otwart\u0105, do kt\u00f3rej pisania jeste\u015bmy powo\u0142ani &#8211; tym samym stylem, to znaczy wype\u0142niaj\u0105c dzie\u0142a mi\u0142osierdzia. Pytam was, drodzy bracia i siostry: jakie s\u0105 karty \u017cycie ka\u017cdego z was? Czy s\u0105 codziennie zapisywane? Czy s\u0105 troch\u0119 zapisywane, a troch\u0119 nie? Czy mo\u017ce s\u0105 puste?\u201d<\/em><\/p>\n<p style=\"text-align: justify;\">Kulminacyjnym wydarzeniem SDM w Krakowie by\u0142o w Brzegach <strong>czuwanie m\u0142odych z Ojcem \u015bwi\u0119tym\u00a0 i Eucharystia Pos\u0142ania<\/strong>. W sobot\u0119 oko\u0142o 20.00 docieramy do sektora C14. Pomimo zm\u0119czenia i obola\u0142ych n\u00f3g wchodzimy w klimat modlitwy i adoracji. Papie\u017c Franciszek dobitnie i jasno m\u00f3wi\u0142 do olbrzymiej rzeszy m\u0142odych:<em> \u201e<\/em>Kiedy modlili\u015bmy si\u0119, przyszed\u0142 mi na my\u015bl obraz aposto\u0142\u00f3w w dniu Pi\u0119\u0107dziesi\u0105tnicy. Jest to scena, kt\u00f3ra mo\u017ce nam pom\u00f3c w zrozumieniu tego wszystkiego, czego B\u00f3g pragnie dokona\u0107 w naszym \u017cyciu, w nas i z nami. Tego dnia uczniowie byli zamkni\u0119ci z obawy. Czuli si\u0119 zagro\u017ceni ze strony \u015brodowiska, kt\u00f3re ich prze\u015bladowa\u0142o, kt\u00f3re zmusza\u0142o ich do pozostawania w ma\u0142ym pomieszczeniu, bezczynnie jakby byli sparali\u017cowani. Opanowa\u0142 ich l\u0119k. W tym kontek\u015bcie, sta\u0142o si\u0119 co\u015b spektakularnego, co\u015b wielkiego. Przyszed\u0142 Duch \u015awi\u0119ty i j\u0119zyki jakby z ognia spocz\u0119\u0142y na ka\u017cdym z nich, pobudzaj\u0105c ich do przygody, o kt\u00f3rej nigdy nie marzyli. I wtedy wszystko si\u0119 zmieni\u0142o\u201d.<\/p>\n<p style=\"text-align: justify;\"><a href=\"https:\/\/www.parafiawierzbno.com.pl\/wp-content\/uploads\/2016\/08\/krakow2.jpg\" rel=\"attachment wp-att-4401\"><img loading=\"lazy\" class=\"size-medium wp-image-4401 alignright\" src=\"https:\/\/www.parafiawierzbno.com.pl\/wp-content\/uploads\/2016\/08\/krakow2-300x196.jpg\" alt=\"krakow2\" width=\"300\" height=\"196\" srcset=\"https:\/\/www.parafiawierzbno.com.pl\/wp-content\/uploads\/2016\/08\/krakow2-300x196.jpg 300w, https:\/\/www.parafiawierzbno.com.pl\/wp-content\/uploads\/2016\/08\/krakow2-229x150.jpg 229w, https:\/\/www.parafiawierzbno.com.pl\/wp-content\/uploads\/2016\/08\/krakow2-150x98.jpg 150w, https:\/\/www.parafiawierzbno.com.pl\/wp-content\/uploads\/2016\/08\/krakow2.jpg 740w\" sizes=\"(max-width: 300px) 100vw, 300px\" \/><\/a>Ale jest te\u017c w \u017cyciu inny, jeszcze bardziej niebezpieczny parali\u017c, dla m\u0142odych cz\u0119sto trudny do rozpoznania, kt\u00f3rego uznanie sporo nas kosztuje. Lubi\u0119 nazywa\u0107 go parali\u017cem rodz\u0105cym si\u0119 w\u00f3wczas, gdy mylimy SZCZ\u0118\u015aCIE z KANAP\u0104! S\u0105dzimy, \u017ce aby\u015bmy byli szcz\u0119\u015bliwi, potrzebujemy dobrej kanapy. Kanapy, kt\u00f3ra pomo\u017ce nam \u017cy\u0107 wygodnie, spokojnie, ca\u0142kiem bezpiecznie.(&#8230;)\u00a0Kanapa sprawiaj\u0105ca, \u017ce zostajemy zamkni\u0119ci w domu, nie trudz\u0105c si\u0119 ani te\u017c nie martwi\u0105c. &#8222;Kanapaszcz\u0119\u015bcie&#8221; jest prawdopodobnie cichym parali\u017cem, kt\u00f3ry mo\u017ce nas zniszczy\u0107 najbardziej; bo po trochu, nie zdaj\u0105c sobie z tego sprawy, stajemy si\u0119 ospali, og\u0142upiali, otumanieni, wczoraj m\u00f3wi\u0142em o m\u0142odych, kt\u00f3rzy id\u0105 na emerytur\u0119 w wieku 20 lat &#8211; podczas gdy inni &#8211; mo\u017ce bardziej \u017cywi, ale nie lepsi &#8211; decyduj\u0105 o naszej przysz\u0142o\u015bci. Z pewno\u015bci\u0105 dla wielu \u0142atwiej i korzystniej jest mie\u0107 m\u0142odych ludzi og\u0142upia\u0142ych i otumanionych, myl\u0105cych szcz\u0119\u015bcie z kanap\u0105; dla wielu okazuje si\u0119 to wygodniejsze, ni\u017c posiadanie m\u0142odych bystrych, pragn\u0105cych odpowiedzie\u0107 i na wszystkie aspiracje serca. Pytam was: czy chce by\u0107 ospali, og\u0142upiali, otumanieni? Czy chcecie, \u017ceby inni decydowali o waszej przysz\u0142o\u015bci? Czy chcecie by\u0107 wolni? Rozbudzeni\u201d.<\/p>\n<p style=\"text-align: justify;\">W Niedziel\u0119 podczas uroczystej Eucharystii Ojciec \u015bw. Franciszek powiedzia\u0142 m.in.: \u00a0<em>\u201eDrodzy m\u0142odzi, nie wstyd\u017acie si\u0119 zanie\u015b\u0107 Mu wszystkiego, a zw\u0142aszcza s\u0142abo\u015bci, trud\u00f3w i grzech\u00f3w w spowiedzi: On potrafi was zaskoczy\u0107 swoim przebaczeniem i pokojem. Nie b\u00f3jcie si\u0119 powiedzie\u0107 Mu &#8222;tak&#8221; z ca\u0142ym entuzjazmem serca, odpowiedzie\u0107 Mu wielkodusznie, p\u00f3j\u015b\u0107 za Nim! <strong>Nie dajcie sobie znieczuli\u0107 duszy, ale d\u0105\u017ccie do pi\u0119knej mi\u0142o\u015bci<\/strong>, kt\u00f3ra wymaga r\u00f3wnie\u017c wyrzeczenia i mocnego &#8222;nie&#8221; dopingowi sukcesu za wszelk\u0105 cen\u0119 i narkotykowi my\u015blenia tylko o sobie i swojej wygodzie.\u00a0Tymczasem nasz Ojciec &#8222;sprawia, \u017ce s\u0142o\u0144ce Jego wschodzi nad z\u0142ymi i nad dobrymi&#8221; (Mt 5,45) i zach\u0119ca nas do prawdziwej odwagi: by\u015bmy byli silniejsi ni\u017c z\u0142o, kochaj\u0105c wszystkich, nawet naszych nieprzyjaci\u00f3\u0142.<\/em><\/p>\n<p style=\"text-align: justify;\"><em>\u00a0Mog\u0105 si\u0119 z was \u015bmia\u0107, bo wierzycie w \u0142agodn\u0105 i pokorn\u0105 moc mi\u0142osierdzia. Nie b\u00f3jcie si\u0119, ale pomy\u015blcie o s\u0142owach tych dni: &#8222;B\u0142ogos\u0142awieni mi\u0142osierni, albowiem oni mi\u0142osierdzia dost\u0105pi\u0105&#8221; (Mt 5,7). Mog\u0105 was os\u0105dza\u0107, \u017ce jeste\u015bcie marzycielami, bo wierzycie w now\u0105 ludzko\u015b\u0107, kt\u00f3ra nie godzi si\u0119 na nienawi\u015b\u0107 mi\u0119dzy narodami, nie postrzega granic kraj\u00f3w jako przeszkody i zachowuje swoje tradycje bez egoizmu i resentyment\u00f3w. Nie zniech\u0119cajcie si\u0119: z waszym u\u015bmiechem i otwartymi ramionami g\u0142osicie nadziej\u0119 i jeste\u015bcie b\u0142ogos\u0142awie\u0144stwem dla jednej rodziny ludzkiej, kt\u00f3r\u0105 tutaj tak dobrze reprezentujecie!\u201d<\/em><\/p>\n<p style=\"text-align: justify;\">Moi Drodzy! Przytoczy\u0142em kilka fragment\u00f3w wypowiedzi papie\u017ca Franciszka, kt\u00f3re do mnie szczeg\u00f3lnie przemawiaj\u0105. Mam cich\u0105 nadziej\u0119, \u017ce przem\u00f3wi\u0105 tak\u017ce do niejednego serca.<\/p>\n<p style=\"text-align: right;\"><em>Z modlitw\u0105 za m\u0142odych \u2013 ks. Kazimierz.<\/em><\/p>\n<p style=\"text-align: left;\"><a href=\"https:\/\/www.parafiawierzbno.com.pl\/wp-content\/uploads\/2016\/08\/Papa.jpg\" rel=\"attachment wp-att-4397\"><img loading=\"lazy\" class=\"size-full wp-image-4397 aligncenter\" src=\"https:\/\/www.parafiawierzbno.com.pl\/wp-content\/uploads\/2016\/08\/Papa.jpg\" alt=\"Papa\" width=\"740\" height=\"493\" srcset=\"https:\/\/www.parafiawierzbno.com.pl\/wp-content\/uploads\/2016\/08\/Papa.jpg 740w, https:\/\/www.parafiawierzbno.com.pl\/wp-content\/uploads\/2016\/08\/Papa-300x200.jpg 300w, https:\/\/www.parafiawierzbno.com.pl\/wp-content\/uploads\/2016\/08\/Papa-225x150.jpg 225w, https:\/\/www.parafiawierzbno.com.pl\/wp-content\/uploads\/2016\/08\/Papa-150x100.jpg 150w\" sizes=\"(max-width: 740px) 100vw, 740px\" \/><\/a><\/p>\n<p>&nbsp;<\/p>\n","protected":false},"excerpt":{"rendered":"<p>\u015awiatowe Dni M\u0142odzie\u017cy w Krakowie \u00a0(28 &#8211; 31 lipca 2016 r.) min\u0119\u0142y bardzo szybko i dzielimy si\u0119\u00a0 z przyjaci\u00f3\u0142mi swoimi prze\u017cyciami. Twarze m\u0142odzie\u017cy z ca\u0142ego \u015bwiata to oblicze Ko\u015bcio\u0142a powszechnego. Dla mnie wspania\u0142ym odkryciem by\u0142 fakt, \u017ce w Ko\u015bciele katolickim jest mn\u00f3stwo radosnej, roz\u015bpiewanej m\u0142odzie\u017cy, odwa\u017cnie wyznaj\u0105cych swoj\u0105 wiar\u0119. Przypomnia\u0142em sobie s\u0142owa \u015bw. Jana Paw\u0142a II, skierowane w 1991 r. do m\u0142odzie\u017cy na Jasnej G\u00f3rze: \u201eWy jeste\u015bcie m\u0142odo\u015bci\u0105 Ko\u015bcio\u0142a&#8230; Jeste\u015bcie Ko\u015bcio\u0142em jutra, Ko\u015bcio\u0142em nadziei!\u201d Nie jest \u0142atwo dokona\u0107 obiektywnej oceny SDM i m\u00f3wi\u0107 o oczekiwanych owocach tego \u015bwi\u0119ta m\u0142odzie\u017cy. Niech to zrobi\u0105 specjali\u015bci. W Krakowie spotyka\u0142em ludzi m\u0142odych pe\u0142nych zachwytu i entuzjazmu, ale byli te\u017c utrudzenie pielgrzymi z odgniecionymi stopami. Nie jest szczeg\u00f3lnie istotne, czy na g\u0142\u00f3wnej Eucharystii Pos\u0142ania w niedziel\u0119 31 lipca zebra\u0142o si\u0119 w podkrakowskich Brzegach 1,5 mln czy 2.5 mln ludzi, ale wspaniale, \u017ce dane mi by\u0142o uczestniczy\u0107 z grup\u0105 m\u0142odzie\u017cy z parafii (19 os\u00f3b). Jestem wdzi\u0119czny \u2026 <a class=\"continue-reading-link\" href=\"https:\/\/www.parafiawierzbno.com.pl\/?p=4395\">Czytaj dalej <span class=\"meta-nav\">&rarr; <\/span><\/a><\/p>\n","protected":false},"author":1,"featured_media":0,"comment_status":"closed","ping_status":"closed","sticky":false,"template":"","format":"standard","meta":{"ngg_post_thumbnail":0},"categories":[1],"tags":[],"_links":{"self":[{"href":"https:\/\/www.parafiawierzbno.com.pl\/index.php?rest_route=\/wp\/v2\/posts\/4395"}],"collection":[{"href":"https:\/\/www.parafiawierzbno.com.pl\/index.php?rest_route=\/wp\/v2\/posts"}],"about":[{"href":"https:\/\/www.parafiawierzbno.com.pl\/index.php?rest_route=\/wp\/v2\/types\/post"}],"author":[{"embeddable":true,"href":"https:\/\/www.parafiawierzbno.com.pl\/index.php?rest_route=\/wp\/v2\/users\/1"}],"replies":[{"embeddable":true,"href":"https:\/\/www.parafiawierzbno.com.pl\/index.php?rest_route=%2Fwp%2Fv2%2Fcomments&post=4395"}],"version-history":[{"count":8,"href":"https:\/\/www.parafiawierzbno.com.pl\/index.php?rest_route=\/wp\/v2\/posts\/4395\/revisions"}],"predecessor-version":[{"id":4409,"href":"https:\/\/www.parafiawierzbno.com.pl\/index.php?rest_route=\/wp\/v2\/posts\/4395\/revisions\/4409"}],"wp:attachment":[{"href":"https:\/\/www.parafiawierzbno.com.pl\/index.php?rest_route=%2Fwp%2Fv2%2Fmedia&parent=4395"}],"wp:term":[{"taxonomy":"category","embeddable":true,"href":"https:\/\/www.parafiawierzbno.com.pl\/index.php?rest_route=%2Fwp%2Fv2%2Fcategories&post=4395"},{"taxonomy":"post_tag","embeddable":true,"href":"https:\/\/www.parafiawierzbno.com.pl\/index.php?rest_route=%2Fwp%2Fv2%2Ftags&post=4395"}],"curies":[{"name":"wp","href":"https:\/\/api.w.org\/{rel}","templated":true}]}}