{"id":4410,"date":"2016-08-13T11:08:20","date_gmt":"2016-08-13T09:08:20","guid":{"rendered":"https:\/\/www.parafiawierzbno.com.pl\/?p=4410"},"modified":"2016-08-13T11:08:20","modified_gmt":"2016-08-13T09:08:20","slug":"pielgrzymkowy-raban","status":"publish","type":"post","link":"https:\/\/www.parafiawierzbno.com.pl\/?p=4410","title":{"rendered":"Pielgrzymkowy \u201eraban\u201d"},"content":{"rendered":"<p style=\"text-align: justify;\"><a href=\"https:\/\/www.parafiawierzbno.com.pl\/wp-content\/uploads\/2016\/08\/20160803_165633.jpg\" rel=\"attachment wp-att-4411\"><img loading=\"lazy\" class=\"size-medium wp-image-4411 alignleft\" src=\"https:\/\/www.parafiawierzbno.com.pl\/wp-content\/uploads\/2016\/08\/20160803_165633-300x225.jpg\" alt=\"20160803_165633\" width=\"300\" height=\"225\" srcset=\"https:\/\/www.parafiawierzbno.com.pl\/wp-content\/uploads\/2016\/08\/20160803_165633-300x225.jpg 300w, https:\/\/www.parafiawierzbno.com.pl\/wp-content\/uploads\/2016\/08\/20160803_165633-768x576.jpg 768w, https:\/\/www.parafiawierzbno.com.pl\/wp-content\/uploads\/2016\/08\/20160803_165633.jpg 1024w, https:\/\/www.parafiawierzbno.com.pl\/wp-content\/uploads\/2016\/08\/20160803_165633-200x150.jpg 200w, https:\/\/www.parafiawierzbno.com.pl\/wp-content\/uploads\/2016\/08\/20160803_165633-150x113.jpg 150w\" sizes=\"(max-width: 300px) 100vw, 300px\" \/><\/a>Spokojna, p\u0142yn\u0105ca utartym codziennym nurtem wierzbnia\u0144ska codzienno\u015b\u0107 ulega czasami \u201epozytywnemu\u00a0 zak\u0142\u00f3ceniu\u201d. U\u017cywaj\u0105c terminologii papie\u017ca Franciszka prze\u017cywa raban, tj. do\u015bwiadcza sama i g\u0142osi otoczeniu, \u017ce jest Dobra Nowina. Zawsze odczuwamy go, gdy do naszej wsp\u00f3lnoty parafialnej przybywaj\u0105 p\u0105tnicy Bia\u0142ostockiej Pielgrzymki na Jasn\u0105 G\u00f3r\u0119 \u2013 pieszej i rowerowej. Ci, kt\u00f3rzy w imi\u0119 Pana przemierzaj\u0105 setki kilometr\u00f3w, by za po\u015brednictwem Jego Matki, Maryi zawierza\u0107 r\u00f3\u017cne intencje.<\/p>\n<p style=\"text-align: justify;\">Na ich przybycie czekali\u015bmy kilka dni. Z my\u015bl\u0105 o pielgrzymach piekli\u015bmy ciasta, przygotowywali\u015bmy pierogi i inne potrawy, reorganizowali\u015bmy nasze domy, by zapewni\u0107 im odpoczynek i nocleg, cz\u0119sto rezygnowali\u015bmy z naszych ulubionych zaj\u0119\u0107. Nie by\u0142 to wy\u0142\u0105cznie przeja<a href=\"https:\/\/www.parafiawierzbno.com.pl\/wp-content\/uploads\/2016\/08\/20160805_134540.jpg\" rel=\"attachment wp-att-4414\"><img loading=\"lazy\" class=\"size-medium wp-image-4414 alignright\" src=\"https:\/\/www.parafiawierzbno.com.pl\/wp-content\/uploads\/2016\/08\/20160805_134540-300x225.jpg\" alt=\"20160805_134540\" width=\"300\" height=\"225\" srcset=\"https:\/\/www.parafiawierzbno.com.pl\/wp-content\/uploads\/2016\/08\/20160805_134540-300x225.jpg 300w, https:\/\/www.parafiawierzbno.com.pl\/wp-content\/uploads\/2016\/08\/20160805_134540-768x576.jpg 768w, https:\/\/www.parafiawierzbno.com.pl\/wp-content\/uploads\/2016\/08\/20160805_134540.jpg 1024w, https:\/\/www.parafiawierzbno.com.pl\/wp-content\/uploads\/2016\/08\/20160805_134540-200x150.jpg 200w, https:\/\/www.parafiawierzbno.com.pl\/wp-content\/uploads\/2016\/08\/20160805_134540-150x113.jpg 150w\" sizes=\"(max-width: 300px) 100vw, 300px\" \/><\/a>w naszej staropolskiej go\u015bcinno\u015bci. Bez przekonania, i\u017c \u201ekarmimy g\u0142odnych, poimy spragnionych, przyjmujemy w dom podr\u00f3\u017cnych\u201d, czyli spe\u0142niamy uczynki mi\u0142osierdzia, trudno by\u0142oby w wirze codziennych obowi\u0105zk\u00f3w zawodowych i rodzinnych znale\u017a\u0107 czas i ochot\u0119 do takich dodatkowych zaj\u0119\u0107. Starali\u015bmy si\u0119 us\u0142u\u017cy\u0107 d\u0105\u017c\u0105cym na Jasn\u0105 G\u00f3r\u0119 najlepiej, jak potrafimy, wierz\u0105c, \u017ce przyjmuj\u0105c ich, przyjmujemy samego Pana. By\u0142 to czas wewn\u0119trznej mobilizacji i wsp\u00f3\u0142pracy s\u0105siedzkiej i nie tylko, czyli czas ugruntowywania wsp\u00f3lnoty. Solidarno\u015b\u0107 i \u017cyczliwo\u015b\u0107 wobec pielgrzym\u00f3w staj\u0105 wi\u0119c okazj\u0105 do manifestacji naszego\u00a0 \u015bwiadectwa szeroko rozumianej wiary.<\/p>\n<p style=\"text-align: justify;\">Tak wyrazi\u0142 si\u0119 ten nasz osobisty raban, mo\u017ce nie tak krzykliwy, ale na pewno owocny w dzia\u0142aniu. P\u0105tnicy wyruszali z Wierzbna na pielgrzymi szlak wdzi\u0119czni za (cytuj\u0119) : \u201eI\u015bcie kr\u00f3lewskie przyj\u0119cie\u201d, zapewniaj\u0105c o modlitewnej pami\u0119ci i zapowiadaj\u0105c si\u0119 na przysz\u0142y rok.<\/p>\n<p style=\"text-align: justify;\"><a href=\"https:\/\/www.parafiawierzbno.com.pl\/wp-content\/uploads\/2016\/08\/20160804_073427.jpg\" rel=\"attachment wp-att-4412\"><img loading=\"lazy\" class=\"size-medium wp-image-4412 alignleft\" src=\"https:\/\/www.parafiawierzbno.com.pl\/wp-content\/uploads\/2016\/08\/20160804_073427-300x225.jpg\" alt=\"20160804_073427\" width=\"300\" height=\"225\" srcset=\"https:\/\/www.parafiawierzbno.com.pl\/wp-content\/uploads\/2016\/08\/20160804_073427-300x225.jpg 300w, https:\/\/www.parafiawierzbno.com.pl\/wp-content\/uploads\/2016\/08\/20160804_073427-768x576.jpg 768w, https:\/\/www.parafiawierzbno.com.pl\/wp-content\/uploads\/2016\/08\/20160804_073427.jpg 1024w, https:\/\/www.parafiawierzbno.com.pl\/wp-content\/uploads\/2016\/08\/20160804_073427-200x150.jpg 200w, https:\/\/www.parafiawierzbno.com.pl\/wp-content\/uploads\/2016\/08\/20160804_073427-150x113.jpg 150w\" sizes=\"(max-width: 300px) 100vw, 300px\" \/><\/a>Jaki przekaz Dobrej Nowiny pozostawili bia\u0142ostoccy pielgrzymi ? Obraz radosnego, pe\u0142nego entuzjazmu katolika. Wraz z ich przybyciem \u2013 3 sierpnia pieszych i 5 sierpnia rowerowych, w Wierzbnie zrobi\u0142o si\u0119 kolorowo, gwarno i rado\u015bnie. Mimo pokonanych kilometr\u00f3w, rysuj\u0105cego si\u0119 na twarzy zm\u0119czenia, niejednokrotnie poobcieranych i zab\u0105blonych st\u00f3p, po posi\u0142ku i\u00a0 kr\u00f3tkim odpoczynku, na placu przy plebani urz\u0105dzili swoisty pielgrzymkowy happening. \u015apiewem, ta\u0144cem i\u00a0 gr\u0105 w pi\u0142k\u0119 dawali dowody rado\u015bci z tworzenia wsp\u00f3lnoty pielgrzymkowej i bycia w naszej parafialnej wsp\u00f3lnocie. Ich przyk\u0142ad poci\u0105ga\u0142 do zabawy i wielbienia Pana nasz\u0105 m\u0142odzie\u017c i dzieci, zgromadzone na placu.<\/p>\n<p style=\"text-align: justify;\">Dobrze, \u017ce na pielgrzymim szlaku Bia\u0142ostockiej Pielgrzymki na Jasn\u0105 G\u00f3r\u0119 znajduje si\u0119 Wierzbno. Ci, kt\u00f3rzy z r\u00f3\u017cnych przyczyn \u2013 stan zdrowia, wiek, charakter pracy \u2026 &#8211; nie mog\u0105 osobi\u015bcie uczestniczy\u0107 w pielgrzymce do tronu Jasnog\u00f3rskiej Pani, s\u0142u\u017c\u0105c p\u0105tnikom \u0142\u0105cz\u0105 si\u0119 duchowo z realizowanym przez nich dzie\u0142em i chocia\u017c inaczej pielgrzymuj\u0105. Kolejna pielgrzymka za rok. Czekamy!<\/p>\n<p style=\"text-align: right;\"><em>Ma\u0142gorzata W\u0105sowska<\/em><\/p>\n","protected":false},"excerpt":{"rendered":"<p>Spokojna, p\u0142yn\u0105ca utartym codziennym nurtem wierzbnia\u0144ska codzienno\u015b\u0107 ulega czasami \u201epozytywnemu\u00a0 zak\u0142\u00f3ceniu\u201d. U\u017cywaj\u0105c terminologii papie\u017ca Franciszka prze\u017cywa raban, tj. do\u015bwiadcza sama i g\u0142osi otoczeniu, \u017ce jest Dobra Nowina. Zawsze odczuwamy go, gdy do naszej wsp\u00f3lnoty parafialnej przybywaj\u0105 p\u0105tnicy Bia\u0142ostockiej Pielgrzymki na Jasn\u0105 G\u00f3r\u0119 \u2013 pieszej i rowerowej. Ci, kt\u00f3rzy w imi\u0119 Pana przemierzaj\u0105 setki kilometr\u00f3w, by za po\u015brednictwem Jego Matki, Maryi zawierza\u0107 r\u00f3\u017cne intencje. Na ich przybycie czekali\u015bmy kilka dni. Z my\u015bl\u0105 o pielgrzymach piekli\u015bmy ciasta, przygotowywali\u015bmy pierogi i inne potrawy, reorganizowali\u015bmy nasze domy, by zapewni\u0107 im odpoczynek i nocleg, cz\u0119sto rezygnowali\u015bmy z naszych ulubionych zaj\u0119\u0107. Nie by\u0142 to wy\u0142\u0105cznie przejaw naszej staropolskiej go\u015bcinno\u015bci. Bez przekonania, i\u017c \u201ekarmimy g\u0142odnych, poimy spragnionych, przyjmujemy w dom podr\u00f3\u017cnych\u201d, czyli spe\u0142niamy uczynki mi\u0142osierdzia, trudno by\u0142oby w wirze codziennych obowi\u0105zk\u00f3w zawodowych i rodzinnych znale\u017a\u0107 czas i ochot\u0119 do takich dodatkowych zaj\u0119\u0107. Starali\u015bmy si\u0119 us\u0142u\u017cy\u0107 d\u0105\u017c\u0105cym na Jasn\u0105 G\u00f3r\u0119 najlepiej, jak potrafimy, wierz\u0105c, \u017ce przyjmuj\u0105c ich, przyjmujemy \u2026 <a class=\"continue-reading-link\" href=\"https:\/\/www.parafiawierzbno.com.pl\/?p=4410\">Czytaj dalej <span class=\"meta-nav\">&rarr; <\/span><\/a><\/p>\n","protected":false},"author":1,"featured_media":0,"comment_status":"closed","ping_status":"closed","sticky":false,"template":"","format":"standard","meta":{"ngg_post_thumbnail":0},"categories":[1],"tags":[],"_links":{"self":[{"href":"https:\/\/www.parafiawierzbno.com.pl\/index.php?rest_route=\/wp\/v2\/posts\/4410"}],"collection":[{"href":"https:\/\/www.parafiawierzbno.com.pl\/index.php?rest_route=\/wp\/v2\/posts"}],"about":[{"href":"https:\/\/www.parafiawierzbno.com.pl\/index.php?rest_route=\/wp\/v2\/types\/post"}],"author":[{"embeddable":true,"href":"https:\/\/www.parafiawierzbno.com.pl\/index.php?rest_route=\/wp\/v2\/users\/1"}],"replies":[{"embeddable":true,"href":"https:\/\/www.parafiawierzbno.com.pl\/index.php?rest_route=%2Fwp%2Fv2%2Fcomments&post=4410"}],"version-history":[{"count":3,"href":"https:\/\/www.parafiawierzbno.com.pl\/index.php?rest_route=\/wp\/v2\/posts\/4410\/revisions"}],"predecessor-version":[{"id":4417,"href":"https:\/\/www.parafiawierzbno.com.pl\/index.php?rest_route=\/wp\/v2\/posts\/4410\/revisions\/4417"}],"wp:attachment":[{"href":"https:\/\/www.parafiawierzbno.com.pl\/index.php?rest_route=%2Fwp%2Fv2%2Fmedia&parent=4410"}],"wp:term":[{"taxonomy":"category","embeddable":true,"href":"https:\/\/www.parafiawierzbno.com.pl\/index.php?rest_route=%2Fwp%2Fv2%2Fcategories&post=4410"},{"taxonomy":"post_tag","embeddable":true,"href":"https:\/\/www.parafiawierzbno.com.pl\/index.php?rest_route=%2Fwp%2Fv2%2Ftags&post=4410"}],"curies":[{"name":"wp","href":"https:\/\/api.w.org\/{rel}","templated":true}]}}