{"id":4423,"date":"2016-08-27T02:48:22","date_gmt":"2016-08-27T00:48:22","guid":{"rendered":"https:\/\/www.parafiawierzbno.com.pl\/?p=4423"},"modified":"2016-08-28T12:20:00","modified_gmt":"2016-08-28T10:20:00","slug":"dozynki-parafialne","status":"publish","type":"post","link":"https:\/\/www.parafiawierzbno.com.pl\/?p=4423","title":{"rendered":"Do\u017cynki Parafialne"},"content":{"rendered":"<p style=\"text-align: justify;\"><a href=\"https:\/\/www.parafiawierzbno.com.pl\/wp-content\/uploads\/2016\/08\/IMG_9560.jpg\" rel=\"attachment wp-att-4431\"><img loading=\"lazy\" class=\"size-medium wp-image-4431 alignleft\" src=\"https:\/\/www.parafiawierzbno.com.pl\/wp-content\/uploads\/2016\/08\/IMG_9560-300x200.jpg\" alt=\"IMG_9560\" width=\"300\" height=\"200\" srcset=\"https:\/\/www.parafiawierzbno.com.pl\/wp-content\/uploads\/2016\/08\/IMG_9560-300x200.jpg 300w, https:\/\/www.parafiawierzbno.com.pl\/wp-content\/uploads\/2016\/08\/IMG_9560-768x512.jpg 768w, https:\/\/www.parafiawierzbno.com.pl\/wp-content\/uploads\/2016\/08\/IMG_9560-1024x683.jpg 1024w, https:\/\/www.parafiawierzbno.com.pl\/wp-content\/uploads\/2016\/08\/IMG_9560-225x150.jpg 225w, https:\/\/www.parafiawierzbno.com.pl\/wp-content\/uploads\/2016\/08\/IMG_9560-150x100.jpg 150w, https:\/\/www.parafiawierzbno.com.pl\/wp-content\/uploads\/2016\/08\/IMG_9560.jpg 1152w\" sizes=\"(max-width: 300px) 100vw, 300px\" \/><\/a>Jako katolicy w ka\u017cd\u0105 niedziel\u0119 gromadzimy si\u0119 na Eucharystii, aby przez Chrystusa dzi\u0119kowa\u0107 Ojcu niebieskiemu za wszelkie dobro, za otrzymane \u0142aski oraz prosi\u0107 o Jego b\u0142ogos\u0142awie\u0144stwo na nowy tydzie\u0144. Jednak Do\u017cynki Parafialne daj\u0105 szczeg\u00f3ln\u0105 mo\u017cliwo\u015b\u0107 wyra\u017cenia wdzi\u0119czno\u015bci Bo\u017cej Opatrzno\u015bci za tegoroczne plony, za ustrze\u017cenie naszego rejonu od huragan\u00f3w i nawa\u0142nic. Aposto\u0142 Pawe\u0142 wzywa nas: <em>\u201eDzi\u0119kujcie zawsze za wszystko Bogu Ojcu w imi\u0119 Pana naszego Jezusa Chrystusa!\u201d <\/em>(Ef 5, 20).<a href=\"https:\/\/www.parafiawierzbno.com.pl\/wp-content\/uploads\/2016\/08\/IMG_9569.jpg\" rel=\"attachment wp-att-4432\"><img loading=\"lazy\" class=\"size-medium wp-image-4432 alignright\" src=\"https:\/\/www.parafiawierzbno.com.pl\/wp-content\/uploads\/2016\/08\/IMG_9569-300x200.jpg\" alt=\"IMG_9569\" width=\"300\" height=\"200\" srcset=\"https:\/\/www.parafiawierzbno.com.pl\/wp-content\/uploads\/2016\/08\/IMG_9569-300x200.jpg 300w, https:\/\/www.parafiawierzbno.com.pl\/wp-content\/uploads\/2016\/08\/IMG_9569-768x512.jpg 768w, https:\/\/www.parafiawierzbno.com.pl\/wp-content\/uploads\/2016\/08\/IMG_9569-1024x683.jpg 1024w, https:\/\/www.parafiawierzbno.com.pl\/wp-content\/uploads\/2016\/08\/IMG_9569-225x150.jpg 225w, https:\/\/www.parafiawierzbno.com.pl\/wp-content\/uploads\/2016\/08\/IMG_9569-150x100.jpg 150w, https:\/\/www.parafiawierzbno.com.pl\/wp-content\/uploads\/2016\/08\/IMG_9569.jpg 1152w\" sizes=\"(max-width: 300px) 100vw, 300px\" \/><\/a><\/p>\n<p style=\"text-align: justify;\"><strong>21 sierpnia<\/strong> na uroczystej Eucharystii o godz. 11.00 licznie zebrali si\u0119 parafianie i go\u015bcie, aby wielbi\u0107 Pana Boga. Nie zabrak\u0142o te\u017c druh\u00f3w stra\u017cak\u00f3w z OSP Wierzbno i OSP Jaworek. Z ca\u0142ego serca dzi\u0119kuj\u0119 za pi\u0119kne wie\u0144ce do\u017cynkowe: z Jaworka, Helenowa i Lasu Jaworskiego, z Cierpi\u0105t, Jan\u00f3wka i Wygl\u0119d\u00f3wka, z W\u00f3lki, \u015awidna i Wierzbna. Misternie wykonane wie\u0144ce s\u0105 widocznym dowodem naszej wdzi\u0119czno\u015bci i naszej mi\u0142o\u015bci do Pana Boga. Starostami do\u017cynek zostali pa\u0144stwo <strong>Lucyna i Leszek Jaworscy<\/strong> z Adamowa, kt\u00f3rzy z\u0142o\u017cyli na o\u0142tarzu bochen chleba.<\/p>\n<p style=\"text-align: justify;\">Po Mszy \u015bw. przeszli\u015bmy w procesji do o\u0142tarza polowego, ozdobionego snopami zbo\u017ca oraz owocami i warzywami z naszych ogrod\u00f3w. Ka\u017cda miejscowo\u015b\u0107 prezentowa\u0142a sw\u00f3j wieniec i na weso\u0142o, \u015bpiewaj\u0105c, odkrywa\u0142a swoje talenty artystyczne. Na zako\u0144czenie <strong>pani W\u00f3jt Hanna Kelleher<\/strong> wyrazi\u0142a swoje uznanie dla trudnej pracy rolnik\u00f3w i zapewni\u0142a, \u017ce Wierzbno b\u0119dzie si\u0119 zmienia\u0107 w lepsz\u0105 stron\u0119.<\/p>\n<p style=\"text-align: justify;\"><a href=\"https:\/\/www.parafiawierzbno.com.pl\/wp-content\/uploads\/2016\/08\/IMG_9667.jpg\" rel=\"attachment wp-att-4433\"><img loading=\"lazy\" class=\"size-large wp-image-4433 aligncenter\" src=\"https:\/\/www.parafiawierzbno.com.pl\/wp-content\/uploads\/2016\/08\/IMG_9667-1024x683.jpg\" alt=\"IMG_9667\" width=\"650\" height=\"434\" srcset=\"https:\/\/www.parafiawierzbno.com.pl\/wp-content\/uploads\/2016\/08\/IMG_9667-1024x683.jpg 1024w, https:\/\/www.parafiawierzbno.com.pl\/wp-content\/uploads\/2016\/08\/IMG_9667-300x200.jpg 300w, https:\/\/www.parafiawierzbno.com.pl\/wp-content\/uploads\/2016\/08\/IMG_9667-768x512.jpg 768w, https:\/\/www.parafiawierzbno.com.pl\/wp-content\/uploads\/2016\/08\/IMG_9667-225x150.jpg 225w, https:\/\/www.parafiawierzbno.com.pl\/wp-content\/uploads\/2016\/08\/IMG_9667-150x100.jpg 150w, https:\/\/www.parafiawierzbno.com.pl\/wp-content\/uploads\/2016\/08\/IMG_9667.jpg 1152w\" sizes=\"(max-width: 650px) 100vw, 650px\" \/><\/a>Chwa\u0142a Panu Bogu\u00a0 za zbiory, za trud rolnik\u00f3w i radosne \u015bwi\u0119towanie.<\/p>\n<p style=\"text-align: right;\"><em>Z modlitw\u0105 &#8211; ks. Kazimierz<\/em><\/p>\n<p><strong><em>P.S.<\/em><\/strong> Dla wszystkich Internaut\u00f3w chcemy przytoczy\u0107 tekst weso\u0142ej piosenki, kt\u00f3ra powsta\u0142a z racji do\u017cynek i zapraszamy do galerii zdj\u0119\u0107.<\/p>\n<h2 style=\"text-align: center;\">Przy\u015bpiewki do\u017cynkowe \u2013 Wierzbno 2016<\/h2>\n<p style=\"text-align: center;\">Pi\u0119kna wioska Wierzbno, mi\u0142a okolica,<br \/>\nW powiecie w\u0119growskim prawie jak stolica.<br \/>\nRef.: Oj dana, oj dana wioska wszystkim znana x 2<\/p>\n<p style=\"text-align: center;\">Troch\u0119 kiepskie drogi dojazdowe mamy,<br \/>\nNo i z wielkim sprytem dziury omijamy.<br \/>\nRef.: Oj dana, oj dana wioska z tego znana x 2<\/p>\n<p style=\"text-align: center;\">\u015amietnik ju\u017c mniej \u015bmierdzi, \u015bmieciom si\u0119 nie damy,<br \/>\nspacery do lasu ch\u0119tniej urz\u0105dzamy.<br \/>\nRef.: Oj dana, oj dana wioska ukochana x 2<\/p>\n<p style=\"text-align: center;\"><!--more-->Kompostowni w centrum bardzo dzi\u0119kujemy,<br \/>\nbo ju\u017c smrod\u00f3w we wsi wi\u0119cej nie zniesiemy.<br \/>\nRef.: Oj dana, oj dana wioska zasmradzana x 2<\/p>\n<p style=\"text-align: center;\">W centrum bank i gmina, biblioteka, sklepy,<br \/>\nZ braku poczty wszyscy pisz\u0105 smsy.<br \/>\nRef.: Oj dana, oj dana wioska ukochana x 2<\/p>\n<p style=\"text-align: center;\">W pieczarkarni hale nowiutkie buduj\u0105<br \/>\nI do pracy sprytnych babek poszukuj\u0105.<br \/>\nRef.: Oj dana, oj dana wioska z grzyb\u00f3w znana\u00a0 x 2<\/p>\n<p style=\"text-align: center;\">Podobno w przysz\u0142o\u015bci posterunek b\u0119dzie,<br \/>\nNo i w ca\u0142ej gminie porz\u0105dek ju\u017c b\u0119dzie.<br \/>\nRef.: Oj dana, oj dana gmino ukochana x 2<\/p>\n<p style=\"text-align: center;\">Pani W\u00f3jt wspania\u0142a stara si\u0119 jak mo\u017ce,<br \/>\nProjekty wprowadza \u2013 Rada Jej pomo\u017ce.<br \/>\nRef.: Pomo\u017ce by\u0107 mo\u017ce, albo nie pomo\u017ce,<br \/>\n&#8211; Pomo\u017ce by\u0107 mo\u017ce, na pewno pomo\u017ce.<\/p>\n<p style=\"text-align: center;\">Park jest odnowiony, wszyscy si\u0119 dziwuj\u0105<br \/>\nI nowiutkich \u0142awek stale oczekuj\u0105.<br \/>\nRef.: Oj dana, oj dana wioska ju\u017c zadbana x2<\/p>\n<p style=\"text-align: center;\">Bo kiedy z daleka kto\u015b do nas przyb\u0119dzie,<br \/>\nTo na \u0142awce w parku wygodnie usi\u0105dzie.<br \/>\nRef.: Oj dana, oj dana wioska ju\u017c zadbana x2<\/p>\n<p style=\"text-align: center;\">I w szkolnej sto\u0142\u00f3wce chyba b\u0119d\u0105 zmiany,<br \/>\nBo piece i garnki id\u0105 do wymiany.<br \/>\nRef.: Oj dana, oj dana szko\u0142a ju\u017c zadbana x2<\/p>\n<p style=\"text-align: center;\">W centrum naszej wioski ko\u015bci\u00f3\u0142ek uroczy,<br \/>\nW niedziel\u0119 i \u015bwi\u0119ta lud do niego kroczy.<br \/>\nRef.: Oj dana, oj dana parafio kochana x 2<\/p>\n<p style=\"text-align: center;\">Ksi\u0105dz Proboszcz Kazimierz mi\u0142osierdzie g\u0142osi,<br \/>\nO przyja\u017a\u0144 s\u0105siedzk\u0105 swych parafian prosi.<br \/>\nRef.: Oj dana, oj dana parafio kochana x 2<\/p>\n<p style=\"text-align: center;\">Wszyscy si\u0119 szanuj\u0105, no bo dobrze znaj\u0105<br \/>\nZ armatek hukowych wcale nie strzelaj\u0105.<br \/>\nRef.: Oj dana, oj dana wioska ukochana x 2<\/p>\n<p style=\"text-align: center;\">Ka\u017cdy rolnik za dnia swoje pole orze,<br \/>\nOd 10 w nocy wyspa\u0107 si\u0119 ju\u017c mo\u017ce.<br \/>\nRef.: Oj dana, oj dana wioska ukochana x 2<\/p>\n<p style=\"text-align: center;\">Ksi\u0105dz Proboszcz parafian delikatnie prosi:<br \/>\n\u201eWie\u0144ce do\u017cynkowe czym pr\u0119dzej przyno\u015bcie!!!\u201d.<br \/>\nRef.: Oj dana, oj dana parafio kochana x 2<\/p>\n<p style=\"text-align: center;\">Z wie\u0144cem do\u017cynkowym \u2013 jak zwykle k\u0142opoty,<br \/>\nSo\u0142tys Ma\u0142gorzata goni do roboty.<br \/>\nRef.: Oj dana, oj dana So\u0142tys ukochana x 2<\/p>\n<p style=\"text-align: center;\">Wieniec do\u017cynkowy ca\u0142a wioska plecie<br \/>\nI \u0142adniejszy wyszed\u0142 ni\u017c te w Internecie.<br \/>\nRef.: Oj dana, oj dana wioska ukochana x 2<\/p>\n<p style=\"text-align: center;\">Wieniec z plon\u00f3w ziemi Panu Bogu w darze<br \/>\nPrzynosimy dzisiaj przed \u015bwi\u0119te o\u0142tarze.<br \/>\nRef.: Oj dana, oj dana wiosko ukochana x 2<\/p>\n<p style=\"text-align: center;\">A za to \u015bpiewanie brawa poprosimy,<br \/>\nBo my si\u0119 tu \u015bpiewa\u0107 wcale nie wstydzimy.<br \/>\nRef.: Oj dana, oj dana parafio kochana x2<\/p>\n<p style=\"text-align: center;\">Bis:<\/p>\n<p style=\"text-align: center;\">A za to \u015bpiewanie zlewaj \u0142aski Bo\u017ce.<br \/>\nKsi\u0105dz Proboszcz lodami pocz\u0119stowa\u0107 mo\u017ce.<br \/>\nRef.: Oj dana, oj dana parafio kochana x2<\/p>\n<p style=\"text-align: center;\"><em><strong>Tekst &#8211; Aneta Miklaszewska<\/strong><\/em><\/p>\n","protected":false},"excerpt":{"rendered":"<p>Jako katolicy w ka\u017cd\u0105 niedziel\u0119 gromadzimy si\u0119 na Eucharystii, aby przez Chrystusa dzi\u0119kowa\u0107 Ojcu niebieskiemu za wszelkie dobro, za otrzymane \u0142aski oraz prosi\u0107 o Jego b\u0142ogos\u0142awie\u0144stwo na nowy tydzie\u0144. Jednak Do\u017cynki Parafialne daj\u0105 szczeg\u00f3ln\u0105 mo\u017cliwo\u015b\u0107 wyra\u017cenia wdzi\u0119czno\u015bci Bo\u017cej Opatrzno\u015bci za tegoroczne plony, za ustrze\u017cenie naszego rejonu od huragan\u00f3w i nawa\u0142nic. Aposto\u0142 Pawe\u0142 wzywa nas: \u201eDzi\u0119kujcie zawsze za wszystko Bogu Ojcu w imi\u0119 Pana naszego Jezusa Chrystusa!\u201d (Ef 5, 20). 21 sierpnia na uroczystej Eucharystii o godz. 11.00 licznie zebrali si\u0119 parafianie i go\u015bcie, aby wielbi\u0107 Pana Boga. Nie zabrak\u0142o te\u017c druh\u00f3w stra\u017cak\u00f3w z OSP Wierzbno i OSP Jaworek. Z ca\u0142ego serca dzi\u0119kuj\u0119 za pi\u0119kne wie\u0144ce do\u017cynkowe: z Jaworka, Helenowa i Lasu Jaworskiego, z Cierpi\u0105t, Jan\u00f3wka i Wygl\u0119d\u00f3wka, z W\u00f3lki, \u015awidna i Wierzbna. Misternie wykonane wie\u0144ce s\u0105 widocznym dowodem naszej wdzi\u0119czno\u015bci i naszej mi\u0142o\u015bci do Pana Boga. Starostami do\u017cynek zostali pa\u0144stwo Lucyna i Leszek Jaworscy z Adamowa, kt\u00f3rzy z\u0142o\u017cyli na o\u0142tarzu \u2026 <a class=\"continue-reading-link\" href=\"https:\/\/www.parafiawierzbno.com.pl\/?p=4423\">Czytaj dalej <span class=\"meta-nav\">&rarr; <\/span><\/a><\/p>\n","protected":false},"author":1,"featured_media":0,"comment_status":"closed","ping_status":"closed","sticky":false,"template":"","format":"standard","meta":{"ngg_post_thumbnail":0},"categories":[1],"tags":[],"_links":{"self":[{"href":"https:\/\/www.parafiawierzbno.com.pl\/index.php?rest_route=\/wp\/v2\/posts\/4423"}],"collection":[{"href":"https:\/\/www.parafiawierzbno.com.pl\/index.php?rest_route=\/wp\/v2\/posts"}],"about":[{"href":"https:\/\/www.parafiawierzbno.com.pl\/index.php?rest_route=\/wp\/v2\/types\/post"}],"author":[{"embeddable":true,"href":"https:\/\/www.parafiawierzbno.com.pl\/index.php?rest_route=\/wp\/v2\/users\/1"}],"replies":[{"embeddable":true,"href":"https:\/\/www.parafiawierzbno.com.pl\/index.php?rest_route=%2Fwp%2Fv2%2Fcomments&post=4423"}],"version-history":[{"count":11,"href":"https:\/\/www.parafiawierzbno.com.pl\/index.php?rest_route=\/wp\/v2\/posts\/4423\/revisions"}],"predecessor-version":[{"id":4584,"href":"https:\/\/www.parafiawierzbno.com.pl\/index.php?rest_route=\/wp\/v2\/posts\/4423\/revisions\/4584"}],"wp:attachment":[{"href":"https:\/\/www.parafiawierzbno.com.pl\/index.php?rest_route=%2Fwp%2Fv2%2Fmedia&parent=4423"}],"wp:term":[{"taxonomy":"category","embeddable":true,"href":"https:\/\/www.parafiawierzbno.com.pl\/index.php?rest_route=%2Fwp%2Fv2%2Fcategories&post=4423"},{"taxonomy":"post_tag","embeddable":true,"href":"https:\/\/www.parafiawierzbno.com.pl\/index.php?rest_route=%2Fwp%2Fv2%2Ftags&post=4423"}],"curies":[{"name":"wp","href":"https:\/\/api.w.org\/{rel}","templated":true}]}}