{"id":4614,"date":"2016-10-13T01:42:37","date_gmt":"2016-10-12T23:42:37","guid":{"rendered":"https:\/\/www.parafiawierzbno.com.pl\/?p=4614"},"modified":"2016-10-13T01:42:37","modified_gmt":"2016-10-12T23:42:37","slug":"parafialny-dzien-seniora-w-wierzbnie","status":"publish","type":"post","link":"https:\/\/www.parafiawierzbno.com.pl\/?p=4614","title":{"rendered":"Parafialny Dzie\u0144 Seniora w Wierzbnie"},"content":{"rendered":"<p style=\"text-align: justify;\"><a href=\"https:\/\/www.parafiawierzbno.com.pl\/wp-content\/uploads\/2016\/10\/20161011_075026.jpg\" rel=\"attachment wp-att-4619\"><img loading=\"lazy\" class=\"size-medium wp-image-4619 alignleft\" src=\"https:\/\/www.parafiawierzbno.com.pl\/wp-content\/uploads\/2016\/10\/20161011_075026-300x225.jpg\" alt=\"20161011_075026\" width=\"300\" height=\"225\" srcset=\"https:\/\/www.parafiawierzbno.com.pl\/wp-content\/uploads\/2016\/10\/20161011_075026-300x225.jpg 300w, https:\/\/www.parafiawierzbno.com.pl\/wp-content\/uploads\/2016\/10\/20161011_075026-768x576.jpg 768w, https:\/\/www.parafiawierzbno.com.pl\/wp-content\/uploads\/2016\/10\/20161011_075026.jpg 1024w, https:\/\/www.parafiawierzbno.com.pl\/wp-content\/uploads\/2016\/10\/20161011_075026-200x150.jpg 200w, https:\/\/www.parafiawierzbno.com.pl\/wp-content\/uploads\/2016\/10\/20161011_075026-150x113.jpg 150w\" sizes=\"(max-width: 300px) 100vw, 300px\" \/><\/a>Wiwat jesie\u0144! Okrzyk zachwytu cisn\u0105\u0142 si\u0119 na usta w niedzielne popo\u0142udnie 2 pa\u017adziernika. Pow\u00f3d pierwszy \u2013 ciep\u0142y, s\u0142oneczny jesienny dzie\u0144 i przyroda mieni\u0105ca si\u0119 r\u00f3\u017cnymi odcieniami \u017c\u00f3\u0142ci i czerwieni. Paradoksalnie, barwy te, zewn\u0119trzna oznaka przemijania i zamkni\u0119cia kolejnego etapu \u017cycia natury, w wykonaniu Stw\u00f3rcy s\u0105 wyj\u0105tkowe, pi\u0119kne i mog\u0105 cieszy\u0107!<\/p>\n<p style=\"text-align: justify;\">Pow\u00f3d drugi, g\u0142\u00f3wny \u2013 te\u017c pi\u0119kno, ale i warto\u015b\u0107 innej jesieni \u2013 \u201ejesieni \u017cycia\u201d. To metaforyczne okre\u015blenie podesz\u0142ego wieku najcz\u0119\u015bciej uto\u017csamiane jest z chorob\u0105, samotno\u015bci\u0105 i innymi ograniczeniami. O staro\u015bci m\u00f3wi si\u0119 niech\u0119tnie, m\u00f3wi\u0107 o niej trudno, jednym s\u0142owem nie jest tematem medialnym. Ale jest i nie uciekniemy od niej. Naprzeciwko utartym stereotypom dotycz\u0105cym wieku podesz\u0142ego wyszed\u0142 ks. proboszcz Kazimierz J\u00f3\u017awik i m\u0142odzie\u017c zrzeszona w m\u0142odzie\u017cowym zespo\u0142em charytatywnym organizuj\u0105c w dniu 2 pa\u017adziernika Parafialny Dzie\u0144 Seniora. Na uroczysto\u015b\u0107 zaproszeni zostali wszyscy parafianie w wieku 75 lat i 75+. Spotkanie mia\u0142o zwr\u00f3ci\u0107 uwag\u0119 na obecno\u015b\u0107 ludzi starszych w naszej spo\u0142eczno\u015bci i wyeksponowa\u0107 ich spo\u0142eczn\u0105, religijn\u0105 i rodzinn\u0105 rang\u0119.<a href=\"https:\/\/www.parafiawierzbno.com.pl\/wp-content\/uploads\/2016\/10\/20161002_162632.jpg\" rel=\"attachment wp-att-4617\"><img loading=\"lazy\" class=\"size-medium wp-image-4617 alignright\" src=\"https:\/\/www.parafiawierzbno.com.pl\/wp-content\/uploads\/2016\/10\/20161002_162632-300x225.jpg\" alt=\"20161002_162632\" width=\"300\" height=\"225\" srcset=\"https:\/\/www.parafiawierzbno.com.pl\/wp-content\/uploads\/2016\/10\/20161002_162632-300x225.jpg 300w, https:\/\/www.parafiawierzbno.com.pl\/wp-content\/uploads\/2016\/10\/20161002_162632-768x576.jpg 768w, https:\/\/www.parafiawierzbno.com.pl\/wp-content\/uploads\/2016\/10\/20161002_162632.jpg 1024w, https:\/\/www.parafiawierzbno.com.pl\/wp-content\/uploads\/2016\/10\/20161002_162632-200x150.jpg 200w, https:\/\/www.parafiawierzbno.com.pl\/wp-content\/uploads\/2016\/10\/20161002_162632-150x113.jpg 150w\" sizes=\"(max-width: 300px) 100vw, 300px\" \/><\/a><\/p>\n<p style=\"text-align: justify;\">Zar\u00f3wno cz\u0119\u015b\u0107 artystyczna uroczysto\u015bci w wykonaniu uczni\u00f3w Zespo\u0142u Szk\u00f3\u0142 w Wierzbnie i parafialnej scholii, jak i homilia wyg\u0142oszona podczas uroczystej Eucharystii sprawowanej w intencji ludzi starszych, podkre\u015bla\u0142y godno\u015b\u0107 i warto\u015b\u0107 osoby w podesz\u0142ym wieku. Jak podkre\u015bla\u0142y g\u0142oszone i \u015bpiewane teksty, lata do\u015bwiadcze\u0144 i prze\u017cy\u0107 stanowi\u0105 \u017cyciow\u0105 m\u0105dro\u015b\u0107, kt\u00f3ra mo\u017ce by\u0107 skarbcem dla m\u0142odszych pokole\u0144. Przytaczano wypowiedzi 2 wielkich \u201emecenas\u00f3w\u201d ludzi starszych \u2013 papie\u017ca \u015bw. Jana Paw\u0142a II i papie\u017ca Franciszka, wielokrotnie wypowiadaj\u0105cych si\u0119 w\u0142a\u015bnie o godno\u015bci i potrzebie poszanowania senior\u00f3w.<\/p>\n<p style=\"text-align: justify;\">Przygotowanie uroczysto\u015bci po\u015bwi\u0119conej ludziom w podesz\u0142ym wieku stanowi wyzwanie zar\u00f3wno dla jej uczestnik\u00f3w, jak i dla organizator\u00f3w. Jest to mobilizacja dla rodziny, cz\u0119sto nie mieszkaj\u0105cej z seniorem, by umo\u017cliwi\u0107 zaproszonemu udzia\u0142 w uroczysto\u015bci, jest to pole do przemy\u015ble\u0144 dla organizatora, by przebieg i program uroczysto\u015bci uwzgl\u0119dni\u0142 charakter i oczekiwania uczestnik\u00f3w. Do\u015bwiadczenie Parafialnego Dnia Seniora w naszej wsp\u00f3lnocie parafialnej wskazu<a href=\"https:\/\/www.parafiawierzbno.com.pl\/wp-content\/uploads\/2016\/10\/20161002_170034.jpg\" rel=\"attachment wp-att-4618\"><img loading=\"lazy\" class=\"size-medium wp-image-4618 alignleft\" src=\"https:\/\/www.parafiawierzbno.com.pl\/wp-content\/uploads\/2016\/10\/20161002_170034-300x225.jpg\" alt=\"20161002_170034\" width=\"300\" height=\"225\" srcset=\"https:\/\/www.parafiawierzbno.com.pl\/wp-content\/uploads\/2016\/10\/20161002_170034-300x225.jpg 300w, https:\/\/www.parafiawierzbno.com.pl\/wp-content\/uploads\/2016\/10\/20161002_170034-768x576.jpg 768w, https:\/\/www.parafiawierzbno.com.pl\/wp-content\/uploads\/2016\/10\/20161002_170034.jpg 1024w, https:\/\/www.parafiawierzbno.com.pl\/wp-content\/uploads\/2016\/10\/20161002_170034-200x150.jpg 200w, https:\/\/www.parafiawierzbno.com.pl\/wp-content\/uploads\/2016\/10\/20161002_170034-150x113.jpg 150w\" sizes=\"(max-width: 300px) 100vw, 300px\" \/><\/a>je, \u017ce warto zmierzy\u0107 si\u0119 z takim wyzwaniem. Zintegrowa\u0142o ono osoby prywatne i instytucje dzia\u0142aj\u0105ce na terenie parafii i gminy \u2013 Zesp\u00f3\u0142 Szk\u00f3\u0142 w Wierzbnie, Urz\u0105d Gminy, Warsztaty Terapii Zaj\u0119ciowej w Jaworku. Jak bardzo potrzebny by\u0142 ten ca\u0142y \u201eraban\u201d zwi\u0105zany z organizacj\u0105 uroczysto\u015bci, \u015bwiadczy\u0142y zaduma i skupienie na twarzach zaproszonych go\u015bci i ich rodzin oraz s\u0142owa wdzi\u0119czno\u015bci na ustach po zako\u0144czeniu spotkania. 2 pa\u017adziernika seniorzy mieli swoje przys\u0142owiowe \u201e5 minut\u201d. Inni, jeszcze nie b\u0119d\u0105cy w jesieni \u017cycia, opuszczali \u015bwi\u0105tyni\u0119 umocnieni, \u017ce: \u201eStaro\u015b\u0107 jawi si\u0119 jako czas pomy\u015blny, w kt\u00f3rym dope\u0142nia si\u0119 miara ludzkiego \u017cycia zgodnie z Bo\u017cym zamys\u0142em wobec ka\u017cdego cz\u0142owieka\u201d (\u015bw. Jan Pawe\u0142 II) i \u201e Staro\u015b\u0107 \u2013 nie jest to jeszcze czas, aby wyci\u0105ga\u0107 wios\u0142a na pok\u0142ad\u201d (papie\u017c Franciszek ).<\/p>\n<p style=\"text-align: right;\">Ma\u0142gorzata W\u0105sowska<\/p>\n","protected":false},"excerpt":{"rendered":"<p>Wiwat jesie\u0144! Okrzyk zachwytu cisn\u0105\u0142 si\u0119 na usta w niedzielne popo\u0142udnie 2 pa\u017adziernika. Pow\u00f3d pierwszy \u2013 ciep\u0142y, s\u0142oneczny jesienny dzie\u0144 i przyroda mieni\u0105ca si\u0119 r\u00f3\u017cnymi odcieniami \u017c\u00f3\u0142ci i czerwieni. Paradoksalnie, barwy te, zewn\u0119trzna oznaka przemijania i zamkni\u0119cia kolejnego etapu \u017cycia natury, w wykonaniu Stw\u00f3rcy s\u0105 wyj\u0105tkowe, pi\u0119kne i mog\u0105 cieszy\u0107! Pow\u00f3d drugi, g\u0142\u00f3wny \u2013 te\u017c pi\u0119kno, ale i warto\u015b\u0107 innej jesieni \u2013 \u201ejesieni \u017cycia\u201d. To metaforyczne okre\u015blenie podesz\u0142ego wieku najcz\u0119\u015bciej uto\u017csamiane jest z chorob\u0105, samotno\u015bci\u0105 i innymi ograniczeniami. O staro\u015bci m\u00f3wi si\u0119 niech\u0119tnie, m\u00f3wi\u0107 o niej trudno, jednym s\u0142owem nie jest tematem medialnym. Ale jest i nie uciekniemy od niej. Naprzeciwko utartym stereotypom dotycz\u0105cym wieku podesz\u0142ego wyszed\u0142 ks. proboszcz Kazimierz J\u00f3\u017awik i m\u0142odzie\u017c zrzeszona w m\u0142odzie\u017cowym zespo\u0142em charytatywnym organizuj\u0105c w dniu 2 pa\u017adziernika Parafialny Dzie\u0144 Seniora. Na uroczysto\u015b\u0107 zaproszeni zostali wszyscy parafianie w wieku 75 lat i 75+. Spotkanie mia\u0142o zwr\u00f3ci\u0107 uwag\u0119 na obecno\u015b\u0107 ludzi starszych w naszej spo\u0142eczno\u015bci i \u2026 <a class=\"continue-reading-link\" href=\"https:\/\/www.parafiawierzbno.com.pl\/?p=4614\">Czytaj dalej <span class=\"meta-nav\">&rarr; <\/span><\/a><\/p>\n","protected":false},"author":1,"featured_media":0,"comment_status":"closed","ping_status":"closed","sticky":false,"template":"","format":"standard","meta":{"ngg_post_thumbnail":0},"categories":[1],"tags":[],"_links":{"self":[{"href":"https:\/\/www.parafiawierzbno.com.pl\/index.php?rest_route=\/wp\/v2\/posts\/4614"}],"collection":[{"href":"https:\/\/www.parafiawierzbno.com.pl\/index.php?rest_route=\/wp\/v2\/posts"}],"about":[{"href":"https:\/\/www.parafiawierzbno.com.pl\/index.php?rest_route=\/wp\/v2\/types\/post"}],"author":[{"embeddable":true,"href":"https:\/\/www.parafiawierzbno.com.pl\/index.php?rest_route=\/wp\/v2\/users\/1"}],"replies":[{"embeddable":true,"href":"https:\/\/www.parafiawierzbno.com.pl\/index.php?rest_route=%2Fwp%2Fv2%2Fcomments&post=4614"}],"version-history":[{"count":6,"href":"https:\/\/www.parafiawierzbno.com.pl\/index.php?rest_route=\/wp\/v2\/posts\/4614\/revisions"}],"predecessor-version":[{"id":4623,"href":"https:\/\/www.parafiawierzbno.com.pl\/index.php?rest_route=\/wp\/v2\/posts\/4614\/revisions\/4623"}],"wp:attachment":[{"href":"https:\/\/www.parafiawierzbno.com.pl\/index.php?rest_route=%2Fwp%2Fv2%2Fmedia&parent=4614"}],"wp:term":[{"taxonomy":"category","embeddable":true,"href":"https:\/\/www.parafiawierzbno.com.pl\/index.php?rest_route=%2Fwp%2Fv2%2Fcategories&post=4614"},{"taxonomy":"post_tag","embeddable":true,"href":"https:\/\/www.parafiawierzbno.com.pl\/index.php?rest_route=%2Fwp%2Fv2%2Ftags&post=4614"}],"curies":[{"name":"wp","href":"https:\/\/api.w.org\/{rel}","templated":true}]}}