{"id":4625,"date":"2016-10-17T02:41:27","date_gmt":"2016-10-17T00:41:27","guid":{"rendered":"https:\/\/www.parafiawierzbno.com.pl\/?p=4625"},"modified":"2016-10-17T02:41:27","modified_gmt":"2016-10-17T00:41:27","slug":"pasterska-wizyta-ks-biskupa-piotra-sawczuka-w-wierzbnie","status":"publish","type":"post","link":"https:\/\/www.parafiawierzbno.com.pl\/?p=4625","title":{"rendered":"Pasterska wizyta Ks. Biskupa Piotra Sawczuka w Wierzbnie"},"content":{"rendered":"<p><strong>6 pa\u017adziernika 2016 r. J.E. Ks. Piotr Sawczuk udzieli\u0142 24 osobom z grona naszej m\u0142odzie\u017cy Sakramentu Bierzmowania i po\u015bwi\u0119ci\u0142 tablic\u0119 upami\u0119tniaj\u0105c\u0105 ks. Tomasza Sobiepanka, naszego rodaka, kt\u00f3ry 75 lat temu odda\u0142 swoje \u017cycie w obozie koncentracyjnym w Dachau.<\/strong><\/p>\n<p style=\"text-align: center;\"><strong><em>Sakrament Bierzmowania<\/em><\/strong><\/p>\n<p style=\"text-align: justify;\"><a href=\"https:\/\/www.parafiawierzbno.com.pl\/wp-content\/uploads\/2016\/10\/38_2016.10.06_Wierzbno_biskup.jpg\" rel=\"attachment wp-att-4628\"><img loading=\"lazy\" class=\"size-medium wp-image-4628 alignleft\" src=\"https:\/\/www.parafiawierzbno.com.pl\/wp-content\/uploads\/2016\/10\/38_2016.10.06_Wierzbno_biskup-300x199.jpg\" alt=\"38_2016-10-06_wierzbno_biskup\" width=\"300\" height=\"199\" srcset=\"https:\/\/www.parafiawierzbno.com.pl\/wp-content\/uploads\/2016\/10\/38_2016.10.06_Wierzbno_biskup-300x199.jpg 300w, https:\/\/www.parafiawierzbno.com.pl\/wp-content\/uploads\/2016\/10\/38_2016.10.06_Wierzbno_biskup-768x511.jpg 768w, https:\/\/www.parafiawierzbno.com.pl\/wp-content\/uploads\/2016\/10\/38_2016.10.06_Wierzbno_biskup-1024x681.jpg 1024w, https:\/\/www.parafiawierzbno.com.pl\/wp-content\/uploads\/2016\/10\/38_2016.10.06_Wierzbno_biskup-226x150.jpg 226w, https:\/\/www.parafiawierzbno.com.pl\/wp-content\/uploads\/2016\/10\/38_2016.10.06_Wierzbno_biskup-150x100.jpg 150w, https:\/\/www.parafiawierzbno.com.pl\/wp-content\/uploads\/2016\/10\/38_2016.10.06_Wierzbno_biskup.jpg 1155w\" sizes=\"(max-width: 300px) 100vw, 300px\" \/><\/a>Ten dzie\u0144, 6 pa\u017adziernika, z pewno\u015bci\u0105 utrwali si\u0119 w pami\u0119ci m\u0142odzie\u017cy, kt\u00f3ra w ci\u0105gu ca\u0142ego roku przygotowywa\u0142a si\u0119 do Sakramentu Bierzmowania. Comiesi\u0119czne spotkania formacyjne, regularne przyst\u0119powanie do Sakramentu pokuty i pojednania, zg\u0142\u0119bianie prawd wiary przez studiowanie katechizmu, modlitwa o moc i dary Ducha \u015awi\u0119tego \u2013 to wszystko, aby \u015bwiadomie przyj\u0105\u0107 sakrament dojrza\u0142o\u015bci chrze\u015bcija\u0144skiej.<\/p>\n<p style=\"text-align: justify;\">Podczas uroczystej Eucharystii, po wys\u0142uchaniu Ewangelii, kandydaci do bierzmowania z przej\u0119ciem wyznali: <em>\u201eChcemy, aby Duch \u015awi\u0119ty, kt\u00f3rego otrzymamy, umocni\u0142 nas do m\u0119\u017cnego wyznawania wiary i do post\u0119powania wed\u0142ug jej zasad\u201d.<\/em> Ksi\u0105dz Biskup Piotr Sawczuk nawi\u0105za\u0142\u00a0 w homilii tych s\u0142\u00f3w m\u0142odzie\u017cy. Podkre\u015bla\u0142, \u017ce dzi\u015b jeste\u015bmy szczeg\u00f3lnie wezwani do m\u0119\u017cnego wyznawania wiary w swoim \u015brodowisku i do prawdziwie chrze\u015bcija\u0144skiego \u017cycia, a jest to nie\u0142atwe zadanie. Nieraz spotkamy si\u0119 z ironi\u0105 i nawet prze\u015bladowaniem jako uczniowie Jezusa. Ale \u017ar\u00f3d\u0142em mocy w tych zewn\u0119trznych trudno\u015bciach jest zawsze Duch \u015awi\u0119ty. \u00a0W Ewangelii s\u0142yszymy jak Jezus zapowiada sprzeciw: \u201eJe\u015bli Mnie prze\u015bladowali, to i was b\u0119d\u0105 prze\u015bladowa\u0107\u201d <em>(J 15,20)<\/em>.<\/p>\n<p style=\"text-align: justify;\">Ks. Biskup Piotr odwo\u0142uj\u0105c si\u0119 do historii Ko\u015bcio\u0142a, m\u00f3wi\u0142 o prze\u015bladowaniu chrze\u015bcijan w pierwszych wiekach. <a href=\"https:\/\/www.parafiawierzbno.com.pl\/wp-content\/uploads\/2016\/10\/33_2016.10.06_Wierzbno_biskup.jpg\" rel=\"attachment wp-att-4629\"><img loading=\"lazy\" class=\"size-medium wp-image-4629 alignright\" src=\"https:\/\/www.parafiawierzbno.com.pl\/wp-content\/uploads\/2016\/10\/33_2016.10.06_Wierzbno_biskup-300x199.jpg\" alt=\"33_2016-10-06_wierzbno_biskup\" width=\"300\" height=\"199\" srcset=\"https:\/\/www.parafiawierzbno.com.pl\/wp-content\/uploads\/2016\/10\/33_2016.10.06_Wierzbno_biskup-300x199.jpg 300w, https:\/\/www.parafiawierzbno.com.pl\/wp-content\/uploads\/2016\/10\/33_2016.10.06_Wierzbno_biskup-768x511.jpg 768w, https:\/\/www.parafiawierzbno.com.pl\/wp-content\/uploads\/2016\/10\/33_2016.10.06_Wierzbno_biskup-1024x681.jpg 1024w, https:\/\/www.parafiawierzbno.com.pl\/wp-content\/uploads\/2016\/10\/33_2016.10.06_Wierzbno_biskup-226x150.jpg 226w, https:\/\/www.parafiawierzbno.com.pl\/wp-content\/uploads\/2016\/10\/33_2016.10.06_Wierzbno_biskup-150x100.jpg 150w, https:\/\/www.parafiawierzbno.com.pl\/wp-content\/uploads\/2016\/10\/33_2016.10.06_Wierzbno_biskup.jpg 1155w\" sizes=\"(max-width: 300px) 100vw, 300px\" \/><\/a>Wielu wyznawc\u00f3w Chrystusa nie waha\u0142o si\u0119 odda\u0107 swojego \u017cycia, broni\u0105c wiar\u0119 i modl\u0105c si\u0119 za swoich prze\u015bladowc\u00f3w. Ich m\u0119cze\u0144stwo by\u0142o czytelnym \u015bwiadectwem o Jezusie Chrystusie dla innych i \u201ekrew m\u0119czennik\u00f3w stawa\u0142a si\u0119 posiewem nowych chrze\u015bcijan\u201d <em>(Tertulian).<\/em> Na Podlasiu mamy \u015bwietlany przyk\u0142ad wiary unit\u00f3w z Drelowa i \u00a0Pratulina. W styczniu 1874 roku m\u0119\u017cnie bronili swojej \u015bwi\u0105tyni i nie chcieli przyj\u0105\u0107 prawos\u0142awia narzucanego im przemoc\u0105. Wincenty Lewoniuk i 12 jego Towarzyszy z Pratulina zosta\u0142o w 1996 roku zaliczonych przez Jana Paw\u0142a II do grona b\u0142ogos\u0142awionych. Ks. Biskup wspomnia\u0142 w homilii tak\u017ce ks. Tomasza Sobiepanka, kt\u00f3ry mo\u017ce wyprasza\u0107 u Boga dla nas \u0142aski.<\/p>\n<p style=\"text-align: center;\"><strong><em>Po\u015bwi\u0119cenie tablicy ks. Tomasza Sobiepanka<\/em><\/strong><\/p>\n<p style=\"text-align: justify;\">Po Komunii \u015bw. ks. Biskup Piotr Sawczuk na pro\u015bb\u0119 proboszcza dokona\u0142 po\u015bwi\u0119cenia tablicy, kt\u00f3ra ma przypomina\u0107 ca\u0142ej wsp\u00f3lnocie parafialnej ks. Tomasza Sobiepanka. \u201eBia\u0142a Ksi\u0119ga\u201d Martyrologium Duchowie\u0144stwa potwierdza, \u017ce ks. Tomasz zmar\u0142 z g\u0142odu i wycie\u0144czenia 10 listopada 1941 r. w obozie koncentracyjnym w Dachau (nr obozowy 28420). Z pewno\u015bci\u0105 teraz dost\u0119puje chwa\u0142y nieba i mo\u017ce wyprasza\u0107 mocn\u0105 \u00a0wiar\u0119 dla m\u0142odzie\u017cy, a tak\u017ce nowe powo\u0142ania kap\u0142a\u0144skie i zakonne.<\/p>\n<p style=\"text-align: justify;\"><a href=\"https:\/\/www.parafiawierzbno.com.pl\/wp-content\/uploads\/2016\/10\/54_2016.10.06_Wierzbno_biskup.jpg\" rel=\"attachment wp-att-4631\"><img loading=\"lazy\" class=\"size-medium wp-image-4631 alignleft\" src=\"https:\/\/www.parafiawierzbno.com.pl\/wp-content\/uploads\/2016\/10\/54_2016.10.06_Wierzbno_biskup-300x199.jpg\" alt=\"54_2016-10-06_wierzbno_biskup\" width=\"300\" height=\"199\" srcset=\"https:\/\/www.parafiawierzbno.com.pl\/wp-content\/uploads\/2016\/10\/54_2016.10.06_Wierzbno_biskup-300x199.jpg 300w, https:\/\/www.parafiawierzbno.com.pl\/wp-content\/uploads\/2016\/10\/54_2016.10.06_Wierzbno_biskup-768x511.jpg 768w, https:\/\/www.parafiawierzbno.com.pl\/wp-content\/uploads\/2016\/10\/54_2016.10.06_Wierzbno_biskup-1024x681.jpg 1024w, https:\/\/www.parafiawierzbno.com.pl\/wp-content\/uploads\/2016\/10\/54_2016.10.06_Wierzbno_biskup-226x150.jpg 226w, https:\/\/www.parafiawierzbno.com.pl\/wp-content\/uploads\/2016\/10\/54_2016.10.06_Wierzbno_biskup-150x100.jpg 150w, https:\/\/www.parafiawierzbno.com.pl\/wp-content\/uploads\/2016\/10\/54_2016.10.06_Wierzbno_biskup.jpg 1155w\" sizes=\"(max-width: 300px) 100vw, 300px\" \/><\/a>Wiemy, \u017ce jego rodzice: J\u00f3zef i Weronika mieszkali w Eminie (dzisiejsze \u015awidno) i stworzyli pi\u0119kn\u0105 rodzin\u0119 (mieli siedmiu syn\u00f3w i c\u00f3rk\u0119). Po uko\u0144czeniu gimnazjum w Siedlcach Tomasz wst\u0105pi\u0142 do seminarium duchownego we W\u0142oc\u0142awku. 1 stycznia 1893 roku zosta\u0142 wy\u015bwi\u0119cony na kap\u0142ana. Pos\u0142ugiwa\u0142 w kilku parafiach: w Morzys\u0142awiu, Gidlach, Grzymalinej Woli i w Kawnicach. \u00a0Przed wybuchem II wojny \u015bwiatowej zamieszka\u0142 w domu ksi\u0119\u017cy emeryt\u00f3w w Ciechocinku, a 6 pa\u017adziernika 1941 r. zosta\u0142 aresztowany wraz z innymi kap\u0142anami.<\/p>\n<p style=\"text-align: justify;\">Na uroczysto\u015b\u0107 po\u015bwi\u0119cenia tablicy zgromadzili si\u0119 licznie krewni ks. Tomasza. I po Eucharystii podzi\u0119kowali ks. biskupowi Piotrowi, bo teraz nie zaginie pami\u0119\u0107 o ich bohaterskim kuzynie.<\/p>\n<p><em>Z ufno\u015bci\u0105 prosz\u0119 Ducha \u015awi\u0119tego, aby pomaga\u0142 m\u0142odzie\u017cy po bierzmowaniu uczestniczy\u0107 w ka\u017cd\u0105 niedziel\u0119 we Mszy \u015bw.\u00a0 Z wdzi\u0119czno\u015bci\u0105 &#8211; Ks. Kazimierz<\/em><\/p>\n<p><em><a href=\"https:\/\/www.parafiawierzbno.com.pl\/wp-content\/uploads\/2016\/10\/57_2016.10.06_Wierzbno_biskup.jpg\" rel=\"attachment wp-att-4632\"><img loading=\"lazy\" class=\"size-large wp-image-4632 aligncenter\" src=\"https:\/\/www.parafiawierzbno.com.pl\/wp-content\/uploads\/2016\/10\/57_2016.10.06_Wierzbno_biskup-1024x683.jpg\" alt=\"57_2016-10-06_wierzbno_biskup\" width=\"650\" height=\"434\" srcset=\"https:\/\/www.parafiawierzbno.com.pl\/wp-content\/uploads\/2016\/10\/57_2016.10.06_Wierzbno_biskup-1024x683.jpg 1024w, https:\/\/www.parafiawierzbno.com.pl\/wp-content\/uploads\/2016\/10\/57_2016.10.06_Wierzbno_biskup-300x200.jpg 300w, https:\/\/www.parafiawierzbno.com.pl\/wp-content\/uploads\/2016\/10\/57_2016.10.06_Wierzbno_biskup-768x512.jpg 768w, https:\/\/www.parafiawierzbno.com.pl\/wp-content\/uploads\/2016\/10\/57_2016.10.06_Wierzbno_biskup-225x150.jpg 225w, https:\/\/www.parafiawierzbno.com.pl\/wp-content\/uploads\/2016\/10\/57_2016.10.06_Wierzbno_biskup-150x100.jpg 150w, https:\/\/www.parafiawierzbno.com.pl\/wp-content\/uploads\/2016\/10\/57_2016.10.06_Wierzbno_biskup.jpg 1151w\" sizes=\"(max-width: 650px) 100vw, 650px\" \/><\/a><\/em><\/p>\n","protected":false},"excerpt":{"rendered":"<p>6 pa\u017adziernika 2016 r. J.E. Ks. Piotr Sawczuk udzieli\u0142 24 osobom z grona naszej m\u0142odzie\u017cy Sakramentu Bierzmowania i po\u015bwi\u0119ci\u0142 tablic\u0119 upami\u0119tniaj\u0105c\u0105 ks. Tomasza Sobiepanka, naszego rodaka, kt\u00f3ry 75 lat temu odda\u0142 swoje \u017cycie w obozie koncentracyjnym w Dachau. Sakrament Bierzmowania Ten dzie\u0144, 6 pa\u017adziernika, z pewno\u015bci\u0105 utrwali si\u0119 w pami\u0119ci m\u0142odzie\u017cy, kt\u00f3ra w ci\u0105gu ca\u0142ego roku przygotowywa\u0142a si\u0119 do Sakramentu Bierzmowania. Comiesi\u0119czne spotkania formacyjne, regularne przyst\u0119powanie do Sakramentu pokuty i pojednania, zg\u0142\u0119bianie prawd wiary przez studiowanie katechizmu, modlitwa o moc i dary Ducha \u015awi\u0119tego \u2013 to wszystko, aby \u015bwiadomie przyj\u0105\u0107 sakrament dojrza\u0142o\u015bci chrze\u015bcija\u0144skiej. Podczas uroczystej Eucharystii, po wys\u0142uchaniu Ewangelii, kandydaci do bierzmowania z przej\u0119ciem wyznali: \u201eChcemy, aby Duch \u015awi\u0119ty, kt\u00f3rego otrzymamy, umocni\u0142 nas do m\u0119\u017cnego wyznawania wiary i do post\u0119powania wed\u0142ug jej zasad\u201d. Ksi\u0105dz Biskup Piotr Sawczuk nawi\u0105za\u0142\u00a0 w homilii tych s\u0142\u00f3w m\u0142odzie\u017cy. Podkre\u015bla\u0142, \u017ce dzi\u015b jeste\u015bmy szczeg\u00f3lnie wezwani do m\u0119\u017cnego wyznawania wiary w swoim \u015brodowisku i do prawdziwie chrze\u015bcija\u0144skiego \u2026 <a class=\"continue-reading-link\" href=\"https:\/\/www.parafiawierzbno.com.pl\/?p=4625\">Czytaj dalej <span class=\"meta-nav\">&rarr; <\/span><\/a><\/p>\n","protected":false},"author":1,"featured_media":0,"comment_status":"closed","ping_status":"closed","sticky":false,"template":"","format":"standard","meta":{"ngg_post_thumbnail":0},"categories":[1],"tags":[],"_links":{"self":[{"href":"https:\/\/www.parafiawierzbno.com.pl\/index.php?rest_route=\/wp\/v2\/posts\/4625"}],"collection":[{"href":"https:\/\/www.parafiawierzbno.com.pl\/index.php?rest_route=\/wp\/v2\/posts"}],"about":[{"href":"https:\/\/www.parafiawierzbno.com.pl\/index.php?rest_route=\/wp\/v2\/types\/post"}],"author":[{"embeddable":true,"href":"https:\/\/www.parafiawierzbno.com.pl\/index.php?rest_route=\/wp\/v2\/users\/1"}],"replies":[{"embeddable":true,"href":"https:\/\/www.parafiawierzbno.com.pl\/index.php?rest_route=%2Fwp%2Fv2%2Fcomments&post=4625"}],"version-history":[{"count":5,"href":"https:\/\/www.parafiawierzbno.com.pl\/index.php?rest_route=\/wp\/v2\/posts\/4625\/revisions"}],"predecessor-version":[{"id":4634,"href":"https:\/\/www.parafiawierzbno.com.pl\/index.php?rest_route=\/wp\/v2\/posts\/4625\/revisions\/4634"}],"wp:attachment":[{"href":"https:\/\/www.parafiawierzbno.com.pl\/index.php?rest_route=%2Fwp%2Fv2%2Fmedia&parent=4625"}],"wp:term":[{"taxonomy":"category","embeddable":true,"href":"https:\/\/www.parafiawierzbno.com.pl\/index.php?rest_route=%2Fwp%2Fv2%2Fcategories&post=4625"},{"taxonomy":"post_tag","embeddable":true,"href":"https:\/\/www.parafiawierzbno.com.pl\/index.php?rest_route=%2Fwp%2Fv2%2Ftags&post=4625"}],"curies":[{"name":"wp","href":"https:\/\/api.w.org\/{rel}","templated":true}]}}