{"id":4703,"date":"2016-12-24T13:56:58","date_gmt":"2016-12-24T12:56:58","guid":{"rendered":"https:\/\/www.parafiawierzbno.com.pl\/?p=4703"},"modified":"2016-12-24T13:56:58","modified_gmt":"2016-12-24T12:56:58","slug":"narodzenie-panskie-a-d-2016","status":"publish","type":"post","link":"https:\/\/www.parafiawierzbno.com.pl\/?p=4703","title":{"rendered":"Narodzenie Pa\u0144skie &#8211; A. D. 2016"},"content":{"rendered":"<p><a href=\"https:\/\/www.parafiawierzbno.com.pl\/wp-content\/uploads\/2016\/12\/1.jpg\" rel=\"attachment wp-att-4708\"><img loading=\"lazy\" class=\"size-medium wp-image-4708 alignleft\" src=\"https:\/\/www.parafiawierzbno.com.pl\/wp-content\/uploads\/2016\/12\/1-300x247.jpg\" alt=\"1\" width=\"300\" height=\"247\" srcset=\"https:\/\/www.parafiawierzbno.com.pl\/wp-content\/uploads\/2016\/12\/1-300x247.jpg 300w, https:\/\/www.parafiawierzbno.com.pl\/wp-content\/uploads\/2016\/12\/1-182x150.jpg 182w, https:\/\/www.parafiawierzbno.com.pl\/wp-content\/uploads\/2016\/12\/1-150x123.jpg 150w, https:\/\/www.parafiawierzbno.com.pl\/wp-content\/uploads\/2016\/12\/1.jpg 500w\" sizes=\"(max-width: 300px) 100vw, 300px\" \/><\/a><\/p>\n<p>&nbsp;<\/p>\n<p style=\"padding-left: 180px;\"><em>\u201eS\u0142owo sta\u0142o si\u0119 Cia\u0142em<\/em><br \/>\n<em>i zamieszka\u0142o w\u015br\u00f3d nas.<\/em><br \/>\n<em>I ogl\u0105dali\u015bmy Jego chwa\u0142\u0119,<\/em><br \/>\n<em>chwa\u0142\u0119, jak\u0105 Jednorodzony otrzymuje od Ojca <\/em><br \/>\n<em>pe\u0142en \u0142aski i prawdy\u201d (J1,14).<\/em><\/p>\n<p>&nbsp;<\/p>\n<p>&nbsp;<\/p>\n<p>Jezus Chrystus, Wcielone S\u0142owo, przychodzi w nasz ludzki \u015bwiat, aby ka\u017cdy cz\u0142owiek: dziecko, ch\u0142opiec i dziewczyna, ma\u0142\u017conkowie i rodzice, starszy, schorowany i samotny, do\u015bwiadczy\u0142 pokoju i przebaczenia, prawdziwej rado\u015bci i mi\u0142o\u015bci Boga.<br \/>\nJezus uczy nas, by\u015bmy siebie nawzajem obdarzali pokojem i przebaczeniem.<br \/>\nJezus pragnie by\u015bmy byli szcz\u0119\u015bliwi jak pasterze w stajence betlejemskiej i dzielili si\u0119 mi\u0142o\u015bci\u0105 w gronie rodziny, s\u0105siad\u00f3w, a tak\u017ce z ka\u017cdym napotkanym cz\u0142owiekiem.<br \/>\nJezus daje nam czas \u0142aski, czas zbawienia, aby\u015bmy na codzie\u0144 starali si\u0119 \u017cy\u0107 w \u0142asce u\u015bwi\u0119caj\u0105cej, wystrzegaj\u0105c si\u0119 wszelkiego dobrowolnego grzechu.<\/p>\n<p><strong>Siostro i Bracie!<br \/>\nZ ca\u0142ego serca \u017cycz\u0119 Wam, by\u015bcie spotkali w tych dniach Jezusa Chrystusa przychodz\u0105cego w drugim cz\u0142owieku i z rado\u015bci\u0105 przyj\u0119li Go do swego domu. \u017bycz\u0119 zdrowia, pokoju ducha i wszelkich \u0142ask od Bo\u017cej Dzieciny narodzonej dla nas w Betlejem. \u017bycz\u0119 b\u0142ogos\u0142awionych \u015awi\u0105t Bo\u017cego Narodzenia, serdeczno\u015bci i jedno\u015bci w rodzinach podczas wsp\u00f3lnego \u015bpiewu kol\u0119d.<\/strong><\/p>\n<p style=\"text-align: right;\"><strong><em>Z darem modlitwy przy dzieleniu si\u0119 op\u0142atkiem w Wigilijny wiecz\u00f3r <\/em><\/strong><br \/>\n<strong><em>\u2013 ks. Kazimierz J\u00f3\u017awik<\/em><\/strong><\/p>\n<p>P. S. Z serca zapraszam 6 stycznia 2017 r. do udzia\u0142u w III Orszaku Trzech Kr\u00f3li w Wierzbnie. Pocz\u0105tek Orszaku o 12.30 przy pieczarkarni, \u015bpiewaj\u0105c wsp\u00f3lnie kol\u0119dy, przejdziemy do Stajenki przy ko\u015bciele, gdzie znajdziemy gor\u0105cy bigos lub groch\u00f3wk\u0119.<\/p>\n","protected":false},"excerpt":{"rendered":"<p>&nbsp; \u201eS\u0142owo sta\u0142o si\u0119 Cia\u0142em i zamieszka\u0142o w\u015br\u00f3d nas. I ogl\u0105dali\u015bmy Jego chwa\u0142\u0119, chwa\u0142\u0119, jak\u0105 Jednorodzony otrzymuje od Ojca pe\u0142en \u0142aski i prawdy\u201d (J1,14). &nbsp; &nbsp; Jezus Chrystus, Wcielone S\u0142owo, przychodzi w nasz ludzki \u015bwiat, aby ka\u017cdy cz\u0142owiek: dziecko, ch\u0142opiec i dziewczyna, ma\u0142\u017conkowie i rodzice, starszy, schorowany i samotny, do\u015bwiadczy\u0142 pokoju i przebaczenia, prawdziwej rado\u015bci i mi\u0142o\u015bci Boga. Jezus uczy nas, by\u015bmy siebie nawzajem obdarzali pokojem i przebaczeniem. Jezus pragnie by\u015bmy byli szcz\u0119\u015bliwi jak pasterze w stajence betlejemskiej i dzielili si\u0119 mi\u0142o\u015bci\u0105 w gronie rodziny, s\u0105siad\u00f3w, a tak\u017ce z ka\u017cdym napotkanym cz\u0142owiekiem. Jezus daje nam czas \u0142aski, czas zbawienia, aby\u015bmy na codzie\u0144 starali si\u0119 \u017cy\u0107 w \u0142asce u\u015bwi\u0119caj\u0105cej, wystrzegaj\u0105c si\u0119 wszelkiego dobrowolnego grzechu. Siostro i Bracie! Z ca\u0142ego serca \u017cycz\u0119 Wam, by\u015bcie spotkali w tych dniach Jezusa Chrystusa przychodz\u0105cego w drugim cz\u0142owieku i z rado\u015bci\u0105 przyj\u0119li Go do swego domu. \u017bycz\u0119 zdrowia, pokoju ducha i wszelkich \u0142ask od Bo\u017cej Dzieciny \u2026 <a class=\"continue-reading-link\" href=\"https:\/\/www.parafiawierzbno.com.pl\/?p=4703\">Czytaj dalej <span class=\"meta-nav\">&rarr; <\/span><\/a><\/p>\n","protected":false},"author":1,"featured_media":0,"comment_status":"closed","ping_status":"closed","sticky":false,"template":"","format":"standard","meta":{"ngg_post_thumbnail":0},"categories":[1],"tags":[],"_links":{"self":[{"href":"https:\/\/www.parafiawierzbno.com.pl\/index.php?rest_route=\/wp\/v2\/posts\/4703"}],"collection":[{"href":"https:\/\/www.parafiawierzbno.com.pl\/index.php?rest_route=\/wp\/v2\/posts"}],"about":[{"href":"https:\/\/www.parafiawierzbno.com.pl\/index.php?rest_route=\/wp\/v2\/types\/post"}],"author":[{"embeddable":true,"href":"https:\/\/www.parafiawierzbno.com.pl\/index.php?rest_route=\/wp\/v2\/users\/1"}],"replies":[{"embeddable":true,"href":"https:\/\/www.parafiawierzbno.com.pl\/index.php?rest_route=%2Fwp%2Fv2%2Fcomments&post=4703"}],"version-history":[{"count":10,"href":"https:\/\/www.parafiawierzbno.com.pl\/index.php?rest_route=\/wp\/v2\/posts\/4703\/revisions"}],"predecessor-version":[{"id":4715,"href":"https:\/\/www.parafiawierzbno.com.pl\/index.php?rest_route=\/wp\/v2\/posts\/4703\/revisions\/4715"}],"wp:attachment":[{"href":"https:\/\/www.parafiawierzbno.com.pl\/index.php?rest_route=%2Fwp%2Fv2%2Fmedia&parent=4703"}],"wp:term":[{"taxonomy":"category","embeddable":true,"href":"https:\/\/www.parafiawierzbno.com.pl\/index.php?rest_route=%2Fwp%2Fv2%2Fcategories&post=4703"},{"taxonomy":"post_tag","embeddable":true,"href":"https:\/\/www.parafiawierzbno.com.pl\/index.php?rest_route=%2Fwp%2Fv2%2Ftags&post=4703"}],"curies":[{"name":"wp","href":"https:\/\/api.w.org\/{rel}","templated":true}]}}