{"id":4766,"date":"2017-02-12T09:49:50","date_gmt":"2017-02-12T08:49:50","guid":{"rendered":"https:\/\/www.parafiawierzbno.com.pl\/?p=4766"},"modified":"2017-02-12T09:49:50","modified_gmt":"2017-02-12T08:49:50","slug":"ognisko-i-kulig-w-jaworku","status":"publish","type":"post","link":"https:\/\/www.parafiawierzbno.com.pl\/?p=4766","title":{"rendered":"Ognisko i kulig w Jaworku"},"content":{"rendered":"<p style=\"text-align: justify;\"><a href=\"https:\/\/www.parafiawierzbno.com.pl\/wp-content\/uploads\/2017\/02\/DSCN0127_zmie\u0144-rozmiar.jpg\" rel=\"attachment wp-att-4770\"><img loading=\"lazy\" class=\"size-medium wp-image-4770 alignleft\" src=\"https:\/\/www.parafiawierzbno.com.pl\/wp-content\/uploads\/2017\/02\/DSCN0127_zmie\u0144-rozmiar-300x225.jpg\" alt=\"DSCN0127_zmie\u0144 rozmiar\" width=\"300\" height=\"225\" srcset=\"https:\/\/www.parafiawierzbno.com.pl\/wp-content\/uploads\/2017\/02\/DSCN0127_zmie\u0144-rozmiar-300x225.jpg 300w, https:\/\/www.parafiawierzbno.com.pl\/wp-content\/uploads\/2017\/02\/DSCN0127_zmie\u0144-rozmiar-768x576.jpg 768w, https:\/\/www.parafiawierzbno.com.pl\/wp-content\/uploads\/2017\/02\/DSCN0127_zmie\u0144-rozmiar.jpg 1024w, https:\/\/www.parafiawierzbno.com.pl\/wp-content\/uploads\/2017\/02\/DSCN0127_zmie\u0144-rozmiar-200x150.jpg 200w, https:\/\/www.parafiawierzbno.com.pl\/wp-content\/uploads\/2017\/02\/DSCN0127_zmie\u0144-rozmiar-150x113.jpg 150w\" sizes=\"(max-width: 300px) 100vw, 300px\" \/><\/a>Typowo zimowa aura \u2013 mr\u00f3z, \u015bnieg i coraz odwa\u017cniej daj\u0105ce o sobie zna\u0107 s\u0142o\u0144ce \u2013 i spontaniczna rado\u015b\u0107, odczuwalna harmonia cz\u0142owieka z natur\u0105. Z czym zwi\u0105zany jest ten sielankowy i, i\u015bcie poetycki opis? Ot prozaiczne wydarzenie. 28 stycznia, w niedzielne popo\u0142udnie, spotkali\u015bmy si\u0119 w Jaworku na ognisku. Ksi\u0105dz proboszcz podsun\u0105\u0142 pomys\u0142, go\u015bcinni jaworszczacy zatroszczyli si\u0119 o co\u015b dla cia\u0142a, a pan Rafa\u0142 Okrzeja przypomnia\u0142 \u201ejak to drzewniej bywa\u0142o\u201d funduj\u0105c wszystkim przejazd saniami po okolicy. A my nieco zmarzni\u0119ci (powt\u00f3rka z Orszaku) byli\u015bmy wdzi\u0119czni za ten wsp\u00f3lnie sp\u0119dzony czas, za kolejn\u0105 okazj\u0119 do odkrywania pi\u0119kna otaczaj\u0105cego nas \u015bwiata, \u015bwiata stworzonego przez Boga.<a href=\"https:\/\/www.parafiawierzbno.com.pl\/wp-content\/uploads\/2017\/02\/DSCN0128_zmie\u0144-rozmiar.jpg\" rel=\"attachment wp-att-4771\"><img loading=\"lazy\" class=\"size-medium wp-image-4771 alignright\" src=\"https:\/\/www.parafiawierzbno.com.pl\/wp-content\/uploads\/2017\/02\/DSCN0128_zmie\u0144-rozmiar-300x225.jpg\" alt=\"DSCN0128_zmie\u0144 rozmiar\" width=\"300\" height=\"225\" srcset=\"https:\/\/www.parafiawierzbno.com.pl\/wp-content\/uploads\/2017\/02\/DSCN0128_zmie\u0144-rozmiar-300x225.jpg 300w, https:\/\/www.parafiawierzbno.com.pl\/wp-content\/uploads\/2017\/02\/DSCN0128_zmie\u0144-rozmiar-768x576.jpg 768w, https:\/\/www.parafiawierzbno.com.pl\/wp-content\/uploads\/2017\/02\/DSCN0128_zmie\u0144-rozmiar.jpg 1024w, https:\/\/www.parafiawierzbno.com.pl\/wp-content\/uploads\/2017\/02\/DSCN0128_zmie\u0144-rozmiar-200x150.jpg 200w, https:\/\/www.parafiawierzbno.com.pl\/wp-content\/uploads\/2017\/02\/DSCN0128_zmie\u0144-rozmiar-150x113.jpg 150w\" sizes=\"(max-width: 300px) 100vw, 300px\" \/><\/a><\/p>\n<p style=\"text-align: justify;\">Niech komentarzem b\u0119d\u0105 s\u0142owa tych, kt\u00f3rzy zachwycili si\u0119 Nim przed nami.<\/p>\n<p style=\"text-align: center;\"><em><strong>B\u0142ogos\u0142awiony jeste\u015b Panie<\/strong><\/em><\/p>\n<p>B\u0142ogos\u0142awiony jeste\u015b, Panie,<br \/>\nza pi\u0119kno \u015bwiata fascynuj\u0105ce me oczy<br \/>\ni nape\u0142niaj\u0105ce pokojem me serce.<br \/>\nB\u0142ogos\u0142awiony jeste\u015b, Panie, za wszystkich, kt\u00f3rych kocham<br \/>\ni kt\u00f3rzy s\u0105 przy mnie.<br \/>\nB\u0142ogos\u0142awiony jeste\u015b, Panie, za krucho\u015b\u0107 ludzkiego serca,<br \/>\nkt\u00f3ra mi przypomina o Twojej obecno\u015bci i pot\u0119dze.<br \/>\nB\u0142ogos\u0142awiony jeste\u015b, Panie, za niesko\u0144czon\u0105 mi\u0142o\u015b\u0107,<br \/>\nkt\u00f3r\u0105 niesiesz ze sob\u0105,<br \/>\nza \u0142askawo\u015b\u0107, kt\u00f3r\u0105 mnie darzysz,<br \/>\nza Twoj\u0105 dobro\u0107 milcz\u0105c\u0105, ale czuwaj\u0105c\u0105.<br \/>\nB\u0142ogos\u0142awiony jeste\u015b, Panie, za moje \u017cycie,<br \/>\nmoje rado\u015bci i smutki, kt\u00f3re znasz i czynisz swoimi.<br \/>\nB\u0142ogos\u0142awiony jeste\u015b, Panie, za cudown\u0105 histori\u0119 mi\u0142o\u015bci,<br \/>\nkt\u00f3r\u0105 wraz z Tob\u0105 prze\u017cywam.<br \/>\n<em><strong>Julies Bulliard<\/strong><\/em><\/p>\n<p style=\"text-align: right;\">Ma\u0142gorzata W\u0105sowska<\/p>\n<p style=\"text-align: center;\"><a href=\"https:\/\/www.parafiawierzbno.com.pl\/wp-content\/uploads\/2017\/02\/DSCN0121_zmie\u0144-rozmiar.jpg\" rel=\"attachment wp-att-4769\"><img loading=\"lazy\" class=\"alignnone size-large wp-image-4769\" src=\"https:\/\/www.parafiawierzbno.com.pl\/wp-content\/uploads\/2017\/02\/DSCN0121_zmie\u0144-rozmiar-1024x768.jpg\" alt=\"DSCN0121_zmie\u0144 rozmiar\" width=\"650\" height=\"488\" srcset=\"https:\/\/www.parafiawierzbno.com.pl\/wp-content\/uploads\/2017\/02\/DSCN0121_zmie\u0144-rozmiar.jpg 1024w, https:\/\/www.parafiawierzbno.com.pl\/wp-content\/uploads\/2017\/02\/DSCN0121_zmie\u0144-rozmiar-300x225.jpg 300w, https:\/\/www.parafiawierzbno.com.pl\/wp-content\/uploads\/2017\/02\/DSCN0121_zmie\u0144-rozmiar-768x576.jpg 768w, https:\/\/www.parafiawierzbno.com.pl\/wp-content\/uploads\/2017\/02\/DSCN0121_zmie\u0144-rozmiar-200x150.jpg 200w, https:\/\/www.parafiawierzbno.com.pl\/wp-content\/uploads\/2017\/02\/DSCN0121_zmie\u0144-rozmiar-150x113.jpg 150w\" sizes=\"(max-width: 650px) 100vw, 650px\" \/><\/a><\/p>\n","protected":false},"excerpt":{"rendered":"<p>Typowo zimowa aura \u2013 mr\u00f3z, \u015bnieg i coraz odwa\u017cniej daj\u0105ce o sobie zna\u0107 s\u0142o\u0144ce \u2013 i spontaniczna rado\u015b\u0107, odczuwalna harmonia cz\u0142owieka z natur\u0105. Z czym zwi\u0105zany jest ten sielankowy i, i\u015bcie poetycki opis? Ot prozaiczne wydarzenie. 28 stycznia, w niedzielne popo\u0142udnie, spotkali\u015bmy si\u0119 w Jaworku na ognisku. Ksi\u0105dz proboszcz podsun\u0105\u0142 pomys\u0142, go\u015bcinni jaworszczacy zatroszczyli si\u0119 o co\u015b dla cia\u0142a, a pan Rafa\u0142 Okrzeja przypomnia\u0142 \u201ejak to drzewniej bywa\u0142o\u201d funduj\u0105c wszystkim przejazd saniami po okolicy. A my nieco zmarzni\u0119ci (powt\u00f3rka z Orszaku) byli\u015bmy wdzi\u0119czni za ten wsp\u00f3lnie sp\u0119dzony czas, za kolejn\u0105 okazj\u0119 do odkrywania pi\u0119kna otaczaj\u0105cego nas \u015bwiata, \u015bwiata stworzonego przez Boga. Niech komentarzem b\u0119d\u0105 s\u0142owa tych, kt\u00f3rzy zachwycili si\u0119 Nim przed nami. B\u0142ogos\u0142awiony jeste\u015b Panie B\u0142ogos\u0142awiony jeste\u015b, Panie, za pi\u0119kno \u015bwiata fascynuj\u0105ce me oczy i nape\u0142niaj\u0105ce pokojem me serce. B\u0142ogos\u0142awiony jeste\u015b, Panie, za wszystkich, kt\u00f3rych kocham i kt\u00f3rzy s\u0105 przy mnie. B\u0142ogos\u0142awiony jeste\u015b, Panie, za krucho\u015b\u0107 ludzkiego serca, kt\u00f3ra mi \u2026 <a class=\"continue-reading-link\" href=\"https:\/\/www.parafiawierzbno.com.pl\/?p=4766\">Czytaj dalej <span class=\"meta-nav\">&rarr; <\/span><\/a><\/p>\n","protected":false},"author":1,"featured_media":0,"comment_status":"closed","ping_status":"closed","sticky":false,"template":"","format":"standard","meta":{"ngg_post_thumbnail":0},"categories":[1],"tags":[],"_links":{"self":[{"href":"https:\/\/www.parafiawierzbno.com.pl\/index.php?rest_route=\/wp\/v2\/posts\/4766"}],"collection":[{"href":"https:\/\/www.parafiawierzbno.com.pl\/index.php?rest_route=\/wp\/v2\/posts"}],"about":[{"href":"https:\/\/www.parafiawierzbno.com.pl\/index.php?rest_route=\/wp\/v2\/types\/post"}],"author":[{"embeddable":true,"href":"https:\/\/www.parafiawierzbno.com.pl\/index.php?rest_route=\/wp\/v2\/users\/1"}],"replies":[{"embeddable":true,"href":"https:\/\/www.parafiawierzbno.com.pl\/index.php?rest_route=%2Fwp%2Fv2%2Fcomments&post=4766"}],"version-history":[{"count":4,"href":"https:\/\/www.parafiawierzbno.com.pl\/index.php?rest_route=\/wp\/v2\/posts\/4766\/revisions"}],"predecessor-version":[{"id":4773,"href":"https:\/\/www.parafiawierzbno.com.pl\/index.php?rest_route=\/wp\/v2\/posts\/4766\/revisions\/4773"}],"wp:attachment":[{"href":"https:\/\/www.parafiawierzbno.com.pl\/index.php?rest_route=%2Fwp%2Fv2%2Fmedia&parent=4766"}],"wp:term":[{"taxonomy":"category","embeddable":true,"href":"https:\/\/www.parafiawierzbno.com.pl\/index.php?rest_route=%2Fwp%2Fv2%2Fcategories&post=4766"},{"taxonomy":"post_tag","embeddable":true,"href":"https:\/\/www.parafiawierzbno.com.pl\/index.php?rest_route=%2Fwp%2Fv2%2Ftags&post=4766"}],"curies":[{"name":"wp","href":"https:\/\/api.w.org\/{rel}","templated":true}]}}