{"id":5281,"date":"2017-03-12T10:19:01","date_gmt":"2017-03-12T09:19:01","guid":{"rendered":"https:\/\/www.parafiawierzbno.com.pl\/?p=5281"},"modified":"2017-03-12T10:20:20","modified_gmt":"2017-03-12T09:20:20","slug":"rekolekcje-wielkopostne-2","status":"publish","type":"post","link":"https:\/\/www.parafiawierzbno.com.pl\/?p=5281","title":{"rendered":"Rekolekcje Wielkopostne"},"content":{"rendered":"<h2 style=\"text-align: center;\"><strong><em><a href=\"https:\/\/www.parafiawierzbno.com.pl\/wp-content\/uploads\/2017\/03\/rekolekcje.jpg\" rel=\"attachment wp-att-5284\"><img loading=\"lazy\" class=\"size-medium wp-image-5284 alignleft\" src=\"https:\/\/www.parafiawierzbno.com.pl\/wp-content\/uploads\/2017\/03\/rekolekcje-224x300.jpg\" alt=\"rekolekcje\" width=\"224\" height=\"300\" srcset=\"https:\/\/www.parafiawierzbno.com.pl\/wp-content\/uploads\/2017\/03\/rekolekcje-224x300.jpg 224w, https:\/\/www.parafiawierzbno.com.pl\/wp-content\/uploads\/2017\/03\/rekolekcje-768x1029.jpg 768w, https:\/\/www.parafiawierzbno.com.pl\/wp-content\/uploads\/2017\/03\/rekolekcje-764x1024.jpg 764w, https:\/\/www.parafiawierzbno.com.pl\/wp-content\/uploads\/2017\/03\/rekolekcje-112x150.jpg 112w, https:\/\/www.parafiawierzbno.com.pl\/wp-content\/uploads\/2017\/03\/rekolekcje.jpg 1720w\" sizes=\"(max-width: 224px) 100vw, 224px\" \/><\/a><\/em><\/strong><\/h2>\n<h2 style=\"text-align: center;\"><strong><em>\u201eSpotkaj Jezusa\u201d<\/em><\/strong><\/h2>\n<h2 style=\"text-align: center;\"><span style=\"color: #800080;\"><strong>Rekolekcje Wielkopostne w Wierzbnie <\/strong><\/span><\/h2>\n<h2 style=\"text-align: center;\"><span style=\"color: #800080;\"><strong>17 marca \u2013 19 marca 2017 r.<\/strong><\/span><\/h2>\n<p>&nbsp;<\/p>\n<p>&nbsp;<\/p>\n<p>&nbsp;<\/p>\n<p>&nbsp;<\/p>\n<p style=\"text-align: center;\"><span style=\"color: #800080;\"><strong><em>Program:<\/em><\/strong><\/span><\/p>\n<p style=\"text-align: center;\"><span style=\"color: #800080;\"><strong>17 marca \u2013 <em>pi\u0105tek: (dzie\u0144 spowiedzi)<\/em><\/strong><\/span><\/p>\n<p style=\"padding-left: 30px;\"><strong> 10.00<\/strong> \u2013 Msza \u015bw. z nauk\u0105 rekolekcyjn\u0105<br \/>\n<strong>12.00<\/strong> \u2013 Msza \u015bw. z udzia\u0142em dzieci i m\u0142odzie\u017cy<br \/>\n<strong>17.30<\/strong> \u2013 <strong><em>Nabo\u017ce\u0144stwo Drogi Krzy\u017cowej<\/em><br \/>\n18.00<\/strong> &#8211; Msza \u015bw. z nauk\u0105 rekolekcyjn\u0105<\/p>\n<p style=\"text-align: center;\"><span style=\"color: #800080;\"><strong>18 marca \u2013 <em>sobota: (dzie\u0144 spowiedzi)<\/em><\/strong><\/span><\/p>\n<p style=\"padding-left: 30px;\"><strong> 10.00<\/strong> &#8211; Msza \u015bw. z nauk\u0105 rekolekcyjn\u0105<br \/>\n&#8211; <strong><em>Nauka stanowa dla rodzic\u00f3w<\/em><br \/>\n12.00<\/strong> &#8211; Msza \u015bw. z nauk\u0105 rekolekcyjn\u0105<br \/>\n<strong>14.30<\/strong> \u2013 <strong><em>odwiedziny<\/em><\/strong> <strong><em>chorych, spowied\u017a, Komunia \u015bw.<\/em><br \/>\n18.00<\/strong> &#8211; Msza \u015bw. z nauk\u0105 rekolekcyjn\u0105<br \/>\n<strong><em>&#8211; Nauka stanowa dla rodzic\u00f3w<\/em><\/strong><\/p>\n<p style=\"text-align: center;\"><span style=\"color: #800080;\"><strong>19 marca \u2013 <em>niedziela:<\/em><\/strong><\/span><\/p>\n<p style=\"padding-left: 30px;\"><strong> 9.00<\/strong> &#8211; Msza \u015bw. z nauk\u0105 rekolekcyjn\u0105<br \/>\n<strong>11.40<\/strong> \u2013 <strong><em>Nabo\u017ce\u0144stwo Gorzkich \u017bali<br \/>\n<\/em>12.00<\/strong> &#8211; Msza \u015bw. z nauk\u0105 rekolekcyjn\u0105<br \/>\n<strong>18.00<\/strong> &#8211; Msza \u015bw. z nauk\u0105 rekolekcyjn\u0105<\/p>\n","protected":false},"excerpt":{"rendered":"<p>\u201eSpotkaj Jezusa\u201d Rekolekcje Wielkopostne w Wierzbnie 17 marca \u2013 19 marca 2017 r. &nbsp; &nbsp; &nbsp; &nbsp; Program: 17 marca \u2013 pi\u0105tek: (dzie\u0144 spowiedzi) 10.00 \u2013 Msza \u015bw. z nauk\u0105 rekolekcyjn\u0105 12.00 \u2013 Msza \u015bw. z udzia\u0142em dzieci i m\u0142odzie\u017cy 17.30 \u2013 Nabo\u017ce\u0144stwo Drogi Krzy\u017cowej 18.00 &#8211; Msza \u015bw. z nauk\u0105 rekolekcyjn\u0105 18 marca \u2013 sobota: (dzie\u0144 spowiedzi) 10.00 &#8211; Msza \u015bw. z nauk\u0105 rekolekcyjn\u0105 &#8211; Nauka stanowa dla rodzic\u00f3w 12.00 &#8211; Msza \u015bw. z nauk\u0105 rekolekcyjn\u0105 14.30 \u2013 odwiedziny chorych, spowied\u017a, Komunia \u015bw. 18.00 &#8211; Msza \u015bw. z nauk\u0105 rekolekcyjn\u0105 &#8211; Nauka stanowa dla rodzic\u00f3w 19 marca \u2013 niedziela: 9.00 &#8211; Msza \u015bw. z nauk\u0105 rekolekcyjn\u0105 11.40 \u2013 Nabo\u017ce\u0144stwo Gorzkich \u017bali 12.00 &#8211; Msza \u015bw. z nauk\u0105 rekolekcyjn\u0105 18.00 &#8211; Msza \u015bw. z nauk\u0105 rekolekcyjn\u0105<\/p>\n","protected":false},"author":1,"featured_media":0,"comment_status":"closed","ping_status":"closed","sticky":false,"template":"","format":"standard","meta":{"ngg_post_thumbnail":0},"categories":[1],"tags":[],"_links":{"self":[{"href":"https:\/\/www.parafiawierzbno.com.pl\/index.php?rest_route=\/wp\/v2\/posts\/5281"}],"collection":[{"href":"https:\/\/www.parafiawierzbno.com.pl\/index.php?rest_route=\/wp\/v2\/posts"}],"about":[{"href":"https:\/\/www.parafiawierzbno.com.pl\/index.php?rest_route=\/wp\/v2\/types\/post"}],"author":[{"embeddable":true,"href":"https:\/\/www.parafiawierzbno.com.pl\/index.php?rest_route=\/wp\/v2\/users\/1"}],"replies":[{"embeddable":true,"href":"https:\/\/www.parafiawierzbno.com.pl\/index.php?rest_route=%2Fwp%2Fv2%2Fcomments&post=5281"}],"version-history":[{"count":12,"href":"https:\/\/www.parafiawierzbno.com.pl\/index.php?rest_route=\/wp\/v2\/posts\/5281\/revisions"}],"predecessor-version":[{"id":5294,"href":"https:\/\/www.parafiawierzbno.com.pl\/index.php?rest_route=\/wp\/v2\/posts\/5281\/revisions\/5294"}],"wp:attachment":[{"href":"https:\/\/www.parafiawierzbno.com.pl\/index.php?rest_route=%2Fwp%2Fv2%2Fmedia&parent=5281"}],"wp:term":[{"taxonomy":"category","embeddable":true,"href":"https:\/\/www.parafiawierzbno.com.pl\/index.php?rest_route=%2Fwp%2Fv2%2Fcategories&post=5281"},{"taxonomy":"post_tag","embeddable":true,"href":"https:\/\/www.parafiawierzbno.com.pl\/index.php?rest_route=%2Fwp%2Fv2%2Ftags&post=5281"}],"curies":[{"name":"wp","href":"https:\/\/api.w.org\/{rel}","templated":true}]}}