{"id":5315,"date":"2017-04-14T23:41:40","date_gmt":"2017-04-14T21:41:40","guid":{"rendered":"https:\/\/www.parafiawierzbno.com.pl\/?p=5315"},"modified":"2017-04-14T23:41:40","modified_gmt":"2017-04-14T21:41:40","slug":"sladami-jezusa-w-ziemi-swietej","status":"publish","type":"post","link":"https:\/\/www.parafiawierzbno.com.pl\/?p=5315","title":{"rendered":"\u015aladami Jezusa w Ziemi  \u015awi\u0119tej"},"content":{"rendered":"<p style=\"text-align: justify;\"><a href=\"https:\/\/www.parafiawierzbno.com.pl\/wp-content\/uploads\/2017\/04\/DSCN0178_zmie\u0144-rozmiar.jpg\" rel=\"attachment wp-att-5321\"><img loading=\"lazy\" class=\"size-large wp-image-5321 aligncenter\" src=\"https:\/\/www.parafiawierzbno.com.pl\/wp-content\/uploads\/2017\/04\/DSCN0178_zmie\u0144-rozmiar-1024x768.jpg\" alt=\"DSCN0178_zmie\u0144 rozmiar\" width=\"650\" height=\"488\" srcset=\"https:\/\/www.parafiawierzbno.com.pl\/wp-content\/uploads\/2017\/04\/DSCN0178_zmie\u0144-rozmiar.jpg 1024w, https:\/\/www.parafiawierzbno.com.pl\/wp-content\/uploads\/2017\/04\/DSCN0178_zmie\u0144-rozmiar-300x225.jpg 300w, https:\/\/www.parafiawierzbno.com.pl\/wp-content\/uploads\/2017\/04\/DSCN0178_zmie\u0144-rozmiar-768x576.jpg 768w, https:\/\/www.parafiawierzbno.com.pl\/wp-content\/uploads\/2017\/04\/DSCN0178_zmie\u0144-rozmiar-200x150.jpg 200w, https:\/\/www.parafiawierzbno.com.pl\/wp-content\/uploads\/2017\/04\/DSCN0178_zmie\u0144-rozmiar-150x113.jpg 150w\" sizes=\"(max-width: 650px) 100vw, 650px\" \/><\/a>W naszym \u017cyciu s\u0105 takie wydarzenia, kt\u00f3re na d\u0142ugo zapadaj\u0105 w pami\u0119\u0107, do kt\u00f3rych wci\u0105\u017c ch\u0119tnie powracamy i kt\u00f3re pieczo\u0142owicie w pami\u0119ci przechowujemy. Dla mnie niezapomnianym prze\u017cyciem by\u0142a pielgrzymka do Ziemi \u015awi\u0119tej (16-25 luty 2017 r.). Odebra\u0142em j\u0105 jako do\u015bwiadczenie blisko\u015bci Jezusa i wielki dar Opatrzno\u015bci Bo\u017cej. Chc\u0119 podkre\u015bli\u0107 s\u0142owo \u201epielgrzymka\u201d a nie \u201ewycieczka\u201d, poniewa\u017c w wielu tych miejscach odkrywa\u0142em obecno\u015b\u0107 Chrystusa Pana i gor\u0105co modli\u0142em si\u0119 o umocnienie w wierze dla mnie, dla parafian, znajomych i przyjaci\u00f3\u0142. Przygotowuj\u0105c si\u0119 do pielgrzymowania przeczyta\u0142em \u015bwietn\u0105 ksi\u0105\u017ck\u0119 ameryka\u0144skiego jezuity Jamesa Martina pt: \u201eJezus. Podr\u00f3\u017c do serca Ewangelii\u201d. W Ewangelii Jezus cz\u0119sto nazywa swoich uczni\u00f3w lud\u017ami ma\u0142ej wiary (Mt 6,30; Mt 17, 20; Mt 21, 21, Mk 16, 10-14; \u0141k 24, 25-27). Jestem przekonany, \u017ce m\u00f3wi\u0105c s\u0142owa: \u201eCzemu tak boja\u017aliwi jeste\u015bcie, ma\u0142ej wiary?\u201d(Mt 8, 26). Chrystus dzisiaj patrzy si\u0119 na mnie. Przyznam, \u017ce przez lata, gdy pos\u0142ugiwa\u0142em na Syberii, moja wiara by\u0142a mocniejsza, modlitwa bardziej \u017carliwa, karmiona do\u015bwiadczeniem wielu nawr\u00f3ce\u0144 i \u015bwiadectwem autentycznego \u017cycia tych, kt\u00f3rzy odnale\u017ali Pana Boga. W Ziemi \u015awi\u0119tej ogie\u0144 mojej duchowej \u017carliwo\u015bci zap\u0142on\u0105\u0142 mocniejszym blaskiem.<\/p>\n<p style=\"text-align: justify;\">Relacj\u0119 z pobytu w Ziemi \u015awi\u0119tej traktuj\u0119 jako osobiste \u015bwiadectwo i mam nadziej\u0119, \u017ce dla czytelnika naszej parafialnej strony stanie si\u0119 male\u0144kim impulsem do lektury Ewangelii i zach\u0119t\u0105 do nawiedzenia ojczyzny Jezusa.<\/p>\n<p style=\"text-align: center;\">Czwartek \u2013 16 lutego:<\/p>\n<p style=\"text-align: justify;\"><a href=\"https:\/\/www.parafiawierzbno.com.pl\/wp-content\/uploads\/2017\/04\/DSCN0137_zmie\u0144-rozmiar.jpg\" rel=\"attachment wp-att-5323\"><img loading=\"lazy\" class=\"size-medium wp-image-5323 alignleft\" src=\"https:\/\/www.parafiawierzbno.com.pl\/wp-content\/uploads\/2017\/04\/DSCN0137_zmie\u0144-rozmiar-300x225.jpg\" alt=\"DSCN0137_zmie\u0144 rozmiar\" width=\"300\" height=\"225\" srcset=\"https:\/\/www.parafiawierzbno.com.pl\/wp-content\/uploads\/2017\/04\/DSCN0137_zmie\u0144-rozmiar-300x225.jpg 300w, https:\/\/www.parafiawierzbno.com.pl\/wp-content\/uploads\/2017\/04\/DSCN0137_zmie\u0144-rozmiar-768x576.jpg 768w, https:\/\/www.parafiawierzbno.com.pl\/wp-content\/uploads\/2017\/04\/DSCN0137_zmie\u0144-rozmiar.jpg 1024w, https:\/\/www.parafiawierzbno.com.pl\/wp-content\/uploads\/2017\/04\/DSCN0137_zmie\u0144-rozmiar-200x150.jpg 200w, https:\/\/www.parafiawierzbno.com.pl\/wp-content\/uploads\/2017\/04\/DSCN0137_zmie\u0144-rozmiar-150x113.jpg 150w\" sizes=\"(max-width: 300px) 100vw, 300px\" \/><\/a>Czwartek, pi\u0119kna zimowa aura w Wierzbnie, a ja my\u015blami jestem ju\u017c w Ziemi \u015awi\u0119tej. Podczas Mszy \u015bw. modl\u0119 si\u0119 o szcz\u0119\u015bliw\u0105 podr\u00f3\u017c i w\u0142a\u015bciwe przyj\u0119cie wszystkiego, co Pan nam przygotowa\u0142. Na lotnisko Ok\u0119cie odwozi nas bratanek Adam i o 20.00 zbi\u00f3rka ca\u0142ej grupy. Pierwsze zapoznanie z kap\u0142anami: ks. Andrzejem ze Szczecina, ks. Danielem i ks. Piotrem z Kwidzyna. W sumie b\u0119dzie nas 40 os\u00f3b, przewa\u017cnie w \u015brednim wieku. Przewodnikiem ca\u0142ej grupy jest salezjanin ks. Piotr Przesmycki, kt\u00f3ry powita nas ju\u017c w Tel Awiwie. Odprawa na Ok\u0119ciu sprawnie przebiega i oko\u0142o 22.30 wchodzimy na pok\u0142ad Boeinga 737. W samolocie du\u017co pasa\u017cer\u00f3w z Izraela. Do\u015bwiadczam bogactwa r\u00f3\u017cnych kultur, poniewa\u017c w fotelach przede mn\u0105 siedzi trzech ortodoksyjnych \u017byd\u00f3w i mog\u0119 ich\u00a0 nieco obserwowa\u0107. Zachowuj\u0105 si\u0119 swobodnie, czytaj\u0105\u00a0 i rozmawiaj\u0105 ze sob\u0105, ale mi brakuje odwagi, by nawi\u0105za\u0107 z nimi dialog. Zawierzam ca\u0142\u0105 podr\u00f3\u017c Maryi, modl\u0105c si\u0119 na r\u00f3\u017ca\u0144cu. Kwadrans po godz. 3 l\u0105dujemy na lotnisku Ben Guriona w Tel Awiwie. Po formalno\u015bciach na lotnisku jedziemy pi\u0119kn\u0105 autostrad\u0105 do Jerozolimy i dalej do Betlejem, aby zarejestrowa\u0107 si\u0119 w Paradise Hotel, co nieco odpocz\u0105\u0107 i zje\u015b\u0107 \u015bniadanie. Szcz\u0119\u015bcie przepe\u0142nia moje serce. Jest mi dane po raz drugi stan\u0105\u0107 na Ziemi Wybranej. Wspominam\u00a0 sobie moj\u0105 pierwsz\u0105 pielgrzymk\u0119 do Ziemi \u015awi\u0119tej. By\u0142o to w dniach 29 stycznia \u2013 4 lutego 2005 r., gdy wraz z kap\u0142anami pos\u0142uguj\u0105cymi na Syberii oraz biskupem Josifem Wertem dzi\u0119kowali\u015bmy za dar powo\u0142ania kap\u0142a\u0144skiego i misyjnego. Mieszkali\u015bmy wtedy w Jerozolimie u Ojc\u00f3w Franciszkan\u00f3w. Niezapomniane dla mnie prze\u017cycie to celebrowanie Eucharystii w pustym grobie Jezusa.<\/p>\n<p style=\"text-align: center;\">Pi\u0105tek \u2013 17 lutego:<\/p>\n<p style=\"text-align: justify;\">Pierwszy dzie\u0144 naszego pielgrzymowania rozpoczynamy <!--more-->od G\u00f3ry Oliwnej, kt\u00f3ra jest wzniesieniem ze strony wschodniej, oddzielonym dolin\u0105 Cedronu od Starej Jerozolimy. Najpierw wchodzimy do <a href=\"https:\/\/www.parafiawierzbno.com.pl\/wp-content\/uploads\/2017\/04\/DSCN0152_zmie\u0144-rozmiar.jpg\" rel=\"attachment wp-att-5324\"><img loading=\"lazy\" class=\"size-medium wp-image-5324 alignright\" src=\"https:\/\/www.parafiawierzbno.com.pl\/wp-content\/uploads\/2017\/04\/DSCN0152_zmie\u0144-rozmiar-225x300.jpg\" alt=\"DSCN0152_zmie\u0144 rozmiar\" width=\"225\" height=\"300\" srcset=\"https:\/\/www.parafiawierzbno.com.pl\/wp-content\/uploads\/2017\/04\/DSCN0152_zmie\u0144-rozmiar-225x300.jpg 225w, https:\/\/www.parafiawierzbno.com.pl\/wp-content\/uploads\/2017\/04\/DSCN0152_zmie\u0144-rozmiar-768x1024.jpg 768w, https:\/\/www.parafiawierzbno.com.pl\/wp-content\/uploads\/2017\/04\/DSCN0152_zmie\u0144-rozmiar-113x150.jpg 113w, https:\/\/www.parafiawierzbno.com.pl\/wp-content\/uploads\/2017\/04\/DSCN0152_zmie\u0144-rozmiar.jpg 1024w\" sizes=\"(max-width: 225px) 100vw, 225px\" \/><\/a>meczetu Wniebowst\u0105pienia, przerobionego z o\u015bmiok\u0105tnej kaplicy krzy\u017cowc\u00f3w. Staro\u017cytna tradycja g\u0142osi, \u017ce na kamiennej pod\u0142odze jest odcisk stopy Jezusa, wst\u0119puj\u0105cego do nieba. Czytamy tekst z Ewangelii \u015bw. \u0141ukasza (\u0141k 24, 44-52) i Dziej\u00f3w Apostolskich (Dz 1, 1-11), zwiastuj\u0105cy o tym zbawczym wydarzeniu. Tekst Pisma \u015bwi\u0119tego jest tu bardziej wymowny, namacalny, ale mam cie\u0144 w\u0105tpliwo\u015bci, czy na pewno z tego kamienia Pan Jezus wst\u0105pi\u0142 do nieba, a mo\u017ce kilka metr\u00f3w dalej? I ks. Piotr, nasz przewodnik, opowiedzia\u0142, \u017ce jaki\u015b czas temu oprowadzaj\u0105c w tym miejscu pielgrzym\u00f3w by\u0142 \u015bwiadkiem czego\u015b, co rozwia\u0142o jego w\u0105tpliwo\u015bci. Oto wesz\u0142a kobieta nios\u0105c na r\u0119kach chore, p\u0142acz\u0105ce dziecko i po\u0142o\u017cy\u0142a je na tym kamieniu. Dziecko natychmiast wsta\u0142o na nogi i przesta\u0142o p\u0142aka\u0107. To by\u0142o potwierdzeniem, \u017ce jest to miejsce szczeg\u00f3lne. Szczerze prosz\u0119 dla siebie o mocn\u0105 wiar\u0119, abym m\u00f3g\u0142 innych prowadzi\u0107 do Chrystusa.<\/p>\n<p style=\"text-align: justify;\">Na G\u00f3rze Oliwnej Pan Jezus gromadzi\u0142 swoich uczni\u00f3w wiele razy. Wchodzimy do groty, w kt\u00f3rej wed\u0142ug tradycji Pan nauczy\u0142 aposto\u0142\u00f3w Modlitwy Pa\u0144skiej (Mt 6,5-15). Na terenie ko\u015bcio\u0142a \u201ePater noster\u201d wzniesionego w XIX wieku s\u0105 tablice z modlitw\u0105 \u201eOjcze nasz\u201d w 139 j\u0119zykach, tak\u017ce w naszym ojczystym j\u0119zyku.<\/p>\n<p style=\"text-align: justify;\">Schodz\u0105c z G\u00f3ry Oliwnej, podziwiamy przepi\u0119kn\u0105 panoram\u0119 Jerozolimy, na terenie cmentarza judeochrze\u015bcija\u0144skiego dochodzimy do kaplicy \u201eDominus Flevit\u201d, gdzie Pan zap\u0142aka\u0142 na losem Jerozolimy (\u0141k 19, 41-44). Z okna za o\u0142tarzem rozci\u0105ga si\u0119 pi\u0119kny widok na Star\u0105 Jerozolim\u0119, a zw\u0142aszcza na Wzg\u00f3rze \u015awi\u0105tyni i z\u0142ot\u0105 Kopu\u0142\u0119 Ska\u0142y. Mamy szcz\u0119\u015bcie sprawowa\u0107 Eucharysti\u0119 w tym ko\u015bci\u00f3\u0142ku w kszta\u0142cie \u0142zy.<\/p>\n<p style=\"text-align: justify;\"><a href=\"https:\/\/www.parafiawierzbno.com.pl\/wp-content\/uploads\/2017\/04\/DSCN0169_zmie\u0144-rozmiar.jpg\" rel=\"attachment wp-att-5326\"><img loading=\"lazy\" class=\"size-medium wp-image-5326 alignleft\" src=\"https:\/\/www.parafiawierzbno.com.pl\/wp-content\/uploads\/2017\/04\/DSCN0169_zmie\u0144-rozmiar-300x225.jpg\" alt=\"DSCN0169_zmie\u0144 rozmiar\" width=\"300\" height=\"225\" srcset=\"https:\/\/www.parafiawierzbno.com.pl\/wp-content\/uploads\/2017\/04\/DSCN0169_zmie\u0144-rozmiar-300x225.jpg 300w, https:\/\/www.parafiawierzbno.com.pl\/wp-content\/uploads\/2017\/04\/DSCN0169_zmie\u0144-rozmiar-768x576.jpg 768w, https:\/\/www.parafiawierzbno.com.pl\/wp-content\/uploads\/2017\/04\/DSCN0169_zmie\u0144-rozmiar.jpg 1024w, https:\/\/www.parafiawierzbno.com.pl\/wp-content\/uploads\/2017\/04\/DSCN0169_zmie\u0144-rozmiar-200x150.jpg 200w, https:\/\/www.parafiawierzbno.com.pl\/wp-content\/uploads\/2017\/04\/DSCN0169_zmie\u0144-rozmiar-150x113.jpg 150w\" sizes=\"(max-width: 300px) 100vw, 300px\" \/><\/a>Po kr\u00f3tkim dzi\u0119kczynieniu idziemy do Ogrodu Oliwnego i do bazyliki agonii Pana Jezusa (Mk 14, 26-52), gdzie w \u015brodku zachowana zosta\u0142a ska\u0142a modlitwy i m\u0119ki Chrystusa. \u015awi\u0105tynia ta nosi te\u017c nazw\u0119 ko\u015bcio\u0142a Wszystkich Narod\u00f3w, poniewa\u017c jej budow\u0119 finansowa\u0142o 12 pa\u0144stw. W ciszy modlimy si\u0119 o poznanie i ch\u0119tne pe\u0142nienie woli Bo\u017cej. W absydzie widzimy fresk Jezusa modl\u0105cego si\u0119 przed swoj\u0105 m\u0119k\u0105. Ju\u017c u\u00a0 podn\u00f3\u017ca G\u00f3ry Oliwnej jest gr\u00f3b za\u015bni\u0119cia Maryi Panny.<\/p>\n<p style=\"text-align: justify;\">Chrystus zosta\u0142 pojmany w Ogrodzie Oliwnym, skr\u0119powany powrozem i zaprowadzony do Annasza, kt\u00f3ry by\u0142 te\u015bciem arcykap\u0142ana Kajfasza. Nad grot\u0105, kt\u00f3ra by\u0142a czczona ju\u017c w staro\u017cytno\u015bci, wznosi si\u0119 dzi\u015b ko\u015bci\u00f3\u0142 \u015bw. Piotra \u201eIn Gallicantu\u201d. W tych podziemiach m\u00f3g\u0142 by\u0107 wi\u0119ziony Chrystus w noc po pojmaniu. Niekt\u00f3rzy s\u0105dz\u0105, \u017ce\u00a0 jest to miejsce pa\u0142acu Kajfasza, gdzie Piotr zapar\u0142 si\u0119 Jezusa i dopiero na g\u0142os piania koguta zrozumia\u0142, co uczyni\u0142 (J 18, 12-27, Mt 26, 69-75). Obok ko\u015bcio\u0142a znajduje si\u0119 rze\u017aba, przypominaj\u0105ca ten epizod z \u017cycia aposto\u0142a i schody z I wieku, po kt\u00f3rych m\u00f3g\u0142 chodzi\u0107 Chrystus z uczniami. Nieopodal ze znakomitego punktu widokowego podziwiamy Miasto Dawida, G\u00f3r\u0119 Oliwn\u0105, dolin\u0119 Cedronu oraz pole Hakeldama, kt\u00f3re zosta\u0142o kupione za Judaszowe srebrniki.<a href=\"https:\/\/www.parafiawierzbno.com.pl\/wp-content\/uploads\/2017\/04\/DSCN0159_zmie\u0144-rozmiar.jpg\" rel=\"attachment wp-att-5325\"><img loading=\"lazy\" class=\"size-medium wp-image-5325 alignright\" src=\"https:\/\/www.parafiawierzbno.com.pl\/wp-content\/uploads\/2017\/04\/DSCN0159_zmie\u0144-rozmiar-300x225.jpg\" alt=\"DSCN0159_zmie\u0144 rozmiar\" width=\"300\" height=\"225\" srcset=\"https:\/\/www.parafiawierzbno.com.pl\/wp-content\/uploads\/2017\/04\/DSCN0159_zmie\u0144-rozmiar-300x225.jpg 300w, https:\/\/www.parafiawierzbno.com.pl\/wp-content\/uploads\/2017\/04\/DSCN0159_zmie\u0144-rozmiar-768x576.jpg 768w, https:\/\/www.parafiawierzbno.com.pl\/wp-content\/uploads\/2017\/04\/DSCN0159_zmie\u0144-rozmiar.jpg 1024w, https:\/\/www.parafiawierzbno.com.pl\/wp-content\/uploads\/2017\/04\/DSCN0159_zmie\u0144-rozmiar-200x150.jpg 200w, https:\/\/www.parafiawierzbno.com.pl\/wp-content\/uploads\/2017\/04\/DSCN0159_zmie\u0144-rozmiar-150x113.jpg 150w\" sizes=\"(max-width: 300px) 100vw, 300px\" \/><\/a><\/p>\n<p style=\"text-align: justify;\">Ostatnim miejscem, kt\u00f3re nawiedzamy w tym dniu, jest Syjon chrze\u015bcija\u0144ski, czyli Wieczernik. Miejsce dla nas szczeg\u00f3lne, poniewa\u017c w Wieczerniku Jezus ustanawia Eucharysti\u0119 i sakrament kap\u0142a\u0144stwa, ukazuje si\u0119 po swoim zmartwychwstaniu. Obecna sala Wieczernika pochodzi z 1342 r. i jest w r\u0119kach \u017byd\u00f3w. W 1936 r. Ojcowie Franciszkanie wybudowali na Syjonie kaplic\u0119 obok dawnego Wieczernika. W tej kaplicy sprawowali\u015bmy Eucharysti\u0119 w trzecim dniu pielgrzymki.<\/p>\n<p style=\"text-align: center;\">Sobota \u2013 18 lutego:<\/p>\n<p style=\"text-align: justify;\"><a href=\"https:\/\/www.parafiawierzbno.com.pl\/wp-content\/uploads\/2017\/04\/DSCN0221_zmie\u0144-rozmiar.jpg\" rel=\"attachment wp-att-5328\"><img loading=\"lazy\" class=\"size-medium wp-image-5328 alignleft\" src=\"https:\/\/www.parafiawierzbno.com.pl\/wp-content\/uploads\/2017\/04\/DSCN0221_zmie\u0144-rozmiar-225x300.jpg\" alt=\"DSCN0221_zmie\u0144 rozmiar\" width=\"225\" height=\"300\" srcset=\"https:\/\/www.parafiawierzbno.com.pl\/wp-content\/uploads\/2017\/04\/DSCN0221_zmie\u0144-rozmiar-225x300.jpg 225w, https:\/\/www.parafiawierzbno.com.pl\/wp-content\/uploads\/2017\/04\/DSCN0221_zmie\u0144-rozmiar-768x1024.jpg 768w, https:\/\/www.parafiawierzbno.com.pl\/wp-content\/uploads\/2017\/04\/DSCN0221_zmie\u0144-rozmiar-113x150.jpg 113w, https:\/\/www.parafiawierzbno.com.pl\/wp-content\/uploads\/2017\/04\/DSCN0221_zmie\u0144-rozmiar.jpg 1024w\" sizes=\"(max-width: 225px) 100vw, 225px\" \/><\/a>Dzi\u015b mamy czas, aby nawiedzi\u0107 Betlejem, gdzie za \u017cycia Heroda Wielkiego narodzi\u0142 si\u0119 nasz Zbawiciel, Jezus Chrystus. Jedziemy na Pole Pasterzy i tam w grocie, przebudowanej na kaplic\u0119 sprawujemy Eucharysti\u0119. Obok znajduje si\u0119 ko\u015bci\u00f3\u0142 Anio\u0142a, kt\u00f3ry oznajmi\u0142 pasterzom: \u201eNie b\u00f3jcie si\u0119! Oto zwiastuj\u0119 wam rado\u015b\u0107 wielk\u0105, kt\u00f3ra b\u0119dzie udzia\u0142em ca\u0142ego narodu: dzi\u015b w mie\u015bcie Dawida narodzi\u0142 si\u0119 wam Zbawiciel, kt\u00f3rym jest Mesjasz Pan\u201d (\u0141k 2, 10-11). Z Pola Pasterzy rozci\u0105gaj\u0105 si\u0119 pi\u0119kne widoki w kierunku p\u00f3\u0142nocnym. Mo\u017cna je podziwia\u0107 na fotografiach zamieszczonych w galerii naszej strony.<\/p>\n<p style=\"text-align: justify;\">Najwa\u017cniejszym punktem jest nawiedzenie i uczczenie Groty Narodzenia Pana Jezusa w Bazylice Narodzenia. Ale wcze\u015bniej nawiedzamy tzw. Grot\u0119 Mleczn\u0105. Wed\u0142ug tradycji z VI wieku, w tym miejscu J\u00f3zef zosta\u0142 przestrze\u017cony przed niebezpiecze\u0144stwem, jakie zagra\u017ca\u0142o ze strony Heroda i st\u0105d uda\u0142 si\u0119 do Egiptu (Mt 2, 13-15). Nazwa groty wywodzi si\u0119 od bia\u0142ego koloru ska\u0142y. Miejsce to jest szczeg\u00f3lnie czczone przez matki chrze\u015bcijanki i muzu\u0142manki, kt\u00f3rym po urodzeniu dziecka brak pokarmu. Maj\u0105c \u015bwiadomo\u015b\u0107, \u017ce trzeba b\u0119dzie cierpliwie czeka\u0107 w kolejce, udajemy si\u0119 do Bazyliki Narodzenia. Pochodzi ona z VI w. i nie zosta\u0142a zniszczona przez Pers\u00f3w, poniewa\u017c na \u015bcianie zachowa\u0142y si\u0119 malowid\u0142a trzech \u00a0M\u0119drc\u00f3w wschodnich. Wej\u015bcie do bazyliki prowadzi przez niskie Drzwi Pokory. Wewn\u0105trz trwaj\u0105 obecnie prace konserwatorskie. Prawie dwie godziny oczekujemy, modl\u0105c si\u0119 p\u00f3\u0142g\u0142osem na r\u00f3\u017ca\u0144cu. Przed nami grupa turyst\u00f3w z Moskwy i udaje si\u0119 z nimi nawi\u0105za\u0107 dialog. W Grocie Narodzenia mo\u017cemy uca\u0142owa\u0107 srebrn\u0105 gwiazd\u0119, jako miejsce narodzin Zbawiciela. Znajduje si\u0119 tam \u0142aci\u0144ski napis: \u201eHic de Virgine Maria Jesus Chrystus natus est\u201d, co znaczy: \u201eTutaj narodzi\u0142 si\u0119 Jezus Chrystus z Maryi Dziewicy\u201d. Obecnie bazylika Narodzenia znajduje si\u0119 pod opiek\u0105 trzech wyzna\u0144 chrze\u015bcija\u0144skich: katolik\u00f3w, prawos\u0142awnych Grek\u00f3w i ortodoksyjnych Ormian. Obok Groty Narodzenia znajduj\u0105 si\u0119 groty \u015bw. Hieronima, kt\u00f3ry sp\u0119dzi\u0142 tu wi\u0119ksz\u0105 cz\u0119\u015b\u0107 swojego \u017cycia i przet\u0142umaczy\u0142 Pismo \u015bwi\u0119te na j\u0119zyk \u0142aci\u0144ski.<\/p>\n<p style=\"text-align: justify;\"><a href=\"https:\/\/www.parafiawierzbno.com.pl\/wp-content\/uploads\/2017\/04\/DSCN0226_zmie\u0144-rozmiar.jpg\" rel=\"attachment wp-att-5329\"><img loading=\"lazy\" class=\"size-medium wp-image-5329 alignright\" src=\"https:\/\/www.parafiawierzbno.com.pl\/wp-content\/uploads\/2017\/04\/DSCN0226_zmie\u0144-rozmiar-300x225.jpg\" alt=\"DSCN0226_zmie\u0144 rozmiar\" width=\"300\" height=\"225\" srcset=\"https:\/\/www.parafiawierzbno.com.pl\/wp-content\/uploads\/2017\/04\/DSCN0226_zmie\u0144-rozmiar-300x225.jpg 300w, https:\/\/www.parafiawierzbno.com.pl\/wp-content\/uploads\/2017\/04\/DSCN0226_zmie\u0144-rozmiar-768x576.jpg 768w, https:\/\/www.parafiawierzbno.com.pl\/wp-content\/uploads\/2017\/04\/DSCN0226_zmie\u0144-rozmiar.jpg 1024w, https:\/\/www.parafiawierzbno.com.pl\/wp-content\/uploads\/2017\/04\/DSCN0226_zmie\u0144-rozmiar-200x150.jpg 200w, https:\/\/www.parafiawierzbno.com.pl\/wp-content\/uploads\/2017\/04\/DSCN0226_zmie\u0144-rozmiar-150x113.jpg 150w\" sizes=\"(max-width: 300px) 100vw, 300px\" \/><\/a>Ju\u017c po po\u0142udniu jedziemy do Ein Kerem, gdzie wed\u0142ug tradycji \u017cy\u0142a El\u017cbieta z Zachariaszem i urodzi\u0142 si\u0119 Jan Chrzciciel. Dzi\u015b jest to malowniczo po\u0142o\u017cona miejscowo\u015b\u0107 na przedmie\u015bciach Jerozolimy. A sama nazwa Ein Karim oznacza \u201e\u017ar\u00f3d\u0142o winnicy\u201d. Nawiedzili\u015bmy ko\u015bci\u00f3\u0142, gdzie Maryja odwiedzi\u0142a El\u017cbiet\u0119 i wy\u015bpiewa\u0142a hymn \u201eWielbi dusza moja Pana\u201d (\u0141k 1, 39-56). Na murze otaczaj\u0105cym teren ko\u015bcio\u0142a znajduj\u0105 si\u0119 tablice z modlitw\u0105 \u201eMagnificat\u201d w wielu j\u0119zykach, tak\u017ce po polsku. W naturalnej grocie, pod \u015bwi\u0105tyni\u0105 odkryto ma\u0142\u0105 cystern\u0119, kt\u00f3ra gromadzi\u0142a wody sp\u0142ywaj\u0105ce z g\u00f3r. W krypcie znajduj\u0105 si\u0119 freski przedstawiaj\u0105ce spotkanie El\u017cbiety z Maryj\u0105, rze\u017a niewini\u0105tek i ukrycie Jana Chrzciciela. W g\u00f3rnym ko\u015bciele polski franciszkanin o. W\u0142adys\u0142aw ciekawie opowiedzia\u0142 nam o roli Maryi w historii Ko\u015bcio\u0142a. Podkre\u015bli\u0142 kilka razy, \u017ce gdyby nie wyprawy krzy\u017cowe nie by\u0142o by nas tutaj na pielgrzymce i nie by\u0142o by franciszkan\u00f3w jako kustoszy tych \u015bwi\u0119tych miejsc.<\/p>\n<p style=\"text-align: center;\">Niedziela \u2013 19 lutego:<\/p>\n<p style=\"text-align: justify;\">Z rana jedziemy z hotelu do Jerozolimy i utkn\u0119li\u015bmy w korku, poniewa\u017c w Izraelu niedziela jest normalnym dniem pracy. Muzu\u0142manie \u015bwi\u0119tuj\u0105 w pi\u0105tek, a \u017bydzi w szabat. Na Eucharysti\u0119 gromadzimy si\u0119 w kaplicy Wieczernika. Dzi\u0119kuj\u0119 za dar powo\u0142ania kap\u0142a\u0144skiego i prosz\u0119 o moc ducha, abym wiernie wype\u0142ni\u0142 zadania, jakie Chrystus stawia przede mn\u0105. Najwa\u017cniejszym punktem tego dnia jest nawiedzenie i modlitwa w Bazylice Grobu i Zmartwychwstania Chrystusa. Najpierw wchodzimy po stromych schodach na Golgot\u0119. Przed nami kilkadziesi\u0105t os\u00f3b oczekuje na mo\u017cliwo\u015b\u0107 uczczenia miejsca, gdzie sta\u0142 krzy\u017c Chrystusa. Mo\u017cna dotkn\u0105\u0107 ska\u0142y i uca\u0142owa\u0107 to miejsce. \u201eKt\u00f3ry\u015b na nas cierpia\u0142 rany, Jezu Chryste, zmi\u0142uj si\u0119 nad nami!\u201d Osobi\u015bcie modl\u0119 si\u0119 o umocnienie wiary dla parafian i mieszka\u0144c\u00f3w Wierzbna. Nast\u0119pnie przewodnik ks. Piotr pokazuje liczne kaplice znajduj\u0105ce si\u0119 w Bazylice, i stajemy w d\u0142ugiej kolejce do pustego grobu Jezusa. Odmawiamy p\u00f3\u0142g\u0142osem, by innym nie przeszkadza\u0107, chwalebn\u0105 cz\u0119\u015b\u0107 R\u00f3\u017ca\u0144ca. Jest czas na osobist\u0105 refleksj\u0119 i utwierdzam si\u0119 w przekonaniu, \u017ce do chwa\u0142y zmartwychwstania prowadzi droga przez m\u0119k\u0119 i krzy\u017c. T\u0105 drog\u0105 kroczy\u0142 Jezus Chrystus, aby nas zbawi\u0107. W Grobie Pa\u0144skim z wdzi\u0119czno\u015bci\u0105 ca\u0142uj\u0119 kamienn\u0105 p\u0142yt\u0119, przykrywaj\u0105c\u0105 ska\u0142\u0119, na kt\u00f3rej by\u0142o z\u0142o\u017cone cia\u0142o Jezusa owini\u0119te w pogrzebowy ca\u0142un. Nad pustym grobem, kt\u00f3ry jest \u015bwiadkiem Zmartwychwstania Chrystusa (\u0141k 24,1-12), znajduje si\u0119 kopu\u0142a zwana Anastasis i ozdobiona pi\u0119kn\u0105 mozaik\u0105. Na pewno warto by\u0142o przyjecha\u0107 do Jerozolimy, aby kilka dni przed rozpocz\u0119ciem Wielkiego Postu, nawiedzi\u0107 Bazylik\u0119 Grobu i Zmartwychwstania.<\/p>\n<p style=\"text-align: justify;\">W Starej Jerozolimie s\u0105 4 kwarta\u0142y: chrze\u015bcija\u0144ski, ormia\u0144ski, \u017cydowski i muzu\u0142ma\u0144ski. Po kr\u00f3tkim odpoczynku udajemy si\u0119 do kwarta\u0142u \u017cydowskiego, aby stan\u0105\u0107 przy Zachodniej \u015acianie. Poniewa\u017c lud Izraela wyla\u0142 tu wiele \u0142ez z t\u0119sknoty za zburzon\u0105 w 70 roku \u015bwi\u0105tyni\u0105, chrze\u015bcijanie nadali mu nazw\u0119 \u201eMur P\u0142aczu\u201d. \u017bydzi uwa\u017caj\u0105, \u017ce Szekina (czyli Boska Obecno\u015b\u0107) unosi si\u0119 nadal nad miejscem \u015bwi\u0105tyni, dlatego do tego muru przynosz\u0105 pro\u015bby, wypisane na kartkach. Przez bram\u0119 Syjo\u0144sk\u0105 wchodzimy do dzielnicy ormia\u0144skiej. Zachodzimy do katedry ormia\u0144skiej \u015bw. Jakuba Starszego z XII w. Wspomina \u015bci\u0119cie \u015bw. Jakuba aposto\u0142a w 44 r. przez Heroda Agryp\u0119 I. Wed\u0142ug tradycji jerozolimskiej tu znajduje si\u0119 g\u0142owa \u015bw. Jakuba. Katedra jest ozdobiona 350 srebrnymi lampami. Tu znajdowa\u0142 si\u0119 pa\u0142ac Annasza i tu by\u0142 s\u0105dzony Jezus. Z wdzi\u0119czno\u015bci\u0105 odmawiam Koronk\u0119 do Mi\u0142osierdzia Bo\u017cego.<\/p>\n<p style=\"text-align: center;\">Poniedzia\u0142ek \u2013 20 lutego:<\/p>\n<p style=\"text-align: justify;\"><a href=\"https:\/\/www.parafiawierzbno.com.pl\/wp-content\/uploads\/2017\/04\/DSCN0316_zmie\u0144-rozmiar.jpg\" rel=\"attachment wp-att-5330\"><img loading=\"lazy\" class=\"size-medium wp-image-5330 alignleft\" src=\"https:\/\/www.parafiawierzbno.com.pl\/wp-content\/uploads\/2017\/04\/DSCN0316_zmie\u0144-rozmiar-300x225.jpg\" alt=\"DSCN0316_zmie\u0144 rozmiar\" width=\"300\" height=\"225\" srcset=\"https:\/\/www.parafiawierzbno.com.pl\/wp-content\/uploads\/2017\/04\/DSCN0316_zmie\u0144-rozmiar-300x225.jpg 300w, https:\/\/www.parafiawierzbno.com.pl\/wp-content\/uploads\/2017\/04\/DSCN0316_zmie\u0144-rozmiar-768x576.jpg 768w, https:\/\/www.parafiawierzbno.com.pl\/wp-content\/uploads\/2017\/04\/DSCN0316_zmie\u0144-rozmiar.jpg 1024w, https:\/\/www.parafiawierzbno.com.pl\/wp-content\/uploads\/2017\/04\/DSCN0316_zmie\u0144-rozmiar-200x150.jpg 200w, https:\/\/www.parafiawierzbno.com.pl\/wp-content\/uploads\/2017\/04\/DSCN0316_zmie\u0144-rozmiar-150x113.jpg 150w\" sizes=\"(max-width: 300px) 100vw, 300px\" \/><\/a>Ju\u017c o 7 rano wyje\u017cd\u017camy z hotelu w Betlejem, poniewa\u017c przed nami malownicza\u00a0 ale d\u0142uga droga przez Cezare\u0119 Nadmorsk\u0105 do Hajfy, Nazaretu i Kany Galilejskiej. Nocleg jest planowany w kibucu u podn\u00f3\u017ce g\u00f3ry Tabor. Jedziemy w kierunku Tel Awiwu, a potem wzd\u0142u\u017c brzegu Morza \u015ar\u00f3dziemnego w kierunku p\u00f3\u0142nocnym. Przez okno autobusu podziwiamy pi\u0119kno stworzenia. Zatrzymujemy si\u0119 w Cezarei Nadmorskiej, nazwanej tak dla upami\u0119tnienia rzymskiego imperatora. Herod Wielki zas\u0142yn\u0105\u0142 jako wielki budowniczy i na cze\u015b\u0107\u00a0 Augusta kaza\u0142 zbudowa\u0107 wspania\u0142y port i \u015bwi\u0105tyni\u0119 z olbrzymim pos\u0105giem cesarza. Jak przysta\u0142o na miasto o charakterze rzymskim, posiada\u0142o ono amfiteatr, a woda by\u0142a doprowadzana akweduktem z g\u00f3r Karmelu. Do dzi\u015b zachowa\u0142y si\u0119 ruiny akweduktu, teatru i pa\u0142acu Heroda z czas\u00f3w rzymskich oraz cytadela krzy\u017cowc\u00f3w.\u00a0 Cezarea by\u0142a miejscem apostolskiej dzia\u0142alno\u015bci \u015bw. Piotra, kt\u00f3ry ochrzci\u0142 ca\u0142y dom Korneliusza (czytamy o tym w Dziejach Apostolskich 10). Tu dwa lata sp\u0119dzi\u0142 w wi\u0119zieniu \u015bw. Pawe\u0142, a potem drog\u0105 morsk\u0105 uda\u0142 si\u0119 do Rzymu. Mamy kr\u00f3tki odpoczynek nad brzegiem Morza \u015ar\u00f3dziemnego i mog\u0119 dla dzieci zebra\u0107 troch\u0119 muszelek.<\/p>\n<p style=\"text-align: justify;\">W dalszej drodze z lewej strony b\u0142\u0119kitne morze, a z prawej ci\u0105gnie si\u0119 \u0142a\u0144cuch Karmelu z\u00a0 najwy\u017cszym punktem 546 m wysoko\u015bci. Karmel jest g\u00f3r\u0105 proroka Eliasza i w\u0142a\u015bnie tu Eliasz rozprawi\u0142 si\u0119 z prorokami Baala. Mo\u017cemy o tym przeczyta\u0107 w 1 Ksi\u0119dze Kr\u00f3lewskiej (1 Krl 18, 10 \u2013 46). Wchodzimy do bazyliki Stella Maris, gdzie znajduje si\u0119 tak\u017ce grota Eliasza, w kt\u00f3rej \u017cy\u0142 i medytowa\u0142 ten prorok. Centraln\u0105 cz\u0119\u015b\u0107 \u015bwi\u0105tyni zajmuje figura Matki Bo\u017cej Karmelu, a na \u015bcianach wielcy \u015bwi\u0119ci zakonu karmelita\u0144skiego. Przed <a href=\"https:\/\/www.parafiawierzbno.com.pl\/wp-content\/uploads\/2017\/04\/DSCN0337_zmie\u0144-rozmiar.jpg\" rel=\"attachment wp-att-5331\"><img loading=\"lazy\" class=\"size-medium wp-image-5331 alignright\" src=\"https:\/\/www.parafiawierzbno.com.pl\/wp-content\/uploads\/2017\/04\/DSCN0337_zmie\u0144-rozmiar-225x300.jpg\" alt=\"DSCN0337_zmie\u0144 rozmiar\" width=\"225\" height=\"300\" srcset=\"https:\/\/www.parafiawierzbno.com.pl\/wp-content\/uploads\/2017\/04\/DSCN0337_zmie\u0144-rozmiar-225x300.jpg 225w, https:\/\/www.parafiawierzbno.com.pl\/wp-content\/uploads\/2017\/04\/DSCN0337_zmie\u0144-rozmiar-768x1024.jpg 768w, https:\/\/www.parafiawierzbno.com.pl\/wp-content\/uploads\/2017\/04\/DSCN0337_zmie\u0144-rozmiar-113x150.jpg 113w, https:\/\/www.parafiawierzbno.com.pl\/wp-content\/uploads\/2017\/04\/DSCN0337_zmie\u0144-rozmiar.jpg 1024w\" sizes=\"(max-width: 225px) 100vw, 225px\" \/><\/a>nami przepi\u0119kna panorama Hajfy o Morza \u015ar\u00f3dziemnego.<\/p>\n<p style=\"text-align: justify;\">Wyruszamy w dalsz\u0105 drog\u0119. Jedziemy na wsch\u00f3d i zostawiamy brzeg morza, aby dotrze\u0107 do Nazaretu (oko\u0142o 40 km do Hajfy). Obecnie Nazaret liczy 70 tysi\u0119cy mieszka\u0144c\u00f3w i jest zamieszka\u0142y przez \u017byd\u00f3w i Arab\u00f3w. Przy bazylice Zwiastowania od 1877 roku jest parafia katolicka. Nowa bazylika pobudowana w po\u0142owie XX wieku zawiera wszystkie pomniki przesz\u0142o\u015bci. Dolny ko\u015bci\u00f3\u0142 z grot\u0105 Zwiastowania ma wyra\u017ca\u0107 pokor\u0119 Maryi, a g\u00f3rny pokazuje chwa\u0142\u0119 Naj\u015bwi\u0119tszej Maryi Panny (\u0141k 1, 26-38). W grocie znajduje si\u0119 bardzo wa\u017cny napis: \u201eVerbum Caro hic factum est\u201d czyli \u201eTu S\u0142owo sta\u0142o si\u0119 Cia\u0142em\u201d. Dolny ko\u015bci\u00f3\u0142 z o\u015bwietlon\u0105 grot\u0105 stwarza naturalny nastr\u00f3j do kontemplacji. Odmawiam radosne tajemnice r\u00f3\u017ca\u0144ca, prosz\u0105c o \u0142ask\u0119 powo\u0142ania dla m\u0142odzie\u017cy naszej parafii. W tej cz\u0119\u015bci budowli zachowane s\u0105 fragmenty ko\u015bcio\u0142\u00f3w przedbizanty\u0144skiego,\u00a0 bizanty\u0144skiego i krzy\u017cowc\u00f3w. W g\u00f3rnym ko\u015bciele ka\u017cdy cz\u0142owiek znajdzie co\u015b ciekawego dla siebie, np. w ceramice du\u017c\u0105 posta\u0107 Matki Boskiej Cz\u0119stochowskiej, a w kru\u017cgankach wizerunki Maryi z wielu narod\u00f3w \u015bwiata.<\/p>\n<p style=\"text-align: justify;\">Ju\u017c po po\u0142udniu udajemy si\u0119 8 km od Nazaretu do, s\u0142ynnej z cudu przemiany wody w wino (J 2, 1- 11), Kany Galilejskiej. W czasie bada\u0144 archeologicznych znaleziono kilka kamieni oraz pozosta\u0142o\u015bci po budowli, by\u0107 mo\u017ce z czas\u00f3w Chrystusa. Podczas uroczystej Eucharystii w Kanie dwie pary ma\u0142\u017conk\u00f3w z naszej pielgrzymki odnawia przyrzeczenia ma\u0142\u017ce\u0144skie. Gor\u0105co modlimy si\u0119 o jedno\u015b\u0107 i szcz\u0119\u015bcie dla rodzin naszej parafii. Nocleg mamy zaplanowany u podn\u00f3\u017ca g\u00f3ry Tabor w \u017cydowskim kibucu, czyli w hotelu przy izraelskim ko\u0142chozie, gdzie w czasach seminaryjnych pracowa\u0142 ks. Andrzej Jaczewski ze Szczecina.<\/p>\n<p style=\"text-align: center;\">Wtorek \u2013 21 lutego:<\/p>\n<p style=\"text-align: justify;\"><a href=\"https:\/\/www.parafiawierzbno.com.pl\/wp-content\/uploads\/2017\/04\/DSCN0364_zmie\u0144-rozmiar.jpg\" rel=\"attachment wp-att-5333\"><img loading=\"lazy\" class=\"size-medium wp-image-5333 alignleft\" src=\"https:\/\/www.parafiawierzbno.com.pl\/wp-content\/uploads\/2017\/04\/DSCN0364_zmie\u0144-rozmiar-300x225.jpg\" alt=\"DSCN0364_zmie\u0144 rozmiar\" width=\"300\" height=\"225\" srcset=\"https:\/\/www.parafiawierzbno.com.pl\/wp-content\/uploads\/2017\/04\/DSCN0364_zmie\u0144-rozmiar-300x225.jpg 300w, https:\/\/www.parafiawierzbno.com.pl\/wp-content\/uploads\/2017\/04\/DSCN0364_zmie\u0144-rozmiar-768x576.jpg 768w, https:\/\/www.parafiawierzbno.com.pl\/wp-content\/uploads\/2017\/04\/DSCN0364_zmie\u0144-rozmiar.jpg 1024w, https:\/\/www.parafiawierzbno.com.pl\/wp-content\/uploads\/2017\/04\/DSCN0364_zmie\u0144-rozmiar-200x150.jpg 200w, https:\/\/www.parafiawierzbno.com.pl\/wp-content\/uploads\/2017\/04\/DSCN0364_zmie\u0144-rozmiar-150x113.jpg 150w\" sizes=\"(max-width: 300px) 100vw, 300px\" \/><\/a>Z rana po \u015bniadaniu opuszczamy go\u015bcinny kibuc i udajemy si\u0119 na G\u00f3r\u0119 Przemienienia (562 m n.p.m.). Po stromym zboczu i kr\u0119tej drodze mo\u017cna wjecha\u0107 tylko taks\u00f3wkami. U\u015bwiadamiam sobie, \u017ce Jezus wraz z wybranymi uczniami szed\u0142 pieszo i oni byli tak utrudzeni drog\u0105, \u017ce ze zm\u0119czenia zmorzy\u0142 ich sen (\u0141k 9, 28-36). Dawniej na G\u00f3r\u0119 Tabor prowadzi\u0142o 4340 stopni wykutych w skale, a samo s\u0142owo \u201etabor\u201d oznacza \u201eprzychodz\u0105c\u0105 \u015bwiat\u0142o\u015b\u0107\u201d. W czasach Starego Testamentu (epoka S\u0119dzi\u00f3w) tu na Taborze mia\u0142o miejsce zwyci\u0119stwo Debory nad wojskiem kananejskim (Sdz 4, 6-15). Obecnie na szczycie g\u00f3ry wznosi si\u0119 ko\u015bci\u00f3\u0142 wed\u0142ug projektu Antoniego Barluzziego i ojcowie franciszkanie go\u015bcinnie s\u0142u\u017c\u0105 pielgrzymom. Przy wej\u015bciu do \u015bwi\u0105tyni znajduj\u0105 si\u0119 dwie kaplice: jedna po\u015bwi\u0119cona Moj\u017ceszowi, a druga prorokowi Eliaszowi. Eucharysti\u0119 mieli\u015bmy um\u00f3wion\u0105 o 8.3<a href=\"https:\/\/www.parafiawierzbno.com.pl\/wp-content\/uploads\/2017\/04\/DSCN0396_zmie\u0144-rozmiar.jpg\" rel=\"attachment wp-att-5334\"><img loading=\"lazy\" class=\"size-medium wp-image-5334 alignright\" src=\"https:\/\/www.parafiawierzbno.com.pl\/wp-content\/uploads\/2017\/04\/DSCN0396_zmie\u0144-rozmiar-225x300.jpg\" alt=\"DSCN0396_zmie\u0144 rozmiar\" width=\"225\" height=\"300\" srcset=\"https:\/\/www.parafiawierzbno.com.pl\/wp-content\/uploads\/2017\/04\/DSCN0396_zmie\u0144-rozmiar-225x300.jpg 225w, https:\/\/www.parafiawierzbno.com.pl\/wp-content\/uploads\/2017\/04\/DSCN0396_zmie\u0144-rozmiar-768x1024.jpg 768w, https:\/\/www.parafiawierzbno.com.pl\/wp-content\/uploads\/2017\/04\/DSCN0396_zmie\u0144-rozmiar-113x150.jpg 113w, https:\/\/www.parafiawierzbno.com.pl\/wp-content\/uploads\/2017\/04\/DSCN0396_zmie\u0144-rozmiar.jpg 1024w\" sizes=\"(max-width: 225px) 100vw, 225px\" \/><\/a>0 w bazylice przy g\u0142\u00f3wnym o\u0142tarzu, ale z powodu p\u00f3\u0142godzinnego op\u00f3\u017anienia zwi\u0105zanego z dotarciem na szczyt, Msz\u0119 \u015bw. sprawujemy w kaplicy obok bazyliki. Oryginalno\u015bci\u0105 tej kaplicy jest dach wykonany z trzciny. Z punktu widokowego podziwiamy pi\u0119kno krajobrazu Galilei, kt\u00f3ra ma teren pofalowany jak morska fala.<\/p>\n<p style=\"text-align: justify;\">Mamy wiele miejsc do nawiedzenia, dlatego nie trac\u0105c czasu wracamy busami do podn\u00f3\u017ca Taboru i dalej jedziemy nad Jezioro Galilejskie, kt\u00f3re jest po\u0142o\u017cone w depresji (oko\u0142o 210 m poni\u017cej poziomu morza). Przeje\u017cd\u017camy niedaleko Nain, gdzie Jezus wskrzesi\u0142 m\u0142odzie\u0144ca, syna wdowy (\u0141k 7, 11-17) i zatrzymujemy si\u0119 w miejscu nauczania naszego Pana. Jest tu ko\u015bci\u00f3\u0142 i pi\u0119kny ogr\u00f3d, a w nim liczne altany dla pielgrzym\u00f3w czytaj\u0105cych Ewangeli\u0119. Niesamowite prze\u017cycie, tu w\u0142a\u015bnie Chrystus wyg\u0142osi\u0142 s\u0142ynne kazanie na G\u00f3rze (Mt 5). S\u0142owa b\u0142ogos\u0142awie\u0144stw nabieraj\u0105 szczeg\u00f3lnej mocy: b\u0142ogos\u0142awieni ubodzy w duchu, cisi, mi\u0142osierni, czystego serca&#8230; Chc\u0119 realizowa\u0107 te b\u0142ogos\u0142awie\u0144stwa w codziennym \u017cyciu.<\/p>\n<p style=\"text-align: justify;\">U podn\u00f3\u017ca G\u00f3ry B\u0142ogos\u0142awie\u0144stw nad Jeziorem Galilejskim znajduje si\u0119 Tabgha, gdzie Pan Jezus rozmno\u017cy\u0142 chleb i\u00a0 ryby dla pi\u0119ciu tysi\u0119cy m\u0119\u017cczyzn. Ten cud odnotowuj\u0105 wszyscy ewangeli\u015bci (Mt 14,13-21; Mk 6, 34-44; \u0141k 9, 12-17 i J 6, 1-15). W tym miejscu obecnie wznosi si\u0119 katolicka \u015bwi\u0105tynia ze staro\u017cytn\u0105 mozaik\u0105 pod o\u0142tarzem. Na mozaice s\u0105 dwie ryby i tylko cztery chleby, gdy\u017c pi\u0105tym chlebem jest Eucharystia sprawowana na o\u0142tarzu. Na samym brzegu jeziora\u00a0 wznosi si\u0119 ko\u015bci\u00f3\u0142 Prymatu \u015bw. Piotra. Jest to miejsce, gdzie Chrystus przekaza\u0142 w\u0142adz\u0119 aposto\u0142owi Piotrowi (Mt 16,18-20; J 21, 15-19). Wewn\u0105trz \u015bwi\u0105tyni znajduje si\u0119 ska\u0142a (koloru grafitu) tzw. Mensa Christi, na kt\u00f3rej Jezus po zmartwychwstaniu poda\u0142 uczniom \u015bniadanie (J 21,1-19). Mogli\u015bmy, kto chcia\u0142, w pobliskiej gospodzie zje\u015b\u0107 ryb\u0119, kt\u00f3ra tu nazywa si\u0119 ryb\u0105 \u015bw. Piotra. Pokrzepiwszy si\u0142y jedziemy do pobliskiego Kafarnaum. Dawniej by\u0142o to wa\u017cne miasto rzymskie, jedno z g\u0142\u00f3wnych miejsc dzia\u0142alno\u015bci Jezusa (Mk 2, 13-17; Mt 4, 13-23; Mk 1,29-34; <a href=\"https:\/\/www.parafiawierzbno.com.pl\/wp-content\/uploads\/2017\/04\/DSCN0412_zmie\u0144-rozmiar.jpg\" rel=\"attachment wp-att-5335\"><img loading=\"lazy\" class=\"size-medium wp-image-5335 alignleft\" src=\"https:\/\/www.parafiawierzbno.com.pl\/wp-content\/uploads\/2017\/04\/DSCN0412_zmie\u0144-rozmiar-300x225.jpg\" alt=\"DSCN0412_zmie\u0144 rozmiar\" width=\"300\" height=\"225\" srcset=\"https:\/\/www.parafiawierzbno.com.pl\/wp-content\/uploads\/2017\/04\/DSCN0412_zmie\u0144-rozmiar-300x225.jpg 300w, https:\/\/www.parafiawierzbno.com.pl\/wp-content\/uploads\/2017\/04\/DSCN0412_zmie\u0144-rozmiar-768x576.jpg 768w, https:\/\/www.parafiawierzbno.com.pl\/wp-content\/uploads\/2017\/04\/DSCN0412_zmie\u0144-rozmiar.jpg 1024w, https:\/\/www.parafiawierzbno.com.pl\/wp-content\/uploads\/2017\/04\/DSCN0412_zmie\u0144-rozmiar-200x150.jpg 200w, https:\/\/www.parafiawierzbno.com.pl\/wp-content\/uploads\/2017\/04\/DSCN0412_zmie\u0144-rozmiar-150x113.jpg 150w\" sizes=\"(max-width: 300px) 100vw, 300px\" \/><\/a>\u0141k 7,1-10; J 6,2-71), a dzi\u015b &#8211; to niewielka miejscowo\u015b\u0107 na p\u00f3\u0142nocnym brzegu Jeziora Galilejskiego. Zwiedzamy wykopaliska miasta rzymskiego, ruiny synagogi i fundamenty domu \u015bw. Piotra, nad kt\u00f3rymi wznosi si\u0119 obecnie ko\u015bci\u00f3\u0142. Przez szklan\u0105 pod\u0142og\u0119 mo\u017cna obserwowa\u0107 jak dom aposto\u0142a Piotra zosta\u0142 w pierwszych wiekach rozbudowany i s\u0142u\u017cy\u0142 wsp\u00f3lnocie chrze\u015bcija\u0144skiej. Ostatni\u0105 atrakcj\u0105 pobytu w Galilei jest rejs bark\u0105 po jeziorze. Po wej\u015bciu na pok\u0142ad wci\u0105gni\u0119cie bia\u0142o-czerwonej flagi i hymn Polski. Nasz przewodnik podkre\u015bla, \u017ce to jezioro jest \u015bwiadkiem wielu wydarze\u0144 Nowego Testamentu: tu m.in. Jezus naucza\u0142 z \u0142odzi i dokona\u0142 cudownego po\u0142owu ryb, u\u015bmierzy\u0142 burz\u0119 i kroczy\u0142 po wzburzonych falach. Jezioro Galilejskie mo\u017cna uzna\u0107 za najwi\u0119ksz\u0105 \u015bwi\u0105tyni\u0119, kt\u00f3rej d\u0142ugo\u015b\u0107 wynosi 21km, szeroko\u015b\u0107 do 12 km, a sklepieniem jest niebo. Du\u017cym prze\u017cyciem jest dla nas, gdy na barce na \u015brodku jeziora czytamy Ewangeli\u0119 i \u015bpiewamy ulubion\u0105 piosenk\u0119 Jana Paw\u0142a II: \u201ePan kiedy\u015b stan\u0105\u0142 nad brzegiem&#8230;\u201d Po prawie godzinnym rejsie wracamy do przystani i jedziemy autobusem od strony wzg\u00f3rz Golan po wschodnim brzegu Jeziora Galilejskiego. Ju\u017c zapada zmierzch, dzie\u0144 bogaty w prze\u017cycia i mo\u017cna wielbi\u0107 za wszystko Pana. Droga prowadzi na po\u0142udnie wzd\u0142u\u017c Jordanu do Jerozolimy.<\/p>\n<p style=\"text-align: center;\">\u015aroda \u2013 22 lutego:<\/p>\n<p style=\"text-align: justify;\">Z rana zmierzamy do Betanii, w j\u0119zyku arabskim nosi nazw\u0119: El-Azarije. Jest to niewielka miejscowo\u015b\u0107 przy drodze prowadz\u0105cej z Jerozolimy do Jerycha. Od wczesnego chrze\u015bcija\u0144stwa najwi\u0119kszym zainteresowaniem cieszy\u0142 si\u0119 gr\u00f3b \u0141azarza. Przez okno autobusu podziwiamy malownicz\u0105 pustyni\u0119 judzk\u0105, kt\u00f3ra na wiosn\u0119 w wielu miejscach si\u0119 zazieleni\u0142a. Przewodnik ks. Piotr informuje, \u017ce w IV wieku na tej pustyni mieszka\u0142o oko\u0142o 10\u00a0000 mnich\u00f3w i mniszek, kt\u00f3rzy prowadz\u0105c \u017cycie ascetyczne, przenikni\u0119te Ewangeli\u0105 chcieli by\u0107 jak najbli\u017cej Chrystusa. Gdzie niegdzie wida\u0107 pas\u0105ce si\u0119 stada k\u00f3z i owiec. W Betanii sprawujemy Eucharysti\u0119 w ko\u015bciele po\u015bwi\u0119conym \u0141azarzowi, a po niej mo\u017cemy nawiedzi\u0107 grot\u0119, kt\u00f3ra jest uwa\u017cana za gr\u00f3b \u0141azarza. Obecnie opiekuje si\u0119 nim muzu\u0142ma\u0144ska rodzina. Z Ewangelii wiemy, \u017ce Jezus cz\u0119sto bywa\u0142 w domu \u0141azarza oraz jego si\u00f3str &#8211; Marii i Marty. Niekt\u00f3rzy pielgrzymi zafundowali sobie przeja\u017cd\u017ck\u0119 na wielb\u0142\u0105dzie.<a href=\"https:\/\/www.parafiawierzbno.com.pl\/wp-content\/uploads\/2017\/04\/DSCN0472_zmie\u0144-rozmiar.jpg\" rel=\"attachment wp-att-5336\"><img loading=\"lazy\" class=\"size-medium wp-image-5336 alignright\" src=\"https:\/\/www.parafiawierzbno.com.pl\/wp-content\/uploads\/2017\/04\/DSCN0472_zmie\u0144-rozmiar-300x225.jpg\" alt=\"DSCN0472_zmie\u0144 rozmiar\" width=\"300\" height=\"225\" srcset=\"https:\/\/www.parafiawierzbno.com.pl\/wp-content\/uploads\/2017\/04\/DSCN0472_zmie\u0144-rozmiar-300x225.jpg 300w, https:\/\/www.parafiawierzbno.com.pl\/wp-content\/uploads\/2017\/04\/DSCN0472_zmie\u0144-rozmiar-768x576.jpg 768w, https:\/\/www.parafiawierzbno.com.pl\/wp-content\/uploads\/2017\/04\/DSCN0472_zmie\u0144-rozmiar.jpg 1024w, https:\/\/www.parafiawierzbno.com.pl\/wp-content\/uploads\/2017\/04\/DSCN0472_zmie\u0144-rozmiar-200x150.jpg 200w, https:\/\/www.parafiawierzbno.com.pl\/wp-content\/uploads\/2017\/04\/DSCN0472_zmie\u0144-rozmiar-150x113.jpg 150w\" sizes=\"(max-width: 300px) 100vw, 300px\" \/><\/a><\/p>\n<p style=\"text-align: justify;\">Jedziemy w kierunku Jordanu, gdzie Jan udziela\u0142 chrztu (J 1,28). Miejsce chrztu Jezusa wed\u0142ug tradycji znajduje si\u0119 w pobli\u017cu Jerycha. Woda w rzece jest brunatna, poniewa\u017c niesie ze sob\u0105 du\u017co mu\u0142u. Odnawiamy przyrzeczenia chrzcielne, a ks. Andrzej Jaczewski polewa nasze g\u0142owy wod\u0105 z Jordanu. Jeste\u015bmy wdzi\u0119czni za przyj\u0119ty w dzieci\u0144stwie sakrament chrztu i \u0142ask\u0119 dzieci\u0119ctwa Bo\u017cego. Nieco dalej pielgrzymi prawos\u0142awni wchodz\u0105 do rzeki i trzykrotnie zanurzaj\u0105 si\u0119 w wodzie, co symbolizuje chrzest. W tym miejscu Jordan jest granic\u0105 Izraela z Jordani\u0105.<\/p>\n<p style=\"text-align: justify;\">Kolejnym wa\u017cnym miejscem w naszym pielgrzymowaniu jest Jerycho, kt\u00f3re le\u017cy 400 metr\u00f3w poni\u017cej poziomu morza. Cech\u0105 charakterystyczn\u0105 s\u0105 tu palmy, tak \u017ce w staro\u017cytno\u015bci Jerycho by\u0142o nazywane miastem palm.\u00a0 Jest to jedno z najstarszych miast \u015bwiata, o czym \u015bwiadczy wie\u017ca pochodz\u0105ca z \u00f3smego tysi\u0105clecia przed Chrystusem. Wraz z ks. Piotrem zwiedzamy wykopaliska archeologiczne. Mamy w pami\u0119ci epizody z Ewangelii, kt\u00f3re dokona\u0142y si\u0119 w tym miejscu. W Ewangelii \u0141ukasza czytamy o cz\u0142owieku, kt\u00f3ry schodzi\u0142 z Jerozolimy do Jerycha i wpad\u0142 w r\u0119ce zb\u00f3jc\u00f3w (\u0141k 10, 29-37), o niewidomym\u00a0 siedz\u0105cym przy drodze do Jerycha (\u0141k 18,35-43) oraz o celniku Zacheuszu, kt\u00f3ry wspi\u0105\u0142 si\u0119 na sykomor\u0119, aby ujrze\u0107 Jezusa (\u0141k 19,1-11).<\/p>\n<p style=\"text-align: justify;\">Ostatnim punktem programu jest odpoczynek nad Morzem Martwym. Ewangelia nic nie m\u00f3wi nam o Morzu Martwym, lecz wiele razy wspomina miejscowo\u015bci s\u0105siaduj\u0105ce z tym morzem: Sodom\u0119 i Gomor\u0119 (Mt 11,23-24; \u0141k 10,10-12; \u0141k 17, 28-33; Rz 9,29). Teksty Nowego Testamentu nawi\u0105zuj\u0105 do opis\u00f3w z Ksi\u0119gi Rodzaju (Rdz 19,12-29), gdzie Sodoma i Gomora jest symbolem ukaranego z\u0142a. S\u0142ona woda (zasolenie si\u0119ga 27%), ksi\u0119\u017cycowy krajobraz okolicy Morza Martwego i cz\u0119sto upa\u0142 (w czasie naszego pobytu nie odczuli\u015bmy gor\u0105ca) wskazuj\u0105 na realizm Biblii. Ch\u0119tni mogli skorzysta\u0107 z k\u0105pieli w morzu.<\/p>\n<p style=\"text-align: center;\">Czwartek \u2013 23 lutego:<\/p>\n<p style=\"text-align: justify;\">Nasz pobyt w Ziemi \u015awi\u0119tej powoli zbli\u017ca si\u0119 ku ko\u0144cowi. W czwartek najwa\u017cniejszym prze\u017cyciem ma by\u0107 droga krzy\u017cowa, kt\u00f3ra prowadzi ciasnymi targowymi ulicami Jerozolimy. Poziom miasta z czas\u00f3w Chrystusa jest nawet kilka metr\u00f3w poni\u017cej obecnej powierzchni terenu. W\u0105skie uliczki i kamienne budynki starej Jerozolimy przypominaj\u0105 te sprzed XX wiek\u00f3w. Najpierw nawiedzamy Litostrotos czyli centralny plac w twierdzy Antonia. Teren twierdzy wy\u0142o\u017cony kamieniami by\u0142 skanalizowany, woda deszczowa sp\u0142ywa\u0142a kana\u0142ami do olbrzymich cystern. Do naszych czas\u00f3w zachowa\u0142y si\u0119 dwie takie cysterny z czas\u00f3w Heroda Wielkiego, ca\u0142e kute w skale. Na kamieniach spotyka si\u0119 wiele wykutych znak\u00f3w. Mi\u0119dzy innymi odczytano gr\u0119 \u201ew kr\u00f3la\u201d. Na wy\u017c\u0142obionych liniach i polach widoczna jest grecka beta, kt\u00f3ra stanowi pocz\u0105tek s\u0142owa \u201ebasileus \u2013 kr\u00f3l\u201d. Znana jest ta gra, w kt\u00f3rej znudzeni rzymscy \u017co\u0142nierze brali jednego je\u0144ca, przebierali go w szaty przypominaj\u0105ce str\u00f3j kr\u00f3la, traktuj\u0105c to jako rozrywk\u0119 w koszarowym \u017cyciu. To, co m\u00f3wi ewangelista Jan o ukoronowaniu cierniow\u0105 koron\u0105 i policzkowaniu Jezusa (J 19, 1-16),ma potwierdzenie w tych odkryciach archeologicznych. Dzisiaj na terenie dawnej twierdzy Antonii znajduje si\u0119 bazylika \u201eEcce Homo\u201d i ko\u015bci\u00f3\u0142 Biczowania. W\u0142a\u015bnie w tej \u015bwi\u0105tyni, kt\u00f3ra upami\u0119tnia biczowanie Jezusa sprawujemy Eucharysti\u0119. Potem rozwa\u017caj\u0105c m\u0119k\u0119 Chrystusa wyruszamy drog\u0105, kt\u00f3r\u0105 wed\u0142ug tradycji kroczy\u0142 nasz Pan. Kap\u0142ani z naszej grupy pielgrzymkowej prowadz\u0105 rozwa\u017cania przy kolejnych stacjach. Dos\u0142ownie trzeba si\u0119 przeciska\u0107 z krzy\u017cem mi\u0119dzy straganami, a turystami i pielgrzymami. Zauwa\u017cy\u0142em jak ortodoksyjni \u017bydzi wchodzili we drzwi sklepik\u00f3w, aby unikn\u0105\u0107 zetkni\u0119cia z krzy\u017cem. Od razu wspomnia\u0142em s\u0142owa aposto\u0142a Paw\u0142a: \u201emy g\u0142osimy Chrystusa ukrzy\u017cowanego, kt\u00f3ry jest zgorszeniem dla \u017byd\u00f3w\u201d (1Kor 1, 23). Trzeci\u0105 i czwart\u0105 stacj\u0119 drogi krzy\u017cowej odrestaurowali polscy \u017co\u0142nierze przebywaj\u0105cy podczas II wojny \u015bwiatowej w Palestynie. Stacja: spotkanie z Matk\u0105 jest ma\u0142\u0105 kapliczk\u0105, a w niej o\u0142tarz wspieraj\u0105cy si\u0119 na czterech or\u0142ach. Przy IX stacji wisz\u0105 na murze fotografie chrze\u015bcijan niedawno rozstrzelanych w Syrii. Dalej\u00a0 wchodzimy na teren bazyliki Grobu Pa\u0144skiego od strony koptyjskiej. Po zako\u0144czeniu rozwa\u017ca\u0144 drogi krzy\u017cowej mamy 2 godziny czasu na osobist\u0105 modlitw\u0119 w Bazylice lub na robienie zakup\u00f3w. Wraz z pielgrzymami z Wierzbna wchodzimy na Golgot\u0119, aby jeszcze raz prosi\u0107 o mi\u0142osierdzie Bo\u017ce dla rodzin naszej parafii. Z serca p\u0142yn\u0105 ufne pro\u015bby do Ojca niebieskiego: \u201eDla Jego bolesnej m\u0119ki miej mi\u0142osierdzie dla nas i \u015bwiata ca\u0142ego\u201d. Nast\u0119pnie do\u0142\u0105czamy do d\u0142ugiego pocztu pielgrzym\u00f3w oczekuj\u0105cych na wej\u015bcie do Grobu Pa\u0144skiego. Intencje wielu ludzi przeplatane modlitw\u0105 r\u00f3\u017ca\u0144cow\u0105 i godzina stania w kolejce szybko mija. Wchodz\u0119 do Grobu Pa\u0144skiego, roz\u015bwietlonego tylko blaskiem \u015bwiec i prosz\u0119 o dar wiary dla wszystkich, kt\u00f3rzy nie przyjmuj\u0105 Zmartwychwstania Chrystusa. Z wdzi\u0119czno\u015bci\u0105 ca\u0142uj\u0119 kamienn\u0105 p\u0142yt\u0119, le\u017c\u0105c\u0105 na skale, gdzie spocz\u0119\u0142o cia\u0142o naszego Pana po zdj\u0119ciu z krzy\u017ca.<\/p>\n<p style=\"text-align: justify;\">Wracamy do hotelu w Betlejem, poniewa\u017c prawie ca\u0142a grupa noc\u0105 wraca ju\u017c do Polski. My (Ewa, Anna, ks. Piotr i ja) otrzymali\u015bmy w prezencie od Katolickiego Biura Pielgrzymkowego jeszcze jeden dzie\u0144 w Ziemi \u015awi\u0119tej. Zabrak\u0142o 4 bilet\u00f3w na samolot do Warszawy i wcale si\u0119 nie martwimy z tego powodu.<\/p>\n<p style=\"text-align: center;\">Pi\u0105tek \u2013 24 lutego:<\/p>\n<p style=\"text-align: justify;\"><a href=\"https:\/\/www.parafiawierzbno.com.pl\/wp-content\/uploads\/2017\/04\/DSCN0518_zmie\u0144-rozmiar.jpg\" rel=\"attachment wp-att-5337\"><img loading=\"lazy\" class=\"size-medium wp-image-5337 alignleft\" src=\"https:\/\/www.parafiawierzbno.com.pl\/wp-content\/uploads\/2017\/04\/DSCN0518_zmie\u0144-rozmiar-300x225.jpg\" alt=\"DSCN0518_zmie\u0144 rozmiar\" width=\"300\" height=\"225\" srcset=\"https:\/\/www.parafiawierzbno.com.pl\/wp-content\/uploads\/2017\/04\/DSCN0518_zmie\u0144-rozmiar-300x225.jpg 300w, https:\/\/www.parafiawierzbno.com.pl\/wp-content\/uploads\/2017\/04\/DSCN0518_zmie\u0144-rozmiar-768x576.jpg 768w, https:\/\/www.parafiawierzbno.com.pl\/wp-content\/uploads\/2017\/04\/DSCN0518_zmie\u0144-rozmiar.jpg 1024w, https:\/\/www.parafiawierzbno.com.pl\/wp-content\/uploads\/2017\/04\/DSCN0518_zmie\u0144-rozmiar-200x150.jpg 200w, https:\/\/www.parafiawierzbno.com.pl\/wp-content\/uploads\/2017\/04\/DSCN0518_zmie\u0144-rozmiar-150x113.jpg 150w\" sizes=\"(max-width: 300px) 100vw, 300px\" \/><\/a>Jest nam dane nawiedzi\u0107 Yad Vaschem szczeg\u00f3lne miejsce pami\u0119ci \u017byd\u00f3w, kt\u00f3rzy zgin\u0119li podczas II wojny \u015bwiatowej. Obok wej\u015bcia do mauzoleum Aleja Sprawiedliwych w\u015br\u00f3d Narod\u00f3w \u015awiata, przy ka\u017cdym drzewku oliwnym tabliczki z nazwiskami i narodowo\u015bci\u0105 os\u00f3b, kt\u00f3re po\u015bwi\u0119cili swoje \u017cycie dla ocalenia \u017byd\u00f3w. Id\u0105c dalej widzimy przedziwny pomnik \u2013 wagon, kt\u00f3rym przewo\u017cono ich do oboz\u00f3w zag\u0142ady. W tej cz\u0119\u015bci Yad Vaschem znajduj\u0105 si\u0119 kamienne tablice z imionami i nazwiskami ludzi, kt\u00f3rzy pomagali \u017bydom podczas okupacji hitlerowskiej. Na tablicy nr 18 po\u015br\u00f3d wielu nazwisk Polak\u00f3w odnajdujemy Leona Lubkiewicza, piekarza z Sadownego, kt\u00f3ry podarowa\u0142 bochen chleba \u017cydowskiemu dziecku i za co zosta\u0142 potem rozstrzelany wraz z \u017con\u0105 i synem. Zwiedzamy Sal\u0119 Pami\u0119ci z wiecznym ogniem po\u015br\u00f3d nazw oboz\u00f3w zag\u0142ady. Do g\u0142\u0119bi duszy porusza Pomnik Dzieci\u00a0 &#8211; ciemna sala z ma\u0142ymi \u015bwiat\u0142ami przypominaj\u0105cymi gwiazdy. Na tle \u017cydowskiej muzyki jest odczytywane codziennie 1,5 mln imion zamordowanych dzieci.<\/p>\n<p style=\"text-align: justify;\">Z Yad Vaschem jedziemy tramwajem do Jerozolimy. S\u0142oneczna pogoda i wsz\u0119dzie widzimy m\u0142ode rodziny \u017cydowskie z czworgiem a nawet pi\u0119ciorgiem dzieci. Pomy\u015bla\u0142em sobie, \u017ce tu troszcz\u0105 si\u0119 o przysz\u0142o\u015b\u0107 swojego narodu. Na placach grupy roze\u015bmianej m\u0142odzie\u017cy, ta\u0144cz\u0105, klaszcz\u0105 w d\u0142onie. To inny \u015bwiat, nie ma nikogo chwiej\u0105cego si\u0119 na nogach. Jest to pi\u0105tkowe po\u0142udnie przed szabatem.<\/p>\n<p style=\"text-align: justify;\">W Aleksandrowskim centrum zwiedzamy m.in. s\u0142ynne ucho igielne (\u0141k 18, 25). I mnie udaje si\u0119 przez nie przecisn\u0105\u0107, ale nie jest to proste.<\/p>\n<p style=\"text-align: justify;\">O godz. 16.00 uczestniczymy w \u0142aci\u0144skim nabo\u017ce\u0144stwie w bazylice Grobu Pa\u0144skiego. \u00a0Ze \u015bwiecami w r\u0119kach obchodzimy wszystkie kaplice bazyliki, \u015bpiewaj\u0105c staro\u017cytne hymny i antyfony. Troch\u0119 to przypomina nabo\u017ce\u0144stwo drogi krzy\u017cowej. Modlimy si\u0119 w miejscu spotkania Chrystusa po zmartwychwstaniu z Mari\u0105 Magdalen\u0105 i ko\u0144czymy w kaplicy franciszka\u0144skiej przed Naj\u015bwi\u0119tszym Sakramentem. Bezpo\u015brednio po tej procesji sprawujemy Eucharysti\u0119 z uroczysto\u015bci Zmartwychwstania Pa\u0144skiego w kaplicy krzy\u017cowc\u00f3w. Chocia\u017c Msza \u015bw. jest po w\u0142osku, a przewa\u017caj\u0105c\u0105 grup\u0105 s\u0105 pielgrzymi z Turynu, to jestem szcz\u0119\u015bliwy, \u017ce pielgrzymowanie ko\u0144czymy w\u0142a\u015bnie spotkaniem ze Zmartwychwsta\u0142ym Jezusem.<\/p>\n<p style=\"text-align: justify;\">Wielbi\u0119 Pana za niezapomniane dni prze\u017cyte w Ziemi \u015awi\u0119tej i niech te s\u0142owa b\u0119d\u0105 zach\u0119t\u0105 dla tych, kt\u00f3rzy jeszcze nie zdecydowali si\u0119 na pielgrzymk\u0119 \u017cycia po \u015bladach Jezusa.<\/p>\n<p style=\"text-align: justify;\">Chwa\u0142a Panu za ka\u017cd\u0105 chwil\u0119.<\/p>\n<p style=\"text-align: right;\">Ks. Kazimierz J\u00f3\u017awik<\/p>\n","protected":false},"excerpt":{"rendered":"<p>W naszym \u017cyciu s\u0105 takie wydarzenia, kt\u00f3re na d\u0142ugo zapadaj\u0105 w pami\u0119\u0107, do kt\u00f3rych wci\u0105\u017c ch\u0119tnie powracamy i kt\u00f3re pieczo\u0142owicie w pami\u0119ci przechowujemy. Dla mnie niezapomnianym prze\u017cyciem by\u0142a pielgrzymka do Ziemi \u015awi\u0119tej (16-25 luty 2017 r.). Odebra\u0142em j\u0105 jako do\u015bwiadczenie blisko\u015bci Jezusa i wielki dar Opatrzno\u015bci Bo\u017cej. Chc\u0119 podkre\u015bli\u0107 s\u0142owo \u201epielgrzymka\u201d a nie \u201ewycieczka\u201d, poniewa\u017c w wielu tych miejscach odkrywa\u0142em obecno\u015b\u0107 Chrystusa Pana i gor\u0105co modli\u0142em si\u0119 o umocnienie w wierze dla mnie, dla parafian, znajomych i przyjaci\u00f3\u0142. Przygotowuj\u0105c si\u0119 do pielgrzymowania przeczyta\u0142em \u015bwietn\u0105 ksi\u0105\u017ck\u0119 ameryka\u0144skiego jezuity Jamesa Martina pt: \u201eJezus. Podr\u00f3\u017c do serca Ewangelii\u201d. W Ewangelii Jezus cz\u0119sto nazywa swoich uczni\u00f3w lud\u017ami ma\u0142ej wiary (Mt 6,30; Mt 17, 20; Mt 21, 21, Mk 16, 10-14; \u0141k 24, 25-27). Jestem przekonany, \u017ce m\u00f3wi\u0105c s\u0142owa: \u201eCzemu tak boja\u017aliwi jeste\u015bcie, ma\u0142ej wiary?\u201d(Mt 8, 26). Chrystus dzisiaj patrzy si\u0119 na mnie. Przyznam, \u017ce przez lata, gdy pos\u0142ugiwa\u0142em na Syberii, moja wiara by\u0142a mocniejsza, \u2026 <a class=\"continue-reading-link\" href=\"https:\/\/www.parafiawierzbno.com.pl\/?p=5315\">Czytaj dalej <span class=\"meta-nav\">&rarr; <\/span><\/a><\/p>\n","protected":false},"author":1,"featured_media":0,"comment_status":"closed","ping_status":"closed","sticky":false,"template":"","format":"link","meta":{"ngg_post_thumbnail":0},"categories":[1],"tags":[],"_links":{"self":[{"href":"https:\/\/www.parafiawierzbno.com.pl\/index.php?rest_route=\/wp\/v2\/posts\/5315"}],"collection":[{"href":"https:\/\/www.parafiawierzbno.com.pl\/index.php?rest_route=\/wp\/v2\/posts"}],"about":[{"href":"https:\/\/www.parafiawierzbno.com.pl\/index.php?rest_route=\/wp\/v2\/types\/post"}],"author":[{"embeddable":true,"href":"https:\/\/www.parafiawierzbno.com.pl\/index.php?rest_route=\/wp\/v2\/users\/1"}],"replies":[{"embeddable":true,"href":"https:\/\/www.parafiawierzbno.com.pl\/index.php?rest_route=%2Fwp%2Fv2%2Fcomments&post=5315"}],"version-history":[{"count":10,"href":"https:\/\/www.parafiawierzbno.com.pl\/index.php?rest_route=\/wp\/v2\/posts\/5315\/revisions"}],"predecessor-version":[{"id":5340,"href":"https:\/\/www.parafiawierzbno.com.pl\/index.php?rest_route=\/wp\/v2\/posts\/5315\/revisions\/5340"}],"wp:attachment":[{"href":"https:\/\/www.parafiawierzbno.com.pl\/index.php?rest_route=%2Fwp%2Fv2%2Fmedia&parent=5315"}],"wp:term":[{"taxonomy":"category","embeddable":true,"href":"https:\/\/www.parafiawierzbno.com.pl\/index.php?rest_route=%2Fwp%2Fv2%2Fcategories&post=5315"},{"taxonomy":"post_tag","embeddable":true,"href":"https:\/\/www.parafiawierzbno.com.pl\/index.php?rest_route=%2Fwp%2Fv2%2Ftags&post=5315"}],"curies":[{"name":"wp","href":"https:\/\/api.w.org\/{rel}","templated":true}]}}