{"id":5357,"date":"2017-05-14T11:16:31","date_gmt":"2017-05-14T09:16:31","guid":{"rendered":"https:\/\/www.parafiawierzbno.com.pl\/?p=5357"},"modified":"2017-05-14T11:16:31","modified_gmt":"2017-05-14T09:16:31","slug":"druhowie-strazacy-gotowi-aby-sluzyc","status":"publish","type":"post","link":"https:\/\/www.parafiawierzbno.com.pl\/?p=5357","title":{"rendered":"Druhowie stra\u017cacy gotowi, aby s\u0142u\u017cy\u0107!"},"content":{"rendered":"<p style=\"text-align: justify;\"><a href=\"https:\/\/www.parafiawierzbno.com.pl\/wp-content\/uploads\/2017\/05\/20170503_124736_zmie\u0144-rozmiar.jpg\" rel=\"attachment wp-att-5359\"><img loading=\"lazy\" class=\"size-medium wp-image-5359 alignleft\" src=\"https:\/\/www.parafiawierzbno.com.pl\/wp-content\/uploads\/2017\/05\/20170503_124736_zmie\u0144-rozmiar-300x169.jpg\" alt=\"20170503_124736_zmie\u0144 rozmiar\" width=\"300\" height=\"169\" srcset=\"https:\/\/www.parafiawierzbno.com.pl\/wp-content\/uploads\/2017\/05\/20170503_124736_zmie\u0144-rozmiar-300x169.jpg 300w, https:\/\/www.parafiawierzbno.com.pl\/wp-content\/uploads\/2017\/05\/20170503_124736_zmie\u0144-rozmiar-768x432.jpg 768w, https:\/\/www.parafiawierzbno.com.pl\/wp-content\/uploads\/2017\/05\/20170503_124736_zmie\u0144-rozmiar-1024x576.jpg 1024w, https:\/\/www.parafiawierzbno.com.pl\/wp-content\/uploads\/2017\/05\/20170503_124736_zmie\u0144-rozmiar-250x141.jpg 250w, https:\/\/www.parafiawierzbno.com.pl\/wp-content\/uploads\/2017\/05\/20170503_124736_zmie\u0144-rozmiar-150x84.jpg 150w, https:\/\/www.parafiawierzbno.com.pl\/wp-content\/uploads\/2017\/05\/20170503_124736_zmie\u0144-rozmiar.jpg 1365w\" sizes=\"(max-width: 300px) 100vw, 300px\" \/><\/a>W naszej \u015bwi\u0105tyni w uroczysto\u015b\u0107 Naj\u015bwi\u0119tszej Maryi Panny Kr\u00f3lowej Polski, a w przeddzie\u0144 \u015bw. Floriana, podczas uroczystej Eucharystii o 12.00 dzi\u0119kowali\u015bmy Panu Bogu za dzielnych druh\u00f3w stra\u017cak\u00f3w OSP Wierzbno i OSP Jaworek. Cieszymy si\u0119, \u017ce s\u0105 bardzo aktywni. Zawsze mo\u017cna na nich liczy\u0107 i niezawodnie s\u0142u\u017c\u0105, gdy trzeba gasi\u0107 po\u017car i ratowa\u0107 dobytek, gdy wichura na\u0142amie drzew i trzeba usun\u0105\u0107 przeszkody na drodze, gdy wiosn\u0105 zdarz\u0105 si\u0119 podtopienia, albo gdy na drodze dojdzie do kolizji. Warto wspomnie\u0107, \u017ce w Wielki Pi\u0105tek po po\u0142udniu ucz<a href=\"https:\/\/www.parafiawierzbno.com.pl\/wp-content\/uploads\/2017\/05\/20170503_124744_zmie\u0144-rozmiar.jpg\" rel=\"attachment wp-att-5360\"><img loading=\"lazy\" class=\"size-medium wp-image-5360 alignright\" src=\"https:\/\/www.parafiawierzbno.com.pl\/wp-content\/uploads\/2017\/05\/20170503_124744_zmie\u0144-rozmiar-300x169.jpg\" alt=\"20170503_124744_zmie\u0144 rozmiar\" width=\"300\" height=\"169\" srcset=\"https:\/\/www.parafiawierzbno.com.pl\/wp-content\/uploads\/2017\/05\/20170503_124744_zmie\u0144-rozmiar-300x169.jpg 300w, https:\/\/www.parafiawierzbno.com.pl\/wp-content\/uploads\/2017\/05\/20170503_124744_zmie\u0144-rozmiar-768x432.jpg 768w, https:\/\/www.parafiawierzbno.com.pl\/wp-content\/uploads\/2017\/05\/20170503_124744_zmie\u0144-rozmiar-1024x576.jpg 1024w, https:\/\/www.parafiawierzbno.com.pl\/wp-content\/uploads\/2017\/05\/20170503_124744_zmie\u0144-rozmiar-250x141.jpg 250w, https:\/\/www.parafiawierzbno.com.pl\/wp-content\/uploads\/2017\/05\/20170503_124744_zmie\u0144-rozmiar-150x84.jpg 150w, https:\/\/www.parafiawierzbno.com.pl\/wp-content\/uploads\/2017\/05\/20170503_124744_zmie\u0144-rozmiar.jpg 1365w\" sizes=\"(max-width: 300px) 100vw, 300px\" \/><\/a>estniczyli w akcji po\u017carowej i ratowali dobytek w Jaworku, a wieczorem ju\u017c pe\u0142nili wart\u0119 honorow\u0105 przy Grobie Pa\u0144skim. Bez ich pomocy trudno by by\u0142o zorganizowa\u0107 Orszak Trzech Kr\u00f3li, festyn rodzinny, procesj\u0119 Bo\u017cego Cia\u0142a, drog\u0119 krzy\u017cow\u0105 ulicami Wierzbna czy te\u017c do\u017cynki parafialne.<\/p>\n<p style=\"text-align: justify;\">Jestem z serca wdzi\u0119czny ka\u017cdemu druhowi za postaw\u0119 gotowo\u015bci w niesieniu konkretnej pomocy o ka\u017cdej porze dnia i nocy. Dzi\u0119kuj\u0119 za m\u0119stwo i odwag\u0119 w walce z \u017cywio\u0142em. Niech \u015bw. Florian, patron stra\u017cak\u00f3w, otacza ka\u017cdego z Was opiek\u0105 i strze\u017ce w trudnych akcjach. Niech wstawiennictwo Maryi, kt\u00f3ra jest Polski Kr\u00f3low\u0105 wyjedna hojne \u0142aski, jedno\u015b\u0107 i pomy\u015blno\u015b\u0107 w naszej Ojczy\u017anie.<\/p>\n<p style=\"text-align: justify;\">W niedziel\u0119 14 maja ofiarami na tac\u0119 wesprzemy projekt zakupu hydraulicznego zestawu ratowniczego dla OSP Wierzbno. Serdecznie dzi\u0119kuj\u0119 tym, kt\u00f3rzy ze zrozumieniem i hojno\u015bci\u0105 przyjmuj\u0105 takie inicjatywy.<\/p>\n<p style=\"text-align: right;\">Kapelan ks. Kazimierz J\u00f3\u017awik<\/p>\n<p style=\"text-align: center;\"><a href=\"https:\/\/www.parafiawierzbno.com.pl\/wp-content\/uploads\/2017\/05\/20170503_124801_zmie\u0144-rozmiar.jpg\" rel=\"attachment wp-att-5363\"><img loading=\"lazy\" class=\"size-large wp-image-5363 aligncenter\" src=\"https:\/\/www.parafiawierzbno.com.pl\/wp-content\/uploads\/2017\/05\/20170503_124801_zmie\u0144-rozmiar-1024x576.jpg\" alt=\"20170503_124801_zmie\u0144 rozmiar\" width=\"650\" height=\"366\" srcset=\"https:\/\/www.parafiawierzbno.com.pl\/wp-content\/uploads\/2017\/05\/20170503_124801_zmie\u0144-rozmiar-1024x576.jpg 1024w, https:\/\/www.parafiawierzbno.com.pl\/wp-content\/uploads\/2017\/05\/20170503_124801_zmie\u0144-rozmiar-300x169.jpg 300w, https:\/\/www.parafiawierzbno.com.pl\/wp-content\/uploads\/2017\/05\/20170503_124801_zmie\u0144-rozmiar-768x432.jpg 768w, https:\/\/www.parafiawierzbno.com.pl\/wp-content\/uploads\/2017\/05\/20170503_124801_zmie\u0144-rozmiar-250x141.jpg 250w, https:\/\/www.parafiawierzbno.com.pl\/wp-content\/uploads\/2017\/05\/20170503_124801_zmie\u0144-rozmiar-150x84.jpg 150w, https:\/\/www.parafiawierzbno.com.pl\/wp-content\/uploads\/2017\/05\/20170503_124801_zmie\u0144-rozmiar.jpg 1365w\" sizes=\"(max-width: 650px) 100vw, 650px\" \/><\/a><\/p>\n","protected":false},"excerpt":{"rendered":"<p>W naszej \u015bwi\u0105tyni w uroczysto\u015b\u0107 Naj\u015bwi\u0119tszej Maryi Panny Kr\u00f3lowej Polski, a w przeddzie\u0144 \u015bw. Floriana, podczas uroczystej Eucharystii o 12.00 dzi\u0119kowali\u015bmy Panu Bogu za dzielnych druh\u00f3w stra\u017cak\u00f3w OSP Wierzbno i OSP Jaworek. Cieszymy si\u0119, \u017ce s\u0105 bardzo aktywni. Zawsze mo\u017cna na nich liczy\u0107 i niezawodnie s\u0142u\u017c\u0105, gdy trzeba gasi\u0107 po\u017car i ratowa\u0107 dobytek, gdy wichura na\u0142amie drzew i trzeba usun\u0105\u0107 przeszkody na drodze, gdy wiosn\u0105 zdarz\u0105 si\u0119 podtopienia, albo gdy na drodze dojdzie do kolizji. Warto wspomnie\u0107, \u017ce w Wielki Pi\u0105tek po po\u0142udniu uczestniczyli w akcji po\u017carowej i ratowali dobytek w Jaworku, a wieczorem ju\u017c pe\u0142nili wart\u0119 honorow\u0105 przy Grobie Pa\u0144skim. Bez ich pomocy trudno by by\u0142o zorganizowa\u0107 Orszak Trzech Kr\u00f3li, festyn rodzinny, procesj\u0119 Bo\u017cego Cia\u0142a, drog\u0119 krzy\u017cow\u0105 ulicami Wierzbna czy te\u017c do\u017cynki parafialne. Jestem z serca wdzi\u0119czny ka\u017cdemu druhowi za postaw\u0119 gotowo\u015bci w niesieniu konkretnej pomocy o ka\u017cdej porze dnia i nocy. Dzi\u0119kuj\u0119 za m\u0119stwo i odwag\u0119 w walce \u2026 <a class=\"continue-reading-link\" href=\"https:\/\/www.parafiawierzbno.com.pl\/?p=5357\">Czytaj dalej <span class=\"meta-nav\">&rarr; <\/span><\/a><\/p>\n","protected":false},"author":1,"featured_media":0,"comment_status":"closed","ping_status":"closed","sticky":false,"template":"","format":"standard","meta":{"ngg_post_thumbnail":0},"categories":[1],"tags":[],"_links":{"self":[{"href":"https:\/\/www.parafiawierzbno.com.pl\/index.php?rest_route=\/wp\/v2\/posts\/5357"}],"collection":[{"href":"https:\/\/www.parafiawierzbno.com.pl\/index.php?rest_route=\/wp\/v2\/posts"}],"about":[{"href":"https:\/\/www.parafiawierzbno.com.pl\/index.php?rest_route=\/wp\/v2\/types\/post"}],"author":[{"embeddable":true,"href":"https:\/\/www.parafiawierzbno.com.pl\/index.php?rest_route=\/wp\/v2\/users\/1"}],"replies":[{"embeddable":true,"href":"https:\/\/www.parafiawierzbno.com.pl\/index.php?rest_route=%2Fwp%2Fv2%2Fcomments&post=5357"}],"version-history":[{"count":5,"href":"https:\/\/www.parafiawierzbno.com.pl\/index.php?rest_route=\/wp\/v2\/posts\/5357\/revisions"}],"predecessor-version":[{"id":5365,"href":"https:\/\/www.parafiawierzbno.com.pl\/index.php?rest_route=\/wp\/v2\/posts\/5357\/revisions\/5365"}],"wp:attachment":[{"href":"https:\/\/www.parafiawierzbno.com.pl\/index.php?rest_route=%2Fwp%2Fv2%2Fmedia&parent=5357"}],"wp:term":[{"taxonomy":"category","embeddable":true,"href":"https:\/\/www.parafiawierzbno.com.pl\/index.php?rest_route=%2Fwp%2Fv2%2Fcategories&post=5357"},{"taxonomy":"post_tag","embeddable":true,"href":"https:\/\/www.parafiawierzbno.com.pl\/index.php?rest_route=%2Fwp%2Fv2%2Ftags&post=5357"}],"curies":[{"name":"wp","href":"https:\/\/api.w.org\/{rel}","templated":true}]}}