{"id":5372,"date":"2017-05-27T07:41:14","date_gmt":"2017-05-27T05:41:14","guid":{"rendered":"https:\/\/www.parafiawierzbno.com.pl\/?p=5372"},"modified":"2017-05-27T07:41:14","modified_gmt":"2017-05-27T05:41:14","slug":"13-maja-uroczyste-nabozenstwo-fatimskie","status":"publish","type":"post","link":"https:\/\/www.parafiawierzbno.com.pl\/?p=5372","title":{"rendered":"13 maja \u2013 Uroczyste Nabo\u017ce\u0144stwo Fatimskie"},"content":{"rendered":"<p style=\"text-align: justify;\"><a href=\"https:\/\/www.parafiawierzbno.com.pl\/wp-content\/uploads\/2017\/05\/IMG_2428_zmie\u0144-rozmiar.jpg\" rel=\"attachment wp-att-5377\"><img loading=\"lazy\" class=\"size-medium wp-image-5377 alignleft\" src=\"https:\/\/www.parafiawierzbno.com.pl\/wp-content\/uploads\/2017\/05\/IMG_2428_zmie\u0144-rozmiar-200x300.jpg\" alt=\"IMG_2428_zmie\u0144 rozmiar\" width=\"200\" height=\"300\" srcset=\"https:\/\/www.parafiawierzbno.com.pl\/wp-content\/uploads\/2017\/05\/IMG_2428_zmie\u0144-rozmiar-200x300.jpg 200w, https:\/\/www.parafiawierzbno.com.pl\/wp-content\/uploads\/2017\/05\/IMG_2428_zmie\u0144-rozmiar-768x1152.jpg 768w, https:\/\/www.parafiawierzbno.com.pl\/wp-content\/uploads\/2017\/05\/IMG_2428_zmie\u0144-rozmiar-683x1024.jpg 683w, https:\/\/www.parafiawierzbno.com.pl\/wp-content\/uploads\/2017\/05\/IMG_2428_zmie\u0144-rozmiar-100x150.jpg 100w, https:\/\/www.parafiawierzbno.com.pl\/wp-content\/uploads\/2017\/05\/IMG_2428_zmie\u0144-rozmiar.jpg 1024w\" sizes=\"(max-width: 200px) 100vw, 200px\" \/><\/a>W sobot\u0119 13 maja w naszej parafii \u0142\u0105czyli\u015bmy si\u0119 duchowo z Fatim\u0105 w 100. rocznic\u0119 objawie\u0144 Matki Bo\u017cej. Na Eucharysti\u0119 o godz. 18.00 przyby\u0142o wiele parafian, aby modli\u0107 si\u0119 o \u0142aski zdrowia i przemiany serc. Po Mszy \u015bw. z figur\u0105 Matki Bo\u017cej Fatimskiej i du\u017cym drewnianym r\u00f3\u017ca\u0144cem niesionym przez dzieci ruszyli\u015bmy ulicami Wierzbna, rozwa\u017caj\u0105c tajemnice chwalebne r\u00f3\u017ca\u0144ca.<\/p>\n<p style=\"text-align: justify;\">Podczas pierwszego objawienia 13 maja 1917 r. Pi\u0119kna Pani stoj\u0105ca na ga\u0142\u0119zi d\u0119bu prosi\u0142a dzieci o modlitw\u0119 r\u00f3\u017ca\u0144cow\u0105 i pokut\u0119 jako wynagrodzenie za grzechy kt\u00f3rymi Pan B\u00f3g jest ci\u0105gle obra\u017cany. Matka Bo\u017ca powiedzia\u0142a \u0141ucji, Franciszkowi i Hiacyncie: \u201eOdmawiajcie codziennie r\u00f3\u017caniec, aby uprosi\u0107 pok\u00f3j na \u015bwiata i zako\u0144czenie wojny. B\u0119dziecie musia\u0142y wiele wycierpie\u0107, ale \u0142aska Bo\u017ca b\u0119dzie wasz\u0105 si\u0142\u0105&#8221;.<\/p>\n<p style=\"text-align: justify;\">Trzeba podj\u0105\u0107 wezwanie Maryi, naszej niebieskiej Matki, aby w r\u00f3\u017ca\u0144cu wymadla\u0107 pok\u00f3j dla \u015bwiata oraz jedno\u015b\u0107 i mi\u0142o\u015b\u0107 w rodzinach. Szatan prowadzi walk\u0119 z<a href=\"https:\/\/www.parafiawierzbno.com.pl\/wp-content\/uploads\/2017\/05\/IMG_2390_zmie\u0144-rozmiar.jpg\" rel=\"attachment wp-att-5375\"><img loading=\"lazy\" class=\"size-medium wp-image-5375 alignright\" src=\"https:\/\/www.parafiawierzbno.com.pl\/wp-content\/uploads\/2017\/05\/IMG_2390_zmie\u0144-rozmiar-300x200.jpg\" alt=\"IMG_2390_zmie\u0144 rozmiar\" width=\"300\" height=\"200\" srcset=\"https:\/\/www.parafiawierzbno.com.pl\/wp-content\/uploads\/2017\/05\/IMG_2390_zmie\u0144-rozmiar-300x200.jpg 300w, https:\/\/www.parafiawierzbno.com.pl\/wp-content\/uploads\/2017\/05\/IMG_2390_zmie\u0144-rozmiar-768x512.jpg 768w, https:\/\/www.parafiawierzbno.com.pl\/wp-content\/uploads\/2017\/05\/IMG_2390_zmie\u0144-rozmiar-1024x683.jpg 1024w, https:\/\/www.parafiawierzbno.com.pl\/wp-content\/uploads\/2017\/05\/IMG_2390_zmie\u0144-rozmiar-225x150.jpg 225w, https:\/\/www.parafiawierzbno.com.pl\/wp-content\/uploads\/2017\/05\/IMG_2390_zmie\u0144-rozmiar-150x100.jpg 150w, https:\/\/www.parafiawierzbno.com.pl\/wp-content\/uploads\/2017\/05\/IMG_2390_zmie\u0144-rozmiar.jpg 1152w\" sizes=\"(max-width: 300px) 100vw, 300px\" \/><\/a> chrze\u015bcija\u0144skimi rodzinami, aby si\u0119 o tym przekona\u0107 wystarczy spojrze\u0107 na szar\u0105 codzienno\u015b\u0107 w Europie XXI wieku. Na naszych oczach depcze si\u0119 warto\u015b\u0107 i godno\u015b\u0107 sakramentu ma\u0142\u017ce\u0144stwa. Bo niemal codzienno\u015bci\u0105 jest to, \u017ce m\u0142odzi zamieszkuj\u0105 ze sob\u0105 przed \u015blubem. Bo czysto\u015b\u0107 przedma\u0142\u017ce\u0144ska jest wy\u015bmiewana. Bo wierno\u015b\u0107 ma\u0142\u017ce\u0144ska jest traktowana jako prze\u017cytek. Programy i filmy ogl\u0105dane tak\u017ce przez dzieci, jako &#8222;normalne&#8221; przedstawiaj\u0105 rodziny rozbite, po rozwodach. I co gorsze, jako normalne przedstawia si\u0119 zwi\u0105zki jednop\u0142ciowe, a aborcj\u0119 traktuje si\u0119 jako &#8222;prawo kobiety&#8221;! A je\u015bli jaka\u015b para ma\u0142\u017ce\u0144ska nie stosuje antykoncepcji, to jest wy\u015bmiewana. Mo\u017cna wymienia\u0107 jeszcze wiele sfer rodzinnego \u017cycia, w kt\u00f3re uderza szatan. Dlatego Chrystus przypomina: ma\u0142\u017ce\u0144stwo jest obrazem Bo\u017cej mi\u0142o\u015bci i to w rodzinach mamy piel\u0119gnowa\u0107 dar wiary i uczy\u0107 si\u0119 modlitwy. Otoczmy modlitw\u0105 r\u00f3\u017ca\u0144cow\u0105 nasze rodziny. Dzi\u0119kuj\u0119 Bogu za wszystkie rodziny otwarte na przyj\u0119cie kolejnego dziecka. Nasz rodak, \u015bw. Jan Pawe\u0142 II cz\u0119sto podkre\u015bla\u0142, \u017ce przysz\u0142o\u015b\u0107 \u015bwiata i Ko\u015bcio\u0142a idzie przez rodzin\u0119.<\/p>\n<p style=\"text-align: justify;\"><a href=\"https:\/\/www.parafiawierzbno.com.pl\/wp-content\/uploads\/2017\/05\/IMG_2426_zmie\u0144-rozmiar.jpg\" rel=\"attachment wp-att-5376\"><img loading=\"lazy\" class=\"size-medium wp-image-5376 alignleft\" src=\"https:\/\/www.parafiawierzbno.com.pl\/wp-content\/uploads\/2017\/05\/IMG_2426_zmie\u0144-rozmiar-300x200.jpg\" alt=\"IMG_2426_zmie\u0144 rozmiar\" width=\"300\" height=\"200\" srcset=\"https:\/\/www.parafiawierzbno.com.pl\/wp-content\/uploads\/2017\/05\/IMG_2426_zmie\u0144-rozmiar-300x200.jpg 300w, https:\/\/www.parafiawierzbno.com.pl\/wp-content\/uploads\/2017\/05\/IMG_2426_zmie\u0144-rozmiar-768x512.jpg 768w, https:\/\/www.parafiawierzbno.com.pl\/wp-content\/uploads\/2017\/05\/IMG_2426_zmie\u0144-rozmiar-1024x683.jpg 1024w, https:\/\/www.parafiawierzbno.com.pl\/wp-content\/uploads\/2017\/05\/IMG_2426_zmie\u0144-rozmiar-225x150.jpg 225w, https:\/\/www.parafiawierzbno.com.pl\/wp-content\/uploads\/2017\/05\/IMG_2426_zmie\u0144-rozmiar-150x100.jpg 150w, https:\/\/www.parafiawierzbno.com.pl\/wp-content\/uploads\/2017\/05\/IMG_2426_zmie\u0144-rozmiar.jpg 1152w\" sizes=\"(max-width: 300px) 100vw, 300px\" \/><\/a>Dzi\u0119kuj\u0119 za wsp\u00f3ln\u0105 modlitw\u0119! Cieszy fakt, \u017ce wiele os\u00f3b zaanga\u017cowa\u0142o si\u0119 w przygotowanie nabo\u017ce\u0144stwa Fatimskiego i \u015bpiew. Rozwa\u017cali\u015bmy tajemnice chwalebne i aby g\u0142\u0119biej wnikn\u0105\u0107 w ich tre\u015b\u0107 zosta\u0142y przygotowane dialogi przez Agnieszk\u0119 Leszko. Wyra\u017cam wdzi\u0119czno\u015b\u0107 mieszka\u0144com Lasu Jaworskiego i Helenowa za prezentacj\u0119 I tajemnicy Zmartwychwstanie Chrystusa, m\u0142odzie\u017cy z klasy II gimnazjum (tajemnica Wniebowst\u0105pienia Pa\u0144skiego), dzieciom z klasy V i VI (tajemnica Zes\u0142ania Ducha \u015awi\u0119tego), mieszka\u0144com Wierzbna (tajemnica Wniebowzi\u0119cia NMP) oraz mieszka\u0144com \u015awidna i Adamowa (tajemnica Ukoronowania NMP). Dzieci, kt\u00f3re wcieli\u0142y si\u0119 w rol\u0119 Maryi, \u0141ucji, Hiacynty i Franciszka, przybli\u017cy\u0142y nam tre\u015b\u0107 or\u0119dzia fatimskiego. \u00a0Druhowie stra\u017cacy czuwali na bezpiecze\u0144stwem przemarszu ca\u0142ej kolumny i zapraszamy Was na kolejne nabo\u017ce\u0144stwo we wtorek 13 czerwca o godz. 18.00.<\/p>\n<p style=\"text-align: right;\">\u00a0Z pami\u0119ci\u0105 o rodzinach w modlitwie r\u00f3\u017ca\u0144cowej \u2013 ks. Kazimierz.<\/p>\n","protected":false},"excerpt":{"rendered":"<p>W sobot\u0119 13 maja w naszej parafii \u0142\u0105czyli\u015bmy si\u0119 duchowo z Fatim\u0105 w 100. rocznic\u0119 objawie\u0144 Matki Bo\u017cej. Na Eucharysti\u0119 o godz. 18.00 przyby\u0142o wiele parafian, aby modli\u0107 si\u0119 o \u0142aski zdrowia i przemiany serc. Po Mszy \u015bw. z figur\u0105 Matki Bo\u017cej Fatimskiej i du\u017cym drewnianym r\u00f3\u017ca\u0144cem niesionym przez dzieci ruszyli\u015bmy ulicami Wierzbna, rozwa\u017caj\u0105c tajemnice chwalebne r\u00f3\u017ca\u0144ca. Podczas pierwszego objawienia 13 maja 1917 r. Pi\u0119kna Pani stoj\u0105ca na ga\u0142\u0119zi d\u0119bu prosi\u0142a dzieci o modlitw\u0119 r\u00f3\u017ca\u0144cow\u0105 i pokut\u0119 jako wynagrodzenie za grzechy kt\u00f3rymi Pan B\u00f3g jest ci\u0105gle obra\u017cany. Matka Bo\u017ca powiedzia\u0142a \u0141ucji, Franciszkowi i Hiacyncie: \u201eOdmawiajcie codziennie r\u00f3\u017caniec, aby uprosi\u0107 pok\u00f3j na \u015bwiata i zako\u0144czenie wojny. B\u0119dziecie musia\u0142y wiele wycierpie\u0107, ale \u0142aska Bo\u017ca b\u0119dzie wasz\u0105 si\u0142\u0105&#8221;. Trzeba podj\u0105\u0107 wezwanie Maryi, naszej niebieskiej Matki, aby w r\u00f3\u017ca\u0144cu wymadla\u0107 pok\u00f3j dla \u015bwiata oraz jedno\u015b\u0107 i mi\u0142o\u015b\u0107 w rodzinach. Szatan prowadzi walk\u0119 z chrze\u015bcija\u0144skimi rodzinami, aby si\u0119 o tym przekona\u0107 wystarczy spojrze\u0107 na szar\u0105 \u2026 <a class=\"continue-reading-link\" href=\"https:\/\/www.parafiawierzbno.com.pl\/?p=5372\">Czytaj dalej <span class=\"meta-nav\">&rarr; <\/span><\/a><\/p>\n","protected":false},"author":1,"featured_media":0,"comment_status":"closed","ping_status":"closed","sticky":false,"template":"","format":"standard","meta":{"ngg_post_thumbnail":0},"categories":[1],"tags":[],"_links":{"self":[{"href":"https:\/\/www.parafiawierzbno.com.pl\/index.php?rest_route=\/wp\/v2\/posts\/5372"}],"collection":[{"href":"https:\/\/www.parafiawierzbno.com.pl\/index.php?rest_route=\/wp\/v2\/posts"}],"about":[{"href":"https:\/\/www.parafiawierzbno.com.pl\/index.php?rest_route=\/wp\/v2\/types\/post"}],"author":[{"embeddable":true,"href":"https:\/\/www.parafiawierzbno.com.pl\/index.php?rest_route=\/wp\/v2\/users\/1"}],"replies":[{"embeddable":true,"href":"https:\/\/www.parafiawierzbno.com.pl\/index.php?rest_route=%2Fwp%2Fv2%2Fcomments&post=5372"}],"version-history":[{"count":4,"href":"https:\/\/www.parafiawierzbno.com.pl\/index.php?rest_route=\/wp\/v2\/posts\/5372\/revisions"}],"predecessor-version":[{"id":5380,"href":"https:\/\/www.parafiawierzbno.com.pl\/index.php?rest_route=\/wp\/v2\/posts\/5372\/revisions\/5380"}],"wp:attachment":[{"href":"https:\/\/www.parafiawierzbno.com.pl\/index.php?rest_route=%2Fwp%2Fv2%2Fmedia&parent=5372"}],"wp:term":[{"taxonomy":"category","embeddable":true,"href":"https:\/\/www.parafiawierzbno.com.pl\/index.php?rest_route=%2Fwp%2Fv2%2Fcategories&post=5372"},{"taxonomy":"post_tag","embeddable":true,"href":"https:\/\/www.parafiawierzbno.com.pl\/index.php?rest_route=%2Fwp%2Fv2%2Ftags&post=5372"}],"curies":[{"name":"wp","href":"https:\/\/api.w.org\/{rel}","templated":true}]}}