{"id":5384,"date":"2017-06-04T22:21:24","date_gmt":"2017-06-04T20:21:24","guid":{"rendered":"https:\/\/www.parafiawierzbno.com.pl\/?p=5384"},"modified":"2017-06-04T22:21:24","modified_gmt":"2017-06-04T20:21:24","slug":"nasze-serca-dla-jezusa-pierwsza-komunia-swieta-21-maja","status":"publish","type":"post","link":"https:\/\/www.parafiawierzbno.com.pl\/?p=5384","title":{"rendered":"Nasze serca dla Jezusa \u2013 Pierwsza Komunia \u015bwi\u0119ta (21 maja)"},"content":{"rendered":"<p style=\"text-align: justify;\"><a href=\"https:\/\/www.parafiawierzbno.com.pl\/wp-content\/uploads\/2017\/06\/DSCN0583_zmie\u0144-rozmiar.jpg\" rel=\"attachment wp-att-5387\"><img loading=\"lazy\" class=\"size-large wp-image-5387 aligncenter\" src=\"https:\/\/www.parafiawierzbno.com.pl\/wp-content\/uploads\/2017\/06\/DSCN0583_zmie\u0144-rozmiar-1024x768.jpg\" alt=\"DSCN0583_zmie\u0144 rozmiar\" width=\"650\" height=\"488\" srcset=\"https:\/\/www.parafiawierzbno.com.pl\/wp-content\/uploads\/2017\/06\/DSCN0583_zmie\u0144-rozmiar.jpg 1024w, https:\/\/www.parafiawierzbno.com.pl\/wp-content\/uploads\/2017\/06\/DSCN0583_zmie\u0144-rozmiar-300x225.jpg 300w, https:\/\/www.parafiawierzbno.com.pl\/wp-content\/uploads\/2017\/06\/DSCN0583_zmie\u0144-rozmiar-768x576.jpg 768w, https:\/\/www.parafiawierzbno.com.pl\/wp-content\/uploads\/2017\/06\/DSCN0583_zmie\u0144-rozmiar-200x150.jpg 200w, https:\/\/www.parafiawierzbno.com.pl\/wp-content\/uploads\/2017\/06\/DSCN0583_zmie\u0144-rozmiar-150x113.jpg 150w\" sizes=\"(max-width: 650px) 100vw, 650px\" \/><\/a>Ojciec \u015bw. Franciszek zrobi\u0142 dzieciom wielki prezent zaliczaj\u0105c 13 maja do grona \u015bwi\u0119tych pastuszk\u00f3w z Fatimy, 10-letni\u0105 Hiacynt\u0119 i 11-letniego Franciszka Marto. Ufam, \u017ce ich or\u0119downictwo w niebie b\u0119dzie wielk\u0105 pomoc\u0105 dla dzieci, kt\u00f3re przyj\u0119\u0142y w naszej parafii Pierwsz\u0105 Komuni\u0119 \u015bwi\u0119t\u0105, aby w ka\u017cd\u0105 niedziel\u0119 gorliwie uczestniczy\u0142y w Eucharystii i z rado\u015bci\u0105 zaprasza\u0142y Pana Jezusa do\u00a0 czystych serduszek. Dekoracj\u0119 przed o\u0142tarzem utworzy\u0142y serca z imionami dzieci (Klaudii, Magdy, Martyny, Marii, Justyny, Klaudii, Jakuba, Bartosza i Marcina) oraz wielkie serce z napisem: \u201eNasze serca dla Jezusa\u201d.<\/p>\n<p style=\"text-align: justify;\">Matka Bo\u017ca, objawiaj\u0105c si\u0119 13 maja 1917 roku \u0141ucji, Hiacyncie i Franciszkowi, gor\u0105co prosi\u0142a, aby modlili si\u0119 za nawr\u00f3cenie grzesznik\u00f3w i odmawiali r\u00f3\u017caniec o pok\u00f3j na \u015bwiecie. Dzieci fatimskie ch\u0119tnie podj\u0119\u0142y modlitw\u0119 i r\u00f3\u017cne umartwienia, aby pokutowa\u0107 za grzesznik\u00f3w. Ma\u0142a Hiacynta powtarza\u0142a: \u201eTak si\u0119 ciesz\u0119, \u017ce mog\u0119 powiedzie\u0107 Jezusowi, \u017ce Go kocham! Kiedy Mu to m\u00f3wi\u0119 wiele razy, wydaje si\u0119, \u017ce mam ogie\u0144 w piersi, kt\u00f3ry mnie jednak nie pali\u201d. Dnia 13 sierpnia dzieci zosta\u0142y zatrzymane przez starost\u0119, osadzone w wi\u0119zieniu i przes\u0142uchiwane. \u0141ucja wspomina. \u201eKiedy\u015bmy odmawiali R\u00f3\u017caniec w wi\u0119zieniu, Franciszek zauwa\u017cy\u0142, \u017ce jeden z wi\u0119\u017ani\u00f3w kl\u0119czy w berecie na g\u0142owie. Podszed\u0142 do niego i powiedzia\u0142 mu: Je\u015bli pan chce si\u0119 modli\u0107, to prosz\u0119 zdj\u0105\u0107 beret. Wi\u0119zie\u0144 odda\u0142 mu beret bez sprzeciwu. A gdy przes\u0142uchiwano Hiacynt\u0119 Franciszek z rado\u015bci\u0105 i spokojem powiedzia\u0142: Je\u015bli nas naprawd\u0119 zabij\u0105, b\u0119dziemy nied\u0142ugo w niebie! Wspaniale! Mnie nie zale\u017cy na niczym innym\u201d.\u00a0 W pa\u017adzierniku 1918 r. Franciszek zachorowa\u0142 na gryp\u0119 hiszpank\u0119 i bardzo cierpia\u0142. Odmawia\u0142 wiele r\u00f3\u017ca\u0144c\u00f3w i pragn\u0105\u0142 Jezusa w Komunii \u015bw. Wtenczas do Pierwszej Komunii \u015bw. przyst\u0119powa\u0142y dzieci, gdy uko\u0144czy\u0142y 12 lat, a on by\u0142 jeszcze za ma\u0142y. Stan jego zdrowia si\u0119 pogorszy\u0142 i 2 kwietnia1919 r. Franek przyst\u0105pi\u0142 do swojej pierwszej spowiedzi, a nast\u0119pnego dnia otrzyma\u0142 Pierwsz\u0105 Komuni\u0119 \u015bw., kt\u00f3ra okaza\u0142a si\u0119 te\u017c ostatni\u0105. Po przyj\u0119ciu Chrystusa w Komunii \u015bw. Franciszek wyszepta\u0142 do Hiacynty: \u201eDzisiaj jestem szcz\u0119\u015bliwszy od ciebie, dlatego \u017ce mam w moim sercu Pana Jezusa ukrytego. Id\u0119 do nieba, ale tam b\u0119d\u0119 bardzo prosi\u0142 Pana Jezusa i Nasz\u0105 Pani\u0105, aby was tak\u017ce zabrali nied\u0142ugo do siebie\u201d. Hiacynta r\u00f3wnie\u017c zarazi\u0142a si\u0119 gryp\u0105 hiszpank\u0105. Gor\u0105co pragn\u0119\u0142a przyj\u0105\u0107 Komuni\u0119 \u015bw., a to pragnienie podczas choroby stale wzrasta\u0142o. Spyta\u0142a \u0141ucj\u0119: \u201eCzy w niebie te\u017c przyjmuje si\u0119 Komuni\u0119 \u015bw.? Je\u015bli tam si\u0119 dostaje Komuni\u0119 \u015bw., to ja b\u0119d\u0119 j\u0105 przyjmowa\u0107 codziennie. Gdyby tak anio\u0142 przyszed\u0142 do szpitala, aby mi przynie\u015b\u0107 Komuni\u0119 \u015bw.! Jakbym si\u0119 cieszy\u0142a!\u201d Tu\u017c przed \u015bmierci\u0105 zd\u0105\u017cy\u0142a si\u0119 wyspowiada\u0107, ale nast\u0119pnego dnia Pan Jezus zabra\u0142 j\u0105 do wieczno\u015bci i nie zd\u0105\u017cy\u0142a przyj\u0105\u0107 Pierwszej Komunii \u015bw. Niech ci \u015bwi\u0119ci pastuszkowie z Fatimy ucz\u0105 nas z gorliwo\u015bci\u0105 i mi\u0142o\u015bci\u0105 przyjmowa\u0107 Chrystusa w Komunii \u015bw., a tak\u017ce wzmacniaj\u0105 w naszych sercach pragnienie nieba.<\/p>\n<p style=\"text-align: justify;\">Cieszy mnie, \u017ce trzech ch\u0142opc\u00f3w, kt\u00f3rzy 21 maja w Wierzbnie przyj\u0119li Pierwsza Komuni\u0119 \u015bw., zaczyna s\u0142u\u017cy\u0107 przy o\u0142tarzu i chc\u0105 zosta\u0107 ministrantami. Dziewczynki maj\u0105 propozycj\u0119, aby sypa\u0107 kwiatki przed Panem Jezusem na procesji Bo\u017cego Cia\u0142a. Serdecznie dzi\u0119kuj\u0119 rodzicom za dobr\u0105 wsp\u00f3\u0142prac\u0119 w ci\u0105gu ca\u0142ego roku przygotowa\u0144. Szczeg\u00f3ln\u0105 wdzi\u0119czno\u015b\u0107 wyra\u017camy katechetce p. Marcie Korzeniak za trud katechizacji i przygotowanie dzieci do pierwszej spowiedzi i Komunii \u015bw. Z wdzi\u0119czno\u015bci\u0105 Panu Jezusowi za wszystko \u2013 ks. Kazimierz J\u00f3\u017awik.<\/p>\n","protected":false},"excerpt":{"rendered":"<p>Ojciec \u015bw. Franciszek zrobi\u0142 dzieciom wielki prezent zaliczaj\u0105c 13 maja do grona \u015bwi\u0119tych pastuszk\u00f3w z Fatimy, 10-letni\u0105 Hiacynt\u0119 i 11-letniego Franciszka Marto. Ufam, \u017ce ich or\u0119downictwo w niebie b\u0119dzie wielk\u0105 pomoc\u0105 dla dzieci, kt\u00f3re przyj\u0119\u0142y w naszej parafii Pierwsz\u0105 Komuni\u0119 \u015bwi\u0119t\u0105, aby w ka\u017cd\u0105 niedziel\u0119 gorliwie uczestniczy\u0142y w Eucharystii i z rado\u015bci\u0105 zaprasza\u0142y Pana Jezusa do\u00a0 czystych serduszek. Dekoracj\u0119 przed o\u0142tarzem utworzy\u0142y serca z imionami dzieci (Klaudii, Magdy, Martyny, Marii, Justyny, Klaudii, Jakuba, Bartosza i Marcina) oraz wielkie serce z napisem: \u201eNasze serca dla Jezusa\u201d. Matka Bo\u017ca, objawiaj\u0105c si\u0119 13 maja 1917 roku \u0141ucji, Hiacyncie i Franciszkowi, gor\u0105co prosi\u0142a, aby modlili si\u0119 za nawr\u00f3cenie grzesznik\u00f3w i odmawiali r\u00f3\u017caniec o pok\u00f3j na \u015bwiecie. Dzieci fatimskie ch\u0119tnie podj\u0119\u0142y modlitw\u0119 i r\u00f3\u017cne umartwienia, aby pokutowa\u0107 za grzesznik\u00f3w. Ma\u0142a Hiacynta powtarza\u0142a: \u201eTak si\u0119 ciesz\u0119, \u017ce mog\u0119 powiedzie\u0107 Jezusowi, \u017ce Go kocham! Kiedy Mu to m\u00f3wi\u0119 wiele razy, wydaje si\u0119, \u017ce mam ogie\u0144 w piersi, \u2026 <a class=\"continue-reading-link\" href=\"https:\/\/www.parafiawierzbno.com.pl\/?p=5384\">Czytaj dalej <span class=\"meta-nav\">&rarr; <\/span><\/a><\/p>\n","protected":false},"author":1,"featured_media":0,"comment_status":"closed","ping_status":"closed","sticky":false,"template":"","format":"standard","meta":{"ngg_post_thumbnail":0},"categories":[1],"tags":[],"_links":{"self":[{"href":"https:\/\/www.parafiawierzbno.com.pl\/index.php?rest_route=\/wp\/v2\/posts\/5384"}],"collection":[{"href":"https:\/\/www.parafiawierzbno.com.pl\/index.php?rest_route=\/wp\/v2\/posts"}],"about":[{"href":"https:\/\/www.parafiawierzbno.com.pl\/index.php?rest_route=\/wp\/v2\/types\/post"}],"author":[{"embeddable":true,"href":"https:\/\/www.parafiawierzbno.com.pl\/index.php?rest_route=\/wp\/v2\/users\/1"}],"replies":[{"embeddable":true,"href":"https:\/\/www.parafiawierzbno.com.pl\/index.php?rest_route=%2Fwp%2Fv2%2Fcomments&post=5384"}],"version-history":[{"count":3,"href":"https:\/\/www.parafiawierzbno.com.pl\/index.php?rest_route=\/wp\/v2\/posts\/5384\/revisions"}],"predecessor-version":[{"id":5388,"href":"https:\/\/www.parafiawierzbno.com.pl\/index.php?rest_route=\/wp\/v2\/posts\/5384\/revisions\/5388"}],"wp:attachment":[{"href":"https:\/\/www.parafiawierzbno.com.pl\/index.php?rest_route=%2Fwp%2Fv2%2Fmedia&parent=5384"}],"wp:term":[{"taxonomy":"category","embeddable":true,"href":"https:\/\/www.parafiawierzbno.com.pl\/index.php?rest_route=%2Fwp%2Fv2%2Fcategories&post=5384"},{"taxonomy":"post_tag","embeddable":true,"href":"https:\/\/www.parafiawierzbno.com.pl\/index.php?rest_route=%2Fwp%2Fv2%2Ftags&post=5384"}],"curies":[{"name":"wp","href":"https:\/\/api.w.org\/{rel}","templated":true}]}}