{"id":5389,"date":"2017-06-04T22:57:54","date_gmt":"2017-06-04T20:57:54","guid":{"rendered":"https:\/\/www.parafiawierzbno.com.pl\/?p=5389"},"modified":"2017-06-04T22:57:54","modified_gmt":"2017-06-04T20:57:54","slug":"drogocenny-jubilat","status":"publish","type":"post","link":"https:\/\/www.parafiawierzbno.com.pl\/?p=5389","title":{"rendered":"Drogocenny Jubilat"},"content":{"rendered":"<p style=\"text-align: justify;\"><a href=\"https:\/\/www.parafiawierzbno.com.pl\/wp-content\/uploads\/2017\/06\/DSCN0595_zmie\u0144-rozmiar.jpg\" rel=\"attachment wp-att-5394\"><img loading=\"lazy\" class=\"size-medium wp-image-5394 alignleft\" src=\"https:\/\/www.parafiawierzbno.com.pl\/wp-content\/uploads\/2017\/06\/DSCN0595_zmie\u0144-rozmiar-300x225.jpg\" alt=\"DSCN0595_zmie\u0144 rozmiar\" width=\"300\" height=\"225\" srcset=\"https:\/\/www.parafiawierzbno.com.pl\/wp-content\/uploads\/2017\/06\/DSCN0595_zmie\u0144-rozmiar-300x225.jpg 300w, https:\/\/www.parafiawierzbno.com.pl\/wp-content\/uploads\/2017\/06\/DSCN0595_zmie\u0144-rozmiar-768x576.jpg 768w, https:\/\/www.parafiawierzbno.com.pl\/wp-content\/uploads\/2017\/06\/DSCN0595_zmie\u0144-rozmiar.jpg 1024w, https:\/\/www.parafiawierzbno.com.pl\/wp-content\/uploads\/2017\/06\/DSCN0595_zmie\u0144-rozmiar-200x150.jpg 200w, https:\/\/www.parafiawierzbno.com.pl\/wp-content\/uploads\/2017\/06\/DSCN0595_zmie\u0144-rozmiar-150x113.jpg 150w\" sizes=\"(max-width: 300px) 100vw, 300px\" \/><\/a>W uroczysto\u015b\u0107 Wniebowst\u0105pienia Pa\u0144skiego w naszej wsp\u00f3lnocie parafialnej dzi\u0119kowali\u015bmy Panu Bogu za dar kap\u0142a\u0144stwa ks. kanonika Stanis\u0142awa Abramczuka, kt\u00f3ry obchodzi sw\u00f3j z\u0142oty Jubileusz. M\u00f3wi\u0105c o swoim powo\u0142aniu Jubilat podkre\u015bli\u0142, \u017ce \u201ekap\u0142a\u0144stwo jest moj\u0105 mi\u0142o\u015bci\u0105! Kap\u0142a\u0144stwo kocham!\u201d i w ci\u0105gu 50 lat kap\u0142a\u0144skiej pos\u0142ugi uczy\u0142 swoich parafian \u017cy\u0107 S\u0142owem Bo\u017cym i ukazywa\u0142 im drog\u0119 do nieba.<\/p>\n<p style=\"text-align: justify;\">Ks. Stanis\u0142aw przyj\u0105\u0142 \u015bwi\u0119cenia kap\u0142a\u0144skie 20 maja 1967 r. z r\u0105k ks. Biskupa Wac\u0142awa Skomoruchy. Pierwsz\u0105 plac\u00f3wk\u0105 by\u0142 Krzesk, potem Motwica, Sadowne, parafia \u015bw. Anny w Bia\u0142ej Podlaskiej. Nast\u0119pnie pos\u0142uga duszpasterska w parafii katedralnej w Siedlcach i w Garwolinie. Ks. Stanis\u0142aw t\u0142umaczy\u0142 ludziom, \u017ce musi by\u0107 pos\u0142uszny biskupowi, jak \u017co\u0142nierz swemu dow\u00f3dcy. W tym czasie zdoby\u0142 ju\u017c du\u017ce do\u015bwiadczenie duszpasterskie i zosta\u0142 pos\u0142any na pierwsze probostwo do Kolembr\u00f3d, gdzie przygotowa\u0142 jubileusz 300-lecia parafii. A po 10 latach obj\u0105\u0142 na polecenie ks. Biskupa parafi\u0119 w Samogoszczy. Z wielk\u0105 gorliwo\u015bci\u0105 prowadzi\u0142 katechizacj\u0119 rodzin, co podnosi\u0142o frekwencj\u0119 na niedzielnych Mszach \u015bw. i dawa\u0142o wi\u0119ksze zrozumienie prawd wiary. Kolejn\u0105 parafi\u0105, gdzie ks. Stanis\u0142aw pe\u0142ni\u0142 funkcj\u0119 proboszcza by\u0142a \u017babianka, a nast\u0119pnie Brzozowica Du\u017ca. <a href=\"https:\/\/www.parafiawierzbno.com.pl\/wp-content\/uploads\/2017\/06\/DSCN0585_zmie\u0144-rozmiar.jpg\" rel=\"attachment wp-att-5392\"><img loading=\"lazy\" class=\"size-medium wp-image-5392 alignright\" src=\"https:\/\/www.parafiawierzbno.com.pl\/wp-content\/uploads\/2017\/06\/DSCN0585_zmie\u0144-rozmiar-300x225.jpg\" alt=\"DSCN0585_zmie\u0144 rozmiar\" width=\"300\" height=\"225\" srcset=\"https:\/\/www.parafiawierzbno.com.pl\/wp-content\/uploads\/2017\/06\/DSCN0585_zmie\u0144-rozmiar-300x225.jpg 300w, https:\/\/www.parafiawierzbno.com.pl\/wp-content\/uploads\/2017\/06\/DSCN0585_zmie\u0144-rozmiar-768x576.jpg 768w, https:\/\/www.parafiawierzbno.com.pl\/wp-content\/uploads\/2017\/06\/DSCN0585_zmie\u0144-rozmiar.jpg 1024w, https:\/\/www.parafiawierzbno.com.pl\/wp-content\/uploads\/2017\/06\/DSCN0585_zmie\u0144-rozmiar-200x150.jpg 200w, https:\/\/www.parafiawierzbno.com.pl\/wp-content\/uploads\/2017\/06\/DSCN0585_zmie\u0144-rozmiar-150x113.jpg 150w\" sizes=\"(max-width: 300px) 100vw, 300px\" \/><\/a>Po odej\u015bciu na emerytur\u0119, ju\u017c czwarty rok nasz Jubilat gorliwie uczestniczy w duszpasterzowaniu w Wierzbnie (pos\u0142uga w konfesjonale, przy o\u0142tarzu i na ambonie). W \u017cyciu naszego Jubilata wype\u0142niaj\u0105 si\u0119 s\u0142owa Ojca \u015bw. Franciszka, kt\u00f3re wypowiedzia\u0142 w lipcu ubieg\u0142ego roku w Sanktuarium \u015bw. Jana Paw\u0142a II w Krakowie: \u00a0\u201eTen, kt\u00f3ry zdecydowa\u0142 si\u0119 upodobni\u0107 ca\u0142e swoje \u017cycie do Jezusa, nie wybiera ju\u017c swoich w\u0142asnych miejsc, ale idzie tam, gdzie jest pos\u0142any; got\u00f3w odpowiedzie\u0107 Temu, Kt\u00f3ry go wzywa, nie wybiera ju\u017c nawet czasu dla siebie. (\u2026) Zadowolony w Panu, nie zadowala si\u0119 \u017cyciem przeci\u0119tnym, ale p\u0142onie pragnieniem \u015bwiadczenia i dotarcia do innych\u201d.<\/p>\n<p style=\"text-align: justify;\">\u017byczymy Drogiemu Jubilatowi wielu lat \u017cycia w zdrowiu i rado\u015bci w prowadzeniu wielu ludzi do nieba. Z modlitw\u0105 i wdzi\u0119czno\u015bci\u0105 &#8211; \u00a0ks. Kazimierz.<\/p>\n<p style=\"text-align: center;\">* * *<\/p>\n<p style=\"text-align: justify;\">W 21 numerze \u201e Echa Katolickiego\u201d mogli\u015bmy przeczyta\u0107 relacj\u0119 z jubileuszu 50-lecia \u015bwi\u0119ce\u0144 kap\u0142a\u0144skich, kt\u00f3ry mia\u0142 miejsce 19 maja w Katedrze Siedleckiej. Jeste\u015bmy wdzi\u0119czni za kap\u0142an\u00f3w \u015bwi\u0119tuj\u0105cych sw\u00f3j jubileusz. Jednemu z bohater\u00f3w uroczysto\u015bci, ksi\u0119dzu kanonikowi Stanis\u0142awowi Abramczukowi, chcia\u0142abym po\u015bwieci\u0107 kilka s\u0142\u00f3w.<br \/>\nMetafora zawarta w tytule tekstu stanowi odniesienie do fragmentu utworu Cypriana Kamila Norwida \u201e Za kulisami\u201d:<\/p>\n<p>\u201eGorej\u0105c nie wiesz, czy Stawasz si\u0119 wolny<br \/>\nCzy to, co twoje ma by\u0107 zatracone?<br \/>\nCzy popi\u00f3\u0142 tylko zostanie i zam\u0119t<br \/>\nCo idzie w przepa\u015b\u0107 z burz\u0105? \u2013 czy zostanie<br \/>\nNa dnie popio\u0142u gwia\u017adzisty dyjament<br \/>\nWiekuistego zwyci\u0119stwa zaranie\u201d.<\/p>\n<p style=\"text-align: justify;\">W\u015br\u00f3d wielu sentencji dotykaj\u0105cych kwestii przemijania, up\u0142ywu czasu te s\u0142owa wybra\u0142am za motto\u00a0 moich kr\u00f3tkich rozwa\u017ca\u0144.<\/p>\n<p style=\"text-align: justify;\">Od trzech lat w naszej wsp\u00f3lnocie parafialnej, tj. w Wierzbnie, mo\u017cemy korzysta\u0107 z pos\u0142ugi duszpasterskiej ksi\u0119dza Stanis\u0142awa. Z ca\u0142ego serca za ni\u0105 dzi\u0119kujemy. Do\u015bwiadczamy, operuj\u0105c j\u0119zykiem Norwidowskim, blasku dyjament\u00f3w jego kap\u0142a\u0144skiego powo\u0142ania, kt\u00f3rego nie os\u0142abia up\u0142yw czasu. Ja\u015bniej\u0105 pi\u0119knym blaskiem i promieniuj\u0105 na otoczenie. Otoczenie nas, wiernych. Tym drogocenny kamieniem s\u0105 homilie, kt\u00f3re pomagaj\u0105 nam zrozumie\u0107 s\u0142owo kierowane do nas przez Boga, zawsze zako\u0144czone\u00a0 \u015bwiadomym niedom\u00f3wieniem pobudzaj\u0105cym do refleksji, to pogoda ducha i u\u015bmiech stale goszcz\u0105cy na twarzy, to umiej\u0119tno\u015b\u0107 s\u0142uchania rodz\u0105ca ufno\u015b\u0107 i poczucie autentycznego zainteresowania naszymi problemami natury nie tylko duchowej, to wielka skromno\u015b\u0107, pokora i ciep\u0142o emanuj\u0105ce z osoby ksi\u0119dza, to \u2026.. Zapewne inni uzupe\u0142niliby moj\u0105 list\u0119 o kolejne diamenciki przypisane ksi\u0119dzu Abramczukowi.<br \/>\nW swoich wspomnieniach czcigodny jubilat napisa\u0142, \u017ce kap\u0142a\u0144stwo go fascynowa\u0142o, \u017ce kap\u0142a\u0144stwo kocha. Odczuwamy t\u0119 mi\u0142o\u015b\u0107, uczy nas ona mi\u0142o\u015bci do Boga i drugiego cz\u0142owieka, mobilizuje do weryfikacji w\u0142asnych postaw i zachowa\u0144.<br \/>\nW przypadku ksi\u0119dza Stanis\u0142awa czas jawi si\u0119 jako sprzymierzeniec. Szlifuje diamenty \u2013 jego pos\u0142uga nie idzie w zapomnienie, przeciwnie otwiera nasze serca i pomaga prostowa\u0107 drogi wiod\u0105ce do Stw\u00f3rcy. Ogromne bogactwo przy wspomnianej wcze\u015bniej osobistej skromno\u015bci. Dzi\u0119kujemy !<\/p>\n<p style=\"text-align: right;\">Ma\u0142gorzata W\u0105sowska<\/p>\n<p style=\"text-align: right;\"><a href=\"https:\/\/www.parafiawierzbno.com.pl\/wp-content\/uploads\/2017\/06\/ks.-Stanislaw.jpg\" rel=\"attachment wp-att-5395\"><img loading=\"lazy\" class=\"size-full wp-image-5395 aligncenter\" src=\"https:\/\/www.parafiawierzbno.com.pl\/wp-content\/uploads\/2017\/06\/ks.-Stanislaw.jpg\" alt=\"ks. Stanislaw\" width=\"725\" height=\"508\" srcset=\"https:\/\/www.parafiawierzbno.com.pl\/wp-content\/uploads\/2017\/06\/ks.-Stanislaw.jpg 725w, https:\/\/www.parafiawierzbno.com.pl\/wp-content\/uploads\/2017\/06\/ks.-Stanislaw-300x210.jpg 300w, https:\/\/www.parafiawierzbno.com.pl\/wp-content\/uploads\/2017\/06\/ks.-Stanislaw-214x150.jpg 214w, https:\/\/www.parafiawierzbno.com.pl\/wp-content\/uploads\/2017\/06\/ks.-Stanislaw-150x105.jpg 150w\" sizes=\"(max-width: 725px) 100vw, 725px\" \/><\/a><\/p>\n","protected":false},"excerpt":{"rendered":"<p>W uroczysto\u015b\u0107 Wniebowst\u0105pienia Pa\u0144skiego w naszej wsp\u00f3lnocie parafialnej dzi\u0119kowali\u015bmy Panu Bogu za dar kap\u0142a\u0144stwa ks. kanonika Stanis\u0142awa Abramczuka, kt\u00f3ry obchodzi sw\u00f3j z\u0142oty Jubileusz. M\u00f3wi\u0105c o swoim powo\u0142aniu Jubilat podkre\u015bli\u0142, \u017ce \u201ekap\u0142a\u0144stwo jest moj\u0105 mi\u0142o\u015bci\u0105! Kap\u0142a\u0144stwo kocham!\u201d i w ci\u0105gu 50 lat kap\u0142a\u0144skiej pos\u0142ugi uczy\u0142 swoich parafian \u017cy\u0107 S\u0142owem Bo\u017cym i ukazywa\u0142 im drog\u0119 do nieba. Ks. Stanis\u0142aw przyj\u0105\u0142 \u015bwi\u0119cenia kap\u0142a\u0144skie 20 maja 1967 r. z r\u0105k ks. Biskupa Wac\u0142awa Skomoruchy. Pierwsz\u0105 plac\u00f3wk\u0105 by\u0142 Krzesk, potem Motwica, Sadowne, parafia \u015bw. Anny w Bia\u0142ej Podlaskiej. Nast\u0119pnie pos\u0142uga duszpasterska w parafii katedralnej w Siedlcach i w Garwolinie. Ks. Stanis\u0142aw t\u0142umaczy\u0142 ludziom, \u017ce musi by\u0107 pos\u0142uszny biskupowi, jak \u017co\u0142nierz swemu dow\u00f3dcy. W tym czasie zdoby\u0142 ju\u017c du\u017ce do\u015bwiadczenie duszpasterskie i zosta\u0142 pos\u0142any na pierwsze probostwo do Kolembr\u00f3d, gdzie przygotowa\u0142 jubileusz 300-lecia parafii. A po 10 latach obj\u0105\u0142 na polecenie ks. Biskupa parafi\u0119 w Samogoszczy. Z wielk\u0105 gorliwo\u015bci\u0105 prowadzi\u0142 katechizacj\u0119 rodzin, co podnosi\u0142o frekwencj\u0119 na \u2026 <a class=\"continue-reading-link\" href=\"https:\/\/www.parafiawierzbno.com.pl\/?p=5389\">Czytaj dalej <span class=\"meta-nav\">&rarr; <\/span><\/a><\/p>\n","protected":false},"author":1,"featured_media":0,"comment_status":"closed","ping_status":"closed","sticky":false,"template":"","format":"standard","meta":{"ngg_post_thumbnail":0},"categories":[1],"tags":[],"_links":{"self":[{"href":"https:\/\/www.parafiawierzbno.com.pl\/index.php?rest_route=\/wp\/v2\/posts\/5389"}],"collection":[{"href":"https:\/\/www.parafiawierzbno.com.pl\/index.php?rest_route=\/wp\/v2\/posts"}],"about":[{"href":"https:\/\/www.parafiawierzbno.com.pl\/index.php?rest_route=\/wp\/v2\/types\/post"}],"author":[{"embeddable":true,"href":"https:\/\/www.parafiawierzbno.com.pl\/index.php?rest_route=\/wp\/v2\/users\/1"}],"replies":[{"embeddable":true,"href":"https:\/\/www.parafiawierzbno.com.pl\/index.php?rest_route=%2Fwp%2Fv2%2Fcomments&post=5389"}],"version-history":[{"count":6,"href":"https:\/\/www.parafiawierzbno.com.pl\/index.php?rest_route=\/wp\/v2\/posts\/5389\/revisions"}],"predecessor-version":[{"id":5399,"href":"https:\/\/www.parafiawierzbno.com.pl\/index.php?rest_route=\/wp\/v2\/posts\/5389\/revisions\/5399"}],"wp:attachment":[{"href":"https:\/\/www.parafiawierzbno.com.pl\/index.php?rest_route=%2Fwp%2Fv2%2Fmedia&parent=5389"}],"wp:term":[{"taxonomy":"category","embeddable":true,"href":"https:\/\/www.parafiawierzbno.com.pl\/index.php?rest_route=%2Fwp%2Fv2%2Fcategories&post=5389"},{"taxonomy":"post_tag","embeddable":true,"href":"https:\/\/www.parafiawierzbno.com.pl\/index.php?rest_route=%2Fwp%2Fv2%2Ftags&post=5389"}],"curies":[{"name":"wp","href":"https:\/\/api.w.org\/{rel}","templated":true}]}}