{"id":5416,"date":"2017-07-02T10:11:46","date_gmt":"2017-07-02T08:11:46","guid":{"rendered":"https:\/\/www.parafiawierzbno.com.pl\/?p=5416"},"modified":"2017-07-02T10:11:46","modified_gmt":"2017-07-02T08:11:46","slug":"20-21-czerwca-pielgrzymka-dzieci-komunijnych","status":"publish","type":"post","link":"https:\/\/www.parafiawierzbno.com.pl\/?p=5416","title":{"rendered":"20-21 czerwca: Pielgrzymka dzieci komunijnych"},"content":{"rendered":"<p style=\"text-align: justify;\"><a href=\"https:\/\/www.parafiawierzbno.com.pl\/wp-content\/uploads\/2017\/07\/DSCN0616_zmie\u0144-rozmiar.jpg\" rel=\"attachment wp-att-5420\"><img loading=\"lazy\" class=\"size-medium wp-image-5420 alignleft\" src=\"https:\/\/www.parafiawierzbno.com.pl\/wp-content\/uploads\/2017\/07\/DSCN0616_zmie\u0144-rozmiar-300x225.jpg\" alt=\"DSCN0616_zmie\u0144 rozmiar\" width=\"300\" height=\"225\" srcset=\"https:\/\/www.parafiawierzbno.com.pl\/wp-content\/uploads\/2017\/07\/DSCN0616_zmie\u0144-rozmiar-300x225.jpg 300w, https:\/\/www.parafiawierzbno.com.pl\/wp-content\/uploads\/2017\/07\/DSCN0616_zmie\u0144-rozmiar-768x576.jpg 768w, https:\/\/www.parafiawierzbno.com.pl\/wp-content\/uploads\/2017\/07\/DSCN0616_zmie\u0144-rozmiar.jpg 1024w, https:\/\/www.parafiawierzbno.com.pl\/wp-content\/uploads\/2017\/07\/DSCN0616_zmie\u0144-rozmiar-200x150.jpg 200w, https:\/\/www.parafiawierzbno.com.pl\/wp-content\/uploads\/2017\/07\/DSCN0616_zmie\u0144-rozmiar-150x113.jpg 150w\" sizes=\"(max-width: 300px) 100vw, 300px\" \/><\/a>W przededniu wakacji dzi\u0119ki Bo\u017cej Opatrzno\u015bci odby\u0142a si\u0119 pielgrzymka wdzi\u0119czno\u015bci dzieci za dar Pierwszej Komunii \u015bw. Ca\u0142a grupa liczy\u0142a 23 osoby (dzieci i mamy). Celem naszej wyprawy by\u0142y pi\u0119kne i s\u0142yn\u0105ce \u0142askami miejscowo\u015bci w p\u00f3\u0142nocno-wschodniej Polsce: Sok\u00f3\u0142ka Bia\u0142ostocka, Wigry, \u015awi\u0119ta Lipka i Gietrzwa\u0142d.<\/p>\n<p style=\"text-align: justify;\">A. W ka\u017cdej Eucharystii jeste\u015bmy \u015bwiadkami cudu. Podczas przeistoczenia chleb staje si\u0119 prawdziwym Cia\u0142em, a wino Krwi\u0105 Chrystusa Pana, chocia\u017c nie zmienia si\u0119 ich zewn\u0119trzny kszta\u0142t, zapach i smak. W pa\u017adzierniku 2008 roku w ko\u015bciele \u015bw. Antoniego w Sok\u00f3\u0142ce Bia\u0142ostockiej dokona\u0142o si\u0119 co\u015b szczeg\u00f3lnego. Kap\u0142anowi udzielaj\u0105cemu Komuni\u0119 \u015bwi\u0119t\u0105 upad\u0142 na stopie\u0144 o\u0142tarza konsekrowany komunikant czyli Cia\u0142o Chrystusa. Zgodnie z procedurami ko\u015bcielnymi ta hostia zosta\u0142a umieszczona w naczyniu z wod\u0105 (tzw. vasculum), aby si\u0119 mog\u0142a rozpu\u015bci\u0107. Siostra zakrystianka przenios\u0142a to naczynko do sejfu w zakrystii. Po tygodniu siostra Julia otworzywszy vasculum zobaczy\u0142a resztk\u0119 bia\u0142ego komunikanta zespolon\u0105 z czerwona plamk\u0105 wielko\u015bci paznokcia. Badania patomorfologiczne przeprowadzone na polecenie abpa Edwarda Ozorowskiego wykaza\u0142y, \u017ce badany fragment przybra\u0142 posta\u0107 tkanki mi\u0119\u015bnia sercowego cz\u0142owieka w stanie agonalnym. Cud eucharystyczny zosta\u0142 uznany przez ordynariusza bia\u0142ostockiego i od 2011 r. w specjalnym relikwiarzu znajduje si\u0119 w kaplicy r\u00f3\u017ca\u0144cowej w ko\u015bciele \u015bw. Antoniego. Obecnie tysi\u0105ce pielgrzym\u00f3w przybywa do Sok\u00f3\u0142ki, aby adorowa\u0107 Chrystusa w Naj\u015bwi\u0119tszym Sakramencie. We wtorek dzieci z naszej parafii adorowa\u0142y Pana Jezusa a podczas Eucharystii z wdzi\u0119czno\u015bci\u0105 przyj\u0119\u0142y Komuni\u0119 \u015bw. Obejrzeli\u015bmy r\u00f3wnie\u017c film, kt\u00f3ry ukazuje badania naukowe nad cudem eucharystycznym w Sok\u00f3\u0142ce i przytacza \u015bwiadectwa ludzi, obdarowanych szczeg\u00f3lnymi \u0142askami.<a href=\"https:\/\/www.parafiawierzbno.com.pl\/wp-content\/uploads\/2017\/07\/DSCN0614_zmie\u0144-rozmiar.jpg\" rel=\"attachment wp-att-5419\"><img loading=\"lazy\" class=\"size-medium wp-image-5419 alignright\" src=\"https:\/\/www.parafiawierzbno.com.pl\/wp-content\/uploads\/2017\/07\/DSCN0614_zmie\u0144-rozmiar-300x225.jpg\" alt=\"DSCN0614_zmie\u0144 rozmiar\" width=\"300\" height=\"225\" srcset=\"https:\/\/www.parafiawierzbno.com.pl\/wp-content\/uploads\/2017\/07\/DSCN0614_zmie\u0144-rozmiar-300x225.jpg 300w, https:\/\/www.parafiawierzbno.com.pl\/wp-content\/uploads\/2017\/07\/DSCN0614_zmie\u0144-rozmiar-768x576.jpg 768w, https:\/\/www.parafiawierzbno.com.pl\/wp-content\/uploads\/2017\/07\/DSCN0614_zmie\u0144-rozmiar.jpg 1024w, https:\/\/www.parafiawierzbno.com.pl\/wp-content\/uploads\/2017\/07\/DSCN0614_zmie\u0144-rozmiar-200x150.jpg 200w, https:\/\/www.parafiawierzbno.com.pl\/wp-content\/uploads\/2017\/07\/DSCN0614_zmie\u0144-rozmiar-150x113.jpg 150w\" sizes=\"(max-width: 300px) 100vw, 300px\" \/><\/a><\/p>\n<p style=\"text-align: justify;\">B. Z Sok\u00f3\u0142ki udali\u015bmy si\u0119 przez Suwa\u0142ki do by\u0142ego klasztoru kamedu\u0142\u00f3w malowniczo po\u0142o\u017conego na wzg\u00f3rzu nad jeziorem Wigry. Pierwotnie by\u0142a to wyspa, kt\u00f3r\u0105 po\u0142\u0105czono grobl\u0105 z l\u0105dem. W 1667 r. kr\u00f3l Jan Kazimierz podarowa\u0142 wysp\u0119, z okolicznymi jeziorami i du\u017cym obszarem puszczy kontemplacyjnemu zakonowi kamedu\u0142\u00f3w. Po trzecim rozbiorze Polski w 1796 r. w\u0142adze pruskie dokona\u0142y kasaty zakonu i kameduli zostali zmuszeni do opuszczenia tych teren\u00f3w. Pozosta\u0142y domki pustelnicze czyli eremy, w kt\u00f3rych obecnie nocuj\u0105 tury\u015bci. I my zamieszkali\u015bmy w eremach pustelniczych. Jednak szczeg\u00f3lnym wydarzeniem by\u0142 rejs po Wigrach stateczkiem, kt\u00f3rym p\u0142ywa\u0142 \u015bw. Jan Pawe\u0142 II w czerwcu 1999 r. przed przyjazdem do Siedlec i Drohiczyna. Ch\u0142opcy pr\u00f3bowali nawet swych umiej\u0119tno\u015bci za sterem \u201eTrytona\u201d. Podziwiali\u015bmy bajeczne krajobrazy: promienie s\u0142o\u0144ca w falach jeziora, r\u00f3\u017cnorodne ptactwo wodne i malownicze brzegi zaro\u015bni\u0119te trzcin\u0105 i krzewami.\u00a0 Nad Wigry chce si\u0119 ci\u0105gle powraca\u0107.<\/p>\n<p style=\"text-align: justify;\"><a href=\"https:\/\/www.parafiawierzbno.com.pl\/wp-content\/uploads\/2017\/07\/DSCN0648_zmie\u0144-rozmiar.jpg\" rel=\"attachment wp-att-5422\"><img loading=\"lazy\" class=\"size-medium wp-image-5422 alignleft\" src=\"https:\/\/www.parafiawierzbno.com.pl\/wp-content\/uploads\/2017\/07\/DSCN0648_zmie\u0144-rozmiar-300x225.jpg\" alt=\"DSCN0648_zmie\u0144 rozmiar\" width=\"300\" height=\"225\" srcset=\"https:\/\/www.parafiawierzbno.com.pl\/wp-content\/uploads\/2017\/07\/DSCN0648_zmie\u0144-rozmiar-300x225.jpg 300w, https:\/\/www.parafiawierzbno.com.pl\/wp-content\/uploads\/2017\/07\/DSCN0648_zmie\u0144-rozmiar-768x576.jpg 768w, https:\/\/www.parafiawierzbno.com.pl\/wp-content\/uploads\/2017\/07\/DSCN0648_zmie\u0144-rozmiar.jpg 1024w, https:\/\/www.parafiawierzbno.com.pl\/wp-content\/uploads\/2017\/07\/DSCN0648_zmie\u0144-rozmiar-200x150.jpg 200w, https:\/\/www.parafiawierzbno.com.pl\/wp-content\/uploads\/2017\/07\/DSCN0648_zmie\u0144-rozmiar-150x113.jpg 150w\" sizes=\"(max-width: 300px) 100vw, 300px\" \/><\/a>C. W \u015brod\u0119 po \u015bniadaniu udajemy si\u0119 do \u015awi\u0119tej Lipki, niewielkiej malowniczej miejscowo\u015bci le\u017c\u0105cej niedaleko K\u0119trzyna nad jeziorem Dejnowa. Jest tu sanktuarium maryjne odwiedzane przez liczne grupy pielgrzym\u00f3w (rocznie ponad 100 tys. os\u00f3b). Pani przewodnik powiedzia\u0142a nam, \u017ce to sanktuarium jest czasem nazywane \u201eCz\u0119stochow\u0105 P\u00f3\u0142nocy\u201d. Obecnie wznosi si\u0119 tu pi\u0119kna barokowa bazylika wybudowana na pocz\u0105tku XVII wieku, kru\u017cganki i przepi\u0119kna barokowa brama. W bazylice mo\u017cna podziwia\u0107 o\u0142tarz g\u0142\u00f3wny z obrazem Matki Bo\u017cej \u015awi\u0119tolipskiej oraz organy z ruchomymi figurkami.\u00a0 Legenda wyja\u015bnia przyczyn\u0119, dlaczego na takim odludziu, w\u015br\u00f3d bagien i las\u00f3w wzniesiono okaza\u0142\u0105 \u015bwi\u0105tyni\u0119. Podobno w XIV w. skaza\u0144cowi czekaj\u0105cemu na \u015bmier\u0107 w wi\u0119zieniu objawi\u0142a si\u0119 Matka Boska i poprosi\u0142a o wyrze\u017abienie jej postaci z Dzieci\u0105tkiem. Maj\u0105c przed oczami obraz Pi\u0119knej Pani wi\u0119zie\u0144 w ci\u0105gu nocy wyrze\u017abi\u0142 w kawa\u0142ku drewna jej figurk\u0119. Rano znaleziono przy skaza\u0144cu pi\u0119kn\u0105 rze\u017ab\u0119, \u017ce uznano j\u0105 za Bo\u017cy znak i przywr\u00f3cono skaza\u0144cowi wolno\u015b\u0107. Dzi\u0119kuj\u0105c Matce Boskiej za uratowane \u017cycie ocalony m\u0119\u017cczyzna zostawi\u0142 t\u0119 figur\u0119 przy drodze na lipie, jak poleci\u0142a mu Maryja w widzeniu. W\u0142a\u015bnie tu stoi obecnie wspania\u0142a bazylika. W kr\u00f3tkim czasie miejsce to zas\u0142yn\u0119\u0142o licznymi cudami i uzdrowieniami. Niewidomi odzyskiwali wzrok. Pierwotnie wybudowano ma\u0142\u0105 drewnian\u0105 kapliczk\u0119 i lipa wystawa\u0142a przez otw\u00f3r w dachu. Niestety oko\u0142o roku 1525 protestanci z K\u0119trzyna zniszczyli kaplic\u0119, \u015bcieli lip\u0119, figurk\u0119 wrzucili do jeziora, a na tym miejscu postawili szubienic\u0119. Ludzie nocami przychodzili, modlili si\u0119 i zapalali \u015bwieczki na miejscu kaplicy. Pielgrzymi z Wierzbna zachwycali si\u0119 wspania\u0142ymi freskami w obecnej bazylice i na zako\u0144czenie &#8211; koncertem organowym.<a href=\"https:\/\/www.parafiawierzbno.com.pl\/wp-content\/uploads\/2017\/07\/DSCN0663_zmie\u0144-rozmiar.jpg\" rel=\"attachment wp-att-5423\"><img loading=\"lazy\" class=\"size-medium wp-image-5423 alignright\" src=\"https:\/\/www.parafiawierzbno.com.pl\/wp-content\/uploads\/2017\/07\/DSCN0663_zmie\u0144-rozmiar-225x300.jpg\" alt=\"DSCN0663_zmie\u0144 rozmiar\" width=\"225\" height=\"300\" srcset=\"https:\/\/www.parafiawierzbno.com.pl\/wp-content\/uploads\/2017\/07\/DSCN0663_zmie\u0144-rozmiar-225x300.jpg 225w, https:\/\/www.parafiawierzbno.com.pl\/wp-content\/uploads\/2017\/07\/DSCN0663_zmie\u0144-rozmiar.jpg 768w, https:\/\/www.parafiawierzbno.com.pl\/wp-content\/uploads\/2017\/07\/DSCN0663_zmie\u0144-rozmiar-113x150.jpg 113w\" sizes=\"(max-width: 225px) 100vw, 225px\" \/><\/a><\/p>\n<p style=\"text-align: justify;\">D. Kolejnym celem naszego pielgrzymowania by\u0142 Gietrzwa\u0142d, gdzie 140 lat temu Matka Bo\u017ca wielokrotnie objawia\u0142a si\u0119 13-letniej Justynce Szafry\u0144skiej i 12-letniej Basi Samulowskiej. Pierwszy raz ukaza\u0142a si\u0119 27 czerwca 1877 r., gdy Justyna wraca\u0142a z egzaminu przed I komuni\u0105 \u015bw. Nast\u0119pnego dnia \u201eJasn\u0105 Pani\u0105\u201d siedz\u0105c\u0105 na tronie\u00a0 z Dzieci\u0105tkiem Jezus nad klonem przed ko\u015bcio\u0142em zobaczy\u0142a tak\u017ce Barbara, kt\u00f3ra odmawia\u0142a r\u00f3\u017caniec. Na pytanie dziewczynek, kim Ona jest. Odpowiedzia\u0142a: \u201eJestem Naj\u015bwi\u0119tsza Maryja Panna Niepokalanie Pocz\u0119ta!\u201d Wizjonerki zapyta\u0142y: \u201eCzego \u017c\u0105dasz Matko Bo\u017ca?\u201d Maryja odpowiedzia\u0142a: \u201e\u017bycz\u0119 sobie, aby\u015bcie codziennie odmawiali r\u00f3\u017caniec!\u201d W tym czasie na Warmia by\u0142a pod pruskim zaborem, si\u0142\u0105 narzucano j\u0119zyk niemiecki, a Matka Bo\u017ca przemawia\u0142a po polsku. Dziewczynki przy kolejnych objawieniach Maryi pyta\u0142y o zdrowie i zbawienie r\u00f3\u017cnych os\u00f3b oraz: \u201eCzy Ko\u015bci\u00f3\u0142 w Kr\u00f3lestwie Polskim b\u0119dzie oswobodzony?\u201d W odpowiedzi us\u0142ysza\u0142y: \u201eJe\u015bli ludzie gorliwie b\u0119d\u0105 si\u0119 modli\u0107, w\u00f3wczas Ko\u015bci\u00f3\u0142 nie b\u0119dzie prze\u015bladowany, a osierocone parafie otrzymaj\u0105 kap\u0142an\u00f3w!\u201d Na zako\u0144czenie objawie\u0144 16 wrze\u015bnia 1877 r., Matka Bo\u017ca do zasmuconych dziewczynek powiedzia\u0142a: \u201eNie smu\u0107cie si\u0119, bo Ja zawsze b\u0119d\u0119 przy was\u201d. Maryja upomnia\u0142a tak\u017ce Polak\u00f3w, aby nie pili w\u00f3dki. Wp\u0142yw tych objawie\u0144 na Warmii by\u0142 ogromny. Nast\u0105pi\u0142o odrodzenie \u017cycia obyczajowego i bardzo du\u017co ludzi codziennie odmawiali r\u00f3\u017caniec. Ci\u0105gle aktualne jest wezwanie Maryi do modlitwy r\u00f3\u017ca\u0144cowej. Mam nadziej\u0119, \u017ce dzieci komunijne b\u0119d\u0105 pami\u0119ta\u0107 o tej pro\u015bbie Matki Bo\u017cej. Na zako\u0144czenie pielgrzymowania w Eucharystii zawierzyli\u015bmy Chrystusowi wszystkie nasze intencje i ca\u0142\u0105 parafi\u0119.<\/p>\n<p>Gor\u0105co zach\u0119cam do codziennej modlitwy r\u00f3\u017ca\u0144cowej w gronie rodziny, aby Maryja otacza\u0142a nasz\u0105 Ojczyzn\u0119 p\u0142aszczem macierzy\u0144skiej opieki. Z wdzi\u0119czno\u015bci\u0105 \u2013 ks. Kazimierz.<\/p>\n","protected":false},"excerpt":{"rendered":"<p>W przededniu wakacji dzi\u0119ki Bo\u017cej Opatrzno\u015bci odby\u0142a si\u0119 pielgrzymka wdzi\u0119czno\u015bci dzieci za dar Pierwszej Komunii \u015bw. Ca\u0142a grupa liczy\u0142a 23 osoby (dzieci i mamy). Celem naszej wyprawy by\u0142y pi\u0119kne i s\u0142yn\u0105ce \u0142askami miejscowo\u015bci w p\u00f3\u0142nocno-wschodniej Polsce: Sok\u00f3\u0142ka Bia\u0142ostocka, Wigry, \u015awi\u0119ta Lipka i Gietrzwa\u0142d. A. W ka\u017cdej Eucharystii jeste\u015bmy \u015bwiadkami cudu. Podczas przeistoczenia chleb staje si\u0119 prawdziwym Cia\u0142em, a wino Krwi\u0105 Chrystusa Pana, chocia\u017c nie zmienia si\u0119 ich zewn\u0119trzny kszta\u0142t, zapach i smak. W pa\u017adzierniku 2008 roku w ko\u015bciele \u015bw. Antoniego w Sok\u00f3\u0142ce Bia\u0142ostockiej dokona\u0142o si\u0119 co\u015b szczeg\u00f3lnego. Kap\u0142anowi udzielaj\u0105cemu Komuni\u0119 \u015bwi\u0119t\u0105 upad\u0142 na stopie\u0144 o\u0142tarza konsekrowany komunikant czyli Cia\u0142o Chrystusa. Zgodnie z procedurami ko\u015bcielnymi ta hostia zosta\u0142a umieszczona w naczyniu z wod\u0105 (tzw. vasculum), aby si\u0119 mog\u0142a rozpu\u015bci\u0107. Siostra zakrystianka przenios\u0142a to naczynko do sejfu w zakrystii. Po tygodniu siostra Julia otworzywszy vasculum zobaczy\u0142a resztk\u0119 bia\u0142ego komunikanta zespolon\u0105 z czerwona plamk\u0105 wielko\u015bci paznokcia. Badania patomorfologiczne przeprowadzone na polecenie abpa Edwarda \u2026 <a class=\"continue-reading-link\" href=\"https:\/\/www.parafiawierzbno.com.pl\/?p=5416\">Czytaj dalej <span class=\"meta-nav\">&rarr; <\/span><\/a><\/p>\n","protected":false},"author":1,"featured_media":0,"comment_status":"closed","ping_status":"closed","sticky":false,"template":"","format":"standard","meta":{"ngg_post_thumbnail":0},"categories":[1],"tags":[],"_links":{"self":[{"href":"https:\/\/www.parafiawierzbno.com.pl\/index.php?rest_route=\/wp\/v2\/posts\/5416"}],"collection":[{"href":"https:\/\/www.parafiawierzbno.com.pl\/index.php?rest_route=\/wp\/v2\/posts"}],"about":[{"href":"https:\/\/www.parafiawierzbno.com.pl\/index.php?rest_route=\/wp\/v2\/types\/post"}],"author":[{"embeddable":true,"href":"https:\/\/www.parafiawierzbno.com.pl\/index.php?rest_route=\/wp\/v2\/users\/1"}],"replies":[{"embeddable":true,"href":"https:\/\/www.parafiawierzbno.com.pl\/index.php?rest_route=%2Fwp%2Fv2%2Fcomments&post=5416"}],"version-history":[{"count":3,"href":"https:\/\/www.parafiawierzbno.com.pl\/index.php?rest_route=\/wp\/v2\/posts\/5416\/revisions"}],"predecessor-version":[{"id":5424,"href":"https:\/\/www.parafiawierzbno.com.pl\/index.php?rest_route=\/wp\/v2\/posts\/5416\/revisions\/5424"}],"wp:attachment":[{"href":"https:\/\/www.parafiawierzbno.com.pl\/index.php?rest_route=%2Fwp%2Fv2%2Fmedia&parent=5416"}],"wp:term":[{"taxonomy":"category","embeddable":true,"href":"https:\/\/www.parafiawierzbno.com.pl\/index.php?rest_route=%2Fwp%2Fv2%2Fcategories&post=5416"},{"taxonomy":"post_tag","embeddable":true,"href":"https:\/\/www.parafiawierzbno.com.pl\/index.php?rest_route=%2Fwp%2Fv2%2Ftags&post=5416"}],"curies":[{"name":"wp","href":"https:\/\/api.w.org\/{rel}","templated":true}]}}