{"id":5799,"date":"2018-01-21T08:26:44","date_gmt":"2018-01-21T07:26:44","guid":{"rendered":"https:\/\/www.parafiawierzbno.com.pl\/?p=5799"},"modified":"2018-01-21T08:26:44","modified_gmt":"2018-01-21T07:26:44","slug":"rodzina-rodzinie","status":"publish","type":"post","link":"https:\/\/www.parafiawierzbno.com.pl\/?p=5799","title":{"rendered":"Rodzina rodzinie"},"content":{"rendered":"<p style=\"text-align: center;\"><a href=\"https:\/\/www.parafiawierzbno.com.pl\/wp-content\/uploads\/2018\/01\/Rodzina-rodzinie.jpg\" rel=\"attachment wp-att-5801\"><img loading=\"lazy\" class=\"size-full wp-image-5801 aligncenter\" src=\"https:\/\/www.parafiawierzbno.com.pl\/wp-content\/uploads\/2018\/01\/Rodzina-rodzinie.jpg\" alt=\"Rodzina rodzinie\" width=\"231\" height=\"154\" srcset=\"https:\/\/www.parafiawierzbno.com.pl\/wp-content\/uploads\/2018\/01\/Rodzina-rodzinie.jpg 231w, https:\/\/www.parafiawierzbno.com.pl\/wp-content\/uploads\/2018\/01\/Rodzina-rodzinie-225x150.jpg 225w, https:\/\/www.parafiawierzbno.com.pl\/wp-content\/uploads\/2018\/01\/Rodzina-rodzinie-150x100.jpg 150w\" sizes=\"(max-width: 231px) 100vw, 231px\" \/><\/a>\u201e <em>Jak\u017ce by\u0142oby pi\u0119knie, gdyby ka\u017cdy z nas m\u00f3g\u0142 wieczorem powiedzie\u0107: dzisiaj zrobi\u0142em gest mi\u0142o\u015bci wobec drugiego\u201d.<br \/>\n<\/em><\/p>\n<p style=\"text-align: justify;\">Przytoczone na wst\u0119pie s\u0142owa papie\u017ca Franciszka s\u0105 subtelnym przypomnieniem przykazania mi\u0142o\u015bci, kt\u00f3re powinno sta\u0107 na stra\u017cy wzajemnych relacji nas, chrze\u015bcijan. Wskazuj\u0105 tak\u017ce na ci\u0105gle otwart\u0105 przestrze\u0144 do dzia\u0142ania i stanowi\u0105 zach\u0119t\u0119 do jego podejmowania.<\/p>\n<p style=\"text-align: justify;\">Kontynuuj\u0105c retoryk\u0119 Ojca\u00a0 \u015bwi\u0119tego &#8211; to pi\u0119kno rozla\u0142o si\u0119 szerok\u0105 fal\u0105 w naszej wsp\u00f3lnocie parafialnej w ostatnim przed\u015bwi\u0105tecznym tygodniu. Sfinalizowali\u015bmy bowiem akcj\u0119 \u201eRodzina \u2013 rodzinie\u201d. Na czym ona polega\u0142a? Kilkana\u015bcie rodzin z naszej parafii spotka\u0142o si\u0119 z \u017cyczliwym zainteresowaniem innych rodzin i zrozumieniem ich innej sytuacji bytowej. Kr\u00f3tka metryczka zawiera\u0142a informacje przydatne do przygotowania paczki dla danej rodziny, pozostaj\u0105cej anonimow\u0105 dla darczy\u0144cy. Z\u0142o\u017cone na r\u0119ce ksi\u0119dza proboszcza Kazimierza J\u00f3\u017awika trafi\u0142y do r\u0105k rodzin \u201ebogatych inaczej\u201d. Zapewne ten swoisty solidaryzm spo\u0142eczny nie rozwi\u0105\u017ce problem\u00f3w materialnych tych, kt\u00f3rzy borykaj\u0105 si\u0119 z nimi na co dzie\u0144, ale mo\u017ce mie\u0107 wymiar duchowy, psychologiczny. Rodzi i umacnia nadziej\u0119, \u017ce ca\u0142kiem blisko jest kto\u015b, kt\u00f3remu nasz los nie jest oboj\u0119tny i \u201enie mi\u0142uje s\u0142owem i j\u0119zykiem, ale czynem i prawd\u0105\u201d( 1J 3.18).<\/p>\n<p style=\"text-align: justify;\"><strong>\u201eMo\u017cna nie pomaga\u0107, mo\u017cna znale\u017a\u0107 wiele racjonalnych argument\u00f3w dla konkretnych przypadk\u00f3w, aby nie pomaga\u0107. Ale to nic nie zmieni. Nadal b\u0119d\u0105 g\u0142odni, chorzy, cierpi\u0105cy, potrzebuj\u0105cy. Lepiej zgrzeszy\u0107 nadmiarem dobroci i naiwno\u015bci, ni\u017c nadmiarem kalkulacji i nieufno\u015bci.\u201d <\/strong>\u00a0<em>(o. Fabian Kaltbach OFM)<\/em><\/p>\n<p style=\"text-align: right;\">\u00a0\u00a0\u00a0\u00a0\u00a0\u00a0\u00a0\u00a0\u00a0\u00a0\u00a0\u00a0\u00a0\u00a0\u00a0\u00a0\u00a0\u00a0\u00a0\u00a0\u00a0\u00a0\u00a0\u00a0\u00a0\u00a0\u00a0\u00a0\u00a0\u00a0\u00a0\u00a0\u00a0\u00a0\u00a0\u00a0\u00a0\u00a0\u00a0\u00a0\u00a0\u00a0\u00a0\u00a0\u00a0\u00a0\u00a0\u00a0\u00a0\u00a0\u00a0\u00a0\u00a0\u00a0\u00a0\u00a0\u00a0\u00a0 \u00a0\u00a0\u00a0\u00a0\u00a0\u00a0\u00a0\u00a0\u00a0\u00a0\u00a0\u00a0\u00a0\u00a0\u00a0\u00a0\u00a0\u00a0\u00a0\u00a0\u00a0\u00a0\u00a0\u00a0\u00a0\u00a0\u00a0\u00a0\u00a0\u00a0\u00a0\u00a0\u00a0\u00a0\u00a0\u00a0<em>Ma\u0142gorzata W\u0105sowska<\/em><\/p>\n<p><em>\u00a0<\/em><\/p>\n","protected":false},"excerpt":{"rendered":"<p>\u201e Jak\u017ce by\u0142oby pi\u0119knie, gdyby ka\u017cdy z nas m\u00f3g\u0142 wieczorem powiedzie\u0107: dzisiaj zrobi\u0142em gest mi\u0142o\u015bci wobec drugiego\u201d. Przytoczone na wst\u0119pie s\u0142owa papie\u017ca Franciszka s\u0105 subtelnym przypomnieniem przykazania mi\u0142o\u015bci, kt\u00f3re powinno sta\u0107 na stra\u017cy wzajemnych relacji nas, chrze\u015bcijan. Wskazuj\u0105 tak\u017ce na ci\u0105gle otwart\u0105 przestrze\u0144 do dzia\u0142ania i stanowi\u0105 zach\u0119t\u0119 do jego podejmowania. Kontynuuj\u0105c retoryk\u0119 Ojca\u00a0 \u015bwi\u0119tego &#8211; to pi\u0119kno rozla\u0142o si\u0119 szerok\u0105 fal\u0105 w naszej wsp\u00f3lnocie parafialnej w ostatnim przed\u015bwi\u0105tecznym tygodniu. Sfinalizowali\u015bmy bowiem akcj\u0119 \u201eRodzina \u2013 rodzinie\u201d. Na czym ona polega\u0142a? Kilkana\u015bcie rodzin z naszej parafii spotka\u0142o si\u0119 z \u017cyczliwym zainteresowaniem innych rodzin i zrozumieniem ich innej sytuacji bytowej. Kr\u00f3tka metryczka zawiera\u0142a informacje przydatne do przygotowania paczki dla danej rodziny, pozostaj\u0105cej anonimow\u0105 dla darczy\u0144cy. Z\u0142o\u017cone na r\u0119ce ksi\u0119dza proboszcza Kazimierza J\u00f3\u017awika trafi\u0142y do r\u0105k rodzin \u201ebogatych inaczej\u201d. Zapewne ten swoisty solidaryzm spo\u0142eczny nie rozwi\u0105\u017ce problem\u00f3w materialnych tych, kt\u00f3rzy borykaj\u0105 si\u0119 z nimi na co dzie\u0144, ale mo\u017ce mie\u0107 wymiar duchowy, psychologiczny. \u2026 <a class=\"continue-reading-link\" href=\"https:\/\/www.parafiawierzbno.com.pl\/?p=5799\">Czytaj dalej <span class=\"meta-nav\">&rarr; <\/span><\/a><\/p>\n","protected":false},"author":1,"featured_media":0,"comment_status":"closed","ping_status":"closed","sticky":false,"template":"","format":"standard","meta":{"ngg_post_thumbnail":0},"categories":[1],"tags":[],"_links":{"self":[{"href":"https:\/\/www.parafiawierzbno.com.pl\/index.php?rest_route=\/wp\/v2\/posts\/5799"}],"collection":[{"href":"https:\/\/www.parafiawierzbno.com.pl\/index.php?rest_route=\/wp\/v2\/posts"}],"about":[{"href":"https:\/\/www.parafiawierzbno.com.pl\/index.php?rest_route=\/wp\/v2\/types\/post"}],"author":[{"embeddable":true,"href":"https:\/\/www.parafiawierzbno.com.pl\/index.php?rest_route=\/wp\/v2\/users\/1"}],"replies":[{"embeddable":true,"href":"https:\/\/www.parafiawierzbno.com.pl\/index.php?rest_route=%2Fwp%2Fv2%2Fcomments&post=5799"}],"version-history":[{"count":3,"href":"https:\/\/www.parafiawierzbno.com.pl\/index.php?rest_route=\/wp\/v2\/posts\/5799\/revisions"}],"predecessor-version":[{"id":5803,"href":"https:\/\/www.parafiawierzbno.com.pl\/index.php?rest_route=\/wp\/v2\/posts\/5799\/revisions\/5803"}],"wp:attachment":[{"href":"https:\/\/www.parafiawierzbno.com.pl\/index.php?rest_route=%2Fwp%2Fv2%2Fmedia&parent=5799"}],"wp:term":[{"taxonomy":"category","embeddable":true,"href":"https:\/\/www.parafiawierzbno.com.pl\/index.php?rest_route=%2Fwp%2Fv2%2Fcategories&post=5799"},{"taxonomy":"post_tag","embeddable":true,"href":"https:\/\/www.parafiawierzbno.com.pl\/index.php?rest_route=%2Fwp%2Fv2%2Ftags&post=5799"}],"curies":[{"name":"wp","href":"https:\/\/api.w.org\/{rel}","templated":true}]}}