{"id":6440,"date":"2018-02-13T13:36:07","date_gmt":"2018-02-13T12:36:07","guid":{"rendered":"https:\/\/www.parafiawierzbno.com.pl\/?p=6440"},"modified":"2018-03-18T11:18:34","modified_gmt":"2018-03-18T10:18:34","slug":"odszedl-do-pana","status":"publish","type":"post","link":"https:\/\/www.parafiawierzbno.com.pl\/?p=6440","title":{"rendered":"Odszed\u0142 do Pana&#8230;"},"content":{"rendered":"<p style=\"text-align: justify;\"><em><strong><a href=\"https:\/\/www.parafiawierzbno.com.pl\/index.php\/nggallery\/2014\/Pogrzeb-ks.-Stanis%C5%82awa-Dadasa?page_id=248\"><img loading=\"lazy\" class=\"size-medium wp-image-6468 alignleft\" src=\"https:\/\/www.parafiawierzbno.com.pl\/wp-content\/uploads\/2018\/02\/2018-02-16-14-52-10_resize-300x200.jpg\" alt=\"\" width=\"300\" height=\"200\" srcset=\"https:\/\/www.parafiawierzbno.com.pl\/wp-content\/uploads\/2018\/02\/2018-02-16-14-52-10_resize-300x200.jpg 300w, https:\/\/www.parafiawierzbno.com.pl\/wp-content\/uploads\/2018\/02\/2018-02-16-14-52-10_resize-768x512.jpg 768w, https:\/\/www.parafiawierzbno.com.pl\/wp-content\/uploads\/2018\/02\/2018-02-16-14-52-10_resize.jpg 1024w, https:\/\/www.parafiawierzbno.com.pl\/wp-content\/uploads\/2018\/02\/2018-02-16-14-52-10_resize-225x150.jpg 225w, https:\/\/www.parafiawierzbno.com.pl\/wp-content\/uploads\/2018\/02\/2018-02-16-14-52-10_resize-150x100.jpg 150w\" sizes=\"(max-width: 300px) 100vw, 300px\" \/><\/a>&#8222;Je\u015bli kiedy\u015b si\u0119 dowiecie, a dowiecie si\u0119, bo w Radio Katolickim m\u00f3wi\u0107 b\u0119d\u0105&#8230; \u017ce odszed\u0142 do wieczno\u015bci, to trzeba si\u0119 pomodli\u0107&#8230; trzeba si\u0119 pomodli\u0107&#8221;<\/strong><\/em><\/p>\n<p style=\"text-align: justify;\">Tymi s\u0142owami 29 czerwca 2007 roku, po dziewi\u0119ciu latach pos\u0142ugi kap\u0142a\u0144skiej \u017cegna\u0142 nas ks. kan. Stanis\u0142aw Dadas. Licznie przybyli parafianie dzi\u0119kowali mu za pos\u0142ug\u0119 wype\u0142nion\u0105 modlitw\u0105 i kap\u0142a\u0144sk\u0105 mi\u0142o\u015bci\u0105, otwarto\u015bci\u0105 i trosk\u0105 o drugiego cz\u0142owieka, serdeczno\u015bci\u0105 i optymizmem w ka\u017cdej sytuacji. Obiecali\u015bmy wtedy pami\u0119\u0107 i modlitw\u0119&#8230;<\/p>\n<p style=\"text-align: justify;\">W dniu 12 lutego ks. Stanis\u0142aw odszed\u0142 do wieczno\u015bci po d\u0142ugiej i ci\u0119\u017ckiej chorobie. Z ogromnym \u017calem \u017cegnali\u015bmy go, modl\u0105c si\u0119 i towarzysz\u0105c mu w jego ostatniej drodze. Uroczysto\u015bci pogrzebowe odby\u0142y si\u0119 16 lutego w Zwoli Poduchownej, jego rodzinnej parafii.<\/p>\n<p style=\"text-align: justify;\">Pozostawi\u0142 w naszej wsp\u00f3lnocie cz\u0105stk\u0119 siebie i na zawsze zostanie w naszych sercach i modlitwach.<\/p>\n<p style=\"text-align: left;\"><a href=\"https:\/\/www.parafiawierzbno.com.pl\/index.php\/nggallery\/2014\/Pogrzeb-ks.-Stanis%C5%82awa-Dadasa?page_id=248\">Zobacz galeri\u0119 zdj\u0119\u0107<\/a><\/p>\n<p style=\"text-align: center;\"><em><strong>Niech B\u00f3g Mi\u0142osierny przyjmie Go do chwa\u0142y nieba.<\/strong><\/em><\/p>\n<p style=\"text-align: center;\"><a href=\"https:\/\/www.parafiawierzbno.com.pl\/wp-content\/uploads\/2018\/02\/2007-06-29-13-00-47.jpg\" rel=\"attachment wp-att-6443\"><img loading=\"lazy\" class=\"alignnone size-large wp-image-6443\" src=\"https:\/\/www.parafiawierzbno.com.pl\/wp-content\/uploads\/2018\/02\/2007-06-29-13-00-47-741x1024.jpg\" alt=\"2007-06-29 13-00-47\" width=\"650\" height=\"898\" srcset=\"https:\/\/www.parafiawierzbno.com.pl\/wp-content\/uploads\/2018\/02\/2007-06-29-13-00-47-741x1024.jpg 741w, https:\/\/www.parafiawierzbno.com.pl\/wp-content\/uploads\/2018\/02\/2007-06-29-13-00-47-217x300.jpg 217w, https:\/\/www.parafiawierzbno.com.pl\/wp-content\/uploads\/2018\/02\/2007-06-29-13-00-47-109x150.jpg 109w, https:\/\/www.parafiawierzbno.com.pl\/wp-content\/uploads\/2018\/02\/2007-06-29-13-00-47.jpg 746w\" sizes=\"(max-width: 650px) 100vw, 650px\" \/><\/a><\/p>\n","protected":false},"excerpt":{"rendered":"<p>&#8222;Je\u015bli kiedy\u015b si\u0119 dowiecie, a dowiecie si\u0119, bo w Radio Katolickim m\u00f3wi\u0107 b\u0119d\u0105&#8230; \u017ce odszed\u0142 do wieczno\u015bci, to trzeba si\u0119 pomodli\u0107&#8230; trzeba si\u0119 pomodli\u0107&#8221; Tymi s\u0142owami 29 czerwca 2007 roku, po dziewi\u0119ciu latach pos\u0142ugi kap\u0142a\u0144skiej \u017cegna\u0142 nas ks. kan. Stanis\u0142aw Dadas. Licznie przybyli parafianie dzi\u0119kowali mu za pos\u0142ug\u0119 wype\u0142nion\u0105 modlitw\u0105 i kap\u0142a\u0144sk\u0105 mi\u0142o\u015bci\u0105, otwarto\u015bci\u0105 i trosk\u0105 o drugiego cz\u0142owieka, serdeczno\u015bci\u0105 i optymizmem w ka\u017cdej sytuacji. Obiecali\u015bmy wtedy pami\u0119\u0107 i modlitw\u0119&#8230; W dniu 12 lutego ks. Stanis\u0142aw odszed\u0142 do wieczno\u015bci po d\u0142ugiej i ci\u0119\u017ckiej chorobie. Z ogromnym \u017calem \u017cegnali\u015bmy go, modl\u0105c si\u0119 i towarzysz\u0105c mu w jego ostatniej drodze. Uroczysto\u015bci pogrzebowe odby\u0142y si\u0119 16 lutego w Zwoli Poduchownej, jego rodzinnej parafii. Pozostawi\u0142 w naszej wsp\u00f3lnocie cz\u0105stk\u0119 siebie i na zawsze zostanie w naszych sercach i modlitwach. Zobacz galeri\u0119 zdj\u0119\u0107 Niech B\u00f3g Mi\u0142osierny przyjmie Go do chwa\u0142y nieba.<\/p>\n","protected":false},"author":1,"featured_media":0,"comment_status":"closed","ping_status":"closed","sticky":false,"template":"","format":"standard","meta":{"ngg_post_thumbnail":0},"categories":[1],"tags":[],"_links":{"self":[{"href":"https:\/\/www.parafiawierzbno.com.pl\/index.php?rest_route=\/wp\/v2\/posts\/6440"}],"collection":[{"href":"https:\/\/www.parafiawierzbno.com.pl\/index.php?rest_route=\/wp\/v2\/posts"}],"about":[{"href":"https:\/\/www.parafiawierzbno.com.pl\/index.php?rest_route=\/wp\/v2\/types\/post"}],"author":[{"embeddable":true,"href":"https:\/\/www.parafiawierzbno.com.pl\/index.php?rest_route=\/wp\/v2\/users\/1"}],"replies":[{"embeddable":true,"href":"https:\/\/www.parafiawierzbno.com.pl\/index.php?rest_route=%2Fwp%2Fv2%2Fcomments&post=6440"}],"version-history":[{"count":10,"href":"https:\/\/www.parafiawierzbno.com.pl\/index.php?rest_route=\/wp\/v2\/posts\/6440\/revisions"}],"predecessor-version":[{"id":6706,"href":"https:\/\/www.parafiawierzbno.com.pl\/index.php?rest_route=\/wp\/v2\/posts\/6440\/revisions\/6706"}],"wp:attachment":[{"href":"https:\/\/www.parafiawierzbno.com.pl\/index.php?rest_route=%2Fwp%2Fv2%2Fmedia&parent=6440"}],"wp:term":[{"taxonomy":"category","embeddable":true,"href":"https:\/\/www.parafiawierzbno.com.pl\/index.php?rest_route=%2Fwp%2Fv2%2Fcategories&post=6440"},{"taxonomy":"post_tag","embeddable":true,"href":"https:\/\/www.parafiawierzbno.com.pl\/index.php?rest_route=%2Fwp%2Fv2%2Ftags&post=6440"}],"curies":[{"name":"wp","href":"https:\/\/api.w.org\/{rel}","templated":true}]}}