{"id":6709,"date":"2018-03-18T12:23:37","date_gmt":"2018-03-18T11:23:37","guid":{"rendered":"https:\/\/www.parafiawierzbno.com.pl\/?p=6709"},"modified":"2018-03-18T13:05:32","modified_gmt":"2018-03-18T12:05:32","slug":"bog-jest-dla-wszystkich-wszyscy-do-stajenki","status":"publish","type":"post","link":"https:\/\/www.parafiawierzbno.com.pl\/?p=6709","title":{"rendered":"\u201e B\u00f3g jest dla wszystkich \u2013 wszyscy do stajenki\u201d"},"content":{"rendered":"<p style=\"text-align: justify;\"><a href=\"https:\/\/www.parafiawierzbno.com.pl\/wp-content\/uploads\/2018\/03\/2018-01-06-14-07-39.jpg\"><img loading=\"lazy\" class=\"size-medium wp-image-6716 alignleft\" src=\"https:\/\/www.parafiawierzbno.com.pl\/wp-content\/uploads\/2018\/03\/2018-01-06-14-07-39-300x200.jpg\" alt=\"\" width=\"300\" height=\"200\" srcset=\"https:\/\/www.parafiawierzbno.com.pl\/wp-content\/uploads\/2018\/03\/2018-01-06-14-07-39-300x200.jpg 300w, https:\/\/www.parafiawierzbno.com.pl\/wp-content\/uploads\/2018\/03\/2018-01-06-14-07-39-768x512.jpg 768w, https:\/\/www.parafiawierzbno.com.pl\/wp-content\/uploads\/2018\/03\/2018-01-06-14-07-39.jpg 1024w, https:\/\/www.parafiawierzbno.com.pl\/wp-content\/uploads\/2018\/03\/2018-01-06-14-07-39-225x150.jpg 225w, https:\/\/www.parafiawierzbno.com.pl\/wp-content\/uploads\/2018\/03\/2018-01-06-14-07-39-150x100.jpg 150w\" sizes=\"(max-width: 300px) 100vw, 300px\" \/><\/a>Takie zawo\u0142anie towarzyszy\u0142o Orszakowi Trzech Kr\u00f3li A.D. 2018. Nasza niewielka wsp\u00f3lnota parafialna znalaz\u0142a si\u0119 w gronie 660 miejscowo\u015bci, w kt\u00f3rych zorganizowano te najwi\u0119ksze na \u015bwiecie uliczne jase\u0142ka. Cieszymy si\u0119, \u017ce po raz czwarty mogli\u015bmy w tak szerokim gronie dzieli\u0107 rado\u015b\u0107 z Narodzenia naszego Pana.<\/p>\n<p style=\"text-align: justify;\">\u201eW Orszaku Trzech Kr\u00f3li idziemy nie gdziekolwiek, za kimkolwiek, ale za Chrystusem\u201d &#8211; napisa\u0142&nbsp; ks. prof. Piotr Mazurkiewicz. Ju\u017c kr\u00f3tka refleksja nad tym komentarzem pozwala inaczej, g\u0142\u0119biej spojrze\u0107 na to wydarzenie, dostrzec jego metaforyczny charakter. Droga do stajenki, do male\u0144kiego Jezusa to w telegraficznym skr\u00f3cie obraz naszej najwa\u017cniejszej drogi do najwa\u017cniejszego w naszym \u017cyciu spotkania. Z odwiecznym S\u0142owem, kt\u00f3re sta\u0142o si\u0119 Cia\u0142em i&nbsp; zawsze czeka na nas.<a href=\"https:\/\/www.parafiawierzbno.com.pl\/wp-content\/uploads\/2018\/03\/2018-01-06-15-22-02-2.jpg\"><img loading=\"lazy\" class=\"size-medium wp-image-6717 alignright\" src=\"https:\/\/www.parafiawierzbno.com.pl\/wp-content\/uploads\/2018\/03\/2018-01-06-15-22-02-2-300x200.jpg\" alt=\"\" width=\"300\" height=\"200\" srcset=\"https:\/\/www.parafiawierzbno.com.pl\/wp-content\/uploads\/2018\/03\/2018-01-06-15-22-02-2-300x200.jpg 300w, https:\/\/www.parafiawierzbno.com.pl\/wp-content\/uploads\/2018\/03\/2018-01-06-15-22-02-2-768x512.jpg 768w, https:\/\/www.parafiawierzbno.com.pl\/wp-content\/uploads\/2018\/03\/2018-01-06-15-22-02-2.jpg 1024w, https:\/\/www.parafiawierzbno.com.pl\/wp-content\/uploads\/2018\/03\/2018-01-06-15-22-02-2-225x150.jpg 225w, https:\/\/www.parafiawierzbno.com.pl\/wp-content\/uploads\/2018\/03\/2018-01-06-15-22-02-2-150x100.jpg 150w\" sizes=\"(max-width: 300px) 100vw, 300px\" \/><\/a><\/p>\n<p style=\"text-align: justify;\">Zewn\u0119trzne okoliczno\u015bci tegorocznego Orszaku, <!--more-->przebieg wed\u0142ug okre\u015blonego scenariusza zdaj\u0105 si\u0119 w pe\u0142ni urzeczywistnia\u0107 tak\u0105 tez\u0119. 6 stycznia, w \u015awi\u0119to Epifamii, niezdecydowanym, czy zej\u015b\u0107 z przys\u0142owiowej kanapy, zrezygnowa\u0107 z poobiedniej drzemki i razem z innymi uda\u0107 si\u0119 do naszego wierzbnia\u0144skiego Betlejem, w sukurs przysz\u0142a pogoda. Ciep\u0142e s\u0142o\u0144ce, bezchmurne niebo, \u0142agodne powiewy wiatru wr\u0119cz wo\u0142a\u0142y, aby wyj\u015b\u0107 z domu. I rzeczywi\u015bcie by\u0142o nas wiele, kr\u00f3lowie kroczyli w otoczeniu licznej \u015bwity. W tym roku <a href=\"https:\/\/www.parafiawierzbno.com.pl\/wp-content\/uploads\/2018\/03\/Orszak_Trzech_Kr\u00f3li_Wierzbno_2018_61.jpg\"><img loading=\"lazy\" class=\"size-medium wp-image-6718 alignleft\" src=\"https:\/\/www.parafiawierzbno.com.pl\/wp-content\/uploads\/2018\/03\/Orszak_Trzech_Kr\u00f3li_Wierzbno_2018_61-300x200.jpg\" alt=\"\" width=\"300\" height=\"200\" srcset=\"https:\/\/www.parafiawierzbno.com.pl\/wp-content\/uploads\/2018\/03\/Orszak_Trzech_Kr\u00f3li_Wierzbno_2018_61-300x200.jpg 300w, https:\/\/www.parafiawierzbno.com.pl\/wp-content\/uploads\/2018\/03\/Orszak_Trzech_Kr\u00f3li_Wierzbno_2018_61-768x512.jpg 768w, https:\/\/www.parafiawierzbno.com.pl\/wp-content\/uploads\/2018\/03\/Orszak_Trzech_Kr\u00f3li_Wierzbno_2018_61.jpg 1024w, https:\/\/www.parafiawierzbno.com.pl\/wp-content\/uploads\/2018\/03\/Orszak_Trzech_Kr\u00f3li_Wierzbno_2018_61-225x150.jpg 225w, https:\/\/www.parafiawierzbno.com.pl\/wp-content\/uploads\/2018\/03\/Orszak_Trzech_Kr\u00f3li_Wierzbno_2018_61-150x100.jpg 150w\" sizes=\"(max-width: 300px) 100vw, 300px\" \/><\/a>nasz Orszak przybra\u0142 mi\u0119dzyparafialny charakter, do stajenki kroczyli\u015bmy pod jeszcze dostojniejszym ni\u017c&nbsp; w latach poprzednich przewodnictwem. W role kr\u00f3l\u00f3w wcielili si\u0119 ksi\u0119\u017ca proboszczowie: ksi\u0105dz Krzysztof Pawelec, dziekan dekanatu gr\u0119bkowskiego i proboszcz parafii Gr\u0119bk\u00f3w, ksi\u0105dz Miros\u0142aw Rogo\u017anicki, proboszcz parafii Czerwonka Liwska i ksi\u0105dz Kazimierz J\u00f3\u017awik, proboszcz parafii Wierzbno. To Oni \u201ewybrani przez Pana\u201d, dani nam za przewodnik\u00f3w, konsekwentnie zmierzali i nam wskazywali drog\u0119 do stajenki. A nie by\u0142a to droga \u0142atwa.<\/p>\n<p style=\"text-align: center;\">\u201e Gdzie idziecie? St\u00f3jcie ludzie!<\/p>\n<p style=\"text-align: center;\">Jakie\u015b Dzieci\u0119? W jakiej\u015b budzie?\u201d<\/p>\n<p style=\"text-align: center;\">\u201e Wszystkich do nas zapraszamy<\/p>\n<p style=\"text-align: center;\">Tu zabawa, muza, tany!<\/p>\n<p style=\"text-align: center;\">Tu narobi\u0107 si\u0119 nie trzeba<\/p>\n<p style=\"text-align: center;\">Tu frykasy zamiast chleba\u201d<\/p>\n<p style=\"text-align: justify;\">Rajski Ogr\u00f3d, Dw\u00f3r Heroda (niepowtarzalne wcielenie ksi\u0119dza Marka Weresy w rol\u0119 Hero<a href=\"https:\/\/www.parafiawierzbno.com.pl\/wp-content\/uploads\/2018\/03\/Orszak_Trzech_Kr\u00f3li_Wierzbno_2018_63.jpg\"><img loading=\"lazy\" class=\"size-medium wp-image-6719 alignright\" src=\"https:\/\/www.parafiawierzbno.com.pl\/wp-content\/uploads\/2018\/03\/Orszak_Trzech_Kr\u00f3li_Wierzbno_2018_63-300x200.jpg\" alt=\"\" width=\"300\" height=\"200\" srcset=\"https:\/\/www.parafiawierzbno.com.pl\/wp-content\/uploads\/2018\/03\/Orszak_Trzech_Kr\u00f3li_Wierzbno_2018_63-300x200.jpg 300w, https:\/\/www.parafiawierzbno.com.pl\/wp-content\/uploads\/2018\/03\/Orszak_Trzech_Kr\u00f3li_Wierzbno_2018_63-768x512.jpg 768w, https:\/\/www.parafiawierzbno.com.pl\/wp-content\/uploads\/2018\/03\/Orszak_Trzech_Kr\u00f3li_Wierzbno_2018_63.jpg 1024w, https:\/\/www.parafiawierzbno.com.pl\/wp-content\/uploads\/2018\/03\/Orszak_Trzech_Kr\u00f3li_Wierzbno_2018_63-225x150.jpg 225w, https:\/\/www.parafiawierzbno.com.pl\/wp-content\/uploads\/2018\/03\/Orszak_Trzech_Kr\u00f3li_Wierzbno_2018_63-150x100.jpg 150w\" sizes=\"(max-width: 300px) 100vw, 300px\" \/><\/a>da), Gospoda \u2013 kolejne mansjony roztacza\u0142y przed nami \u201euroki doczesno\u015bci\u201d, czyli lenistwa, pychy, pija\u0144stwa, ob\u017carstwa, nieczysto\u015bci, krzykliwie pr\u00f3bowa\u0142y deprecjonowa\u0107 hojno\u015b\u0107, umiarkowanie, pokor\u0119, czysto\u015b\u0107, cierpliwo\u015b\u0107 czy mi\u0142o\u015b\u0107. Nie s\u0105 to nam obce uczucia i postawy, zatrzymywali\u015bmy si\u0119 przy nich, ale nie zostawali\u015bmy. \u201e B\u00f3g ci\u0105gle czeka. Czeka na cz\u0142owieka\u201d \u2013 przypomina\u0142o kolejne orszakowe wezwanie. Oni, kr\u00f3lowie, ruszali dalej w drog\u0119, a my <a href=\"https:\/\/www.parafiawierzbno.com.pl\/wp-content\/uploads\/2018\/03\/Orszak_Trzech_Kr\u00f3li_Wierzbno_2018_128.jpg\"><img loading=\"lazy\" class=\"size-medium wp-image-6720 alignleft\" src=\"https:\/\/www.parafiawierzbno.com.pl\/wp-content\/uploads\/2018\/03\/Orszak_Trzech_Kr\u00f3li_Wierzbno_2018_128-200x300.jpg\" alt=\"\" width=\"200\" height=\"300\" srcset=\"https:\/\/www.parafiawierzbno.com.pl\/wp-content\/uploads\/2018\/03\/Orszak_Trzech_Kr\u00f3li_Wierzbno_2018_128-200x300.jpg 200w, https:\/\/www.parafiawierzbno.com.pl\/wp-content\/uploads\/2018\/03\/Orszak_Trzech_Kr\u00f3li_Wierzbno_2018_128-100x150.jpg 100w, https:\/\/www.parafiawierzbno.com.pl\/wp-content\/uploads\/2018\/03\/Orszak_Trzech_Kr\u00f3li_Wierzbno_2018_128.jpg 513w\" sizes=\"(max-width: 200px) 100vw, 200px\" \/><\/a>za nimi. Pot\u0119guj\u0105ca si\u0119 blisko\u015b\u0107 stajenki i Jezusa u\u015bwiadamiaj\u0105 nam, \u017ce w naszym \u017cyciu nie ma miejsca na kompromisy, nie mo\u017cemy ociera\u0107 si\u0119 o z\u0142o, by\u0107 \u017cyciowo letni. By si\u0119 z Nim spotka\u0107 potrzebne jest otwarte i zdecydowane zmierzenie si\u0119 z w\u0142asnymi s\u0142abo\u015bciami. Obrazowo ilustrowa\u0142 to kolejny mansjon na orszakowej trasie &#8211; Walka Dobra ze Z\u0142em. Walka mo\u017ce by\u0107 d\u0142uga, wyczerpuj\u0105ca, ale prowadzi do zwyci\u0119stwa! Jeszcze tylko Brama Anielska i witani s\u0142odkimi \u015bpiewami zast\u0119p\u00f3w anielskich wkroczyli\u015bmy w stref\u0119 sacrum, oddali\u015bmy pok\u0142on Bogu, kt\u00f3ry jest dla wszystkich, czeka na ka\u017cdego.<\/p>\n<p style=\"text-align: justify;\">&nbsp; &nbsp;Cisza, ub\u00f3stwo stajenki, brak jakichkolwiek ziemskich oznak Jego wielko\u015bci i wszechmocy \u2026 tu wszystko przemawia, chocia\u017c nie podaj\u0105 \u017cadne s\u0142owa, w tym mi\u0119dzy innymi wyra\u017ca si\u0119 Jego dost\u0119pno\u015b\u0107 i pot\u0119ga. Ma nam tyle do zaoferowania! &nbsp;Przepi\u0119knie uj\u0105\u0142 to Lambert Noben :<\/p>\n<p>Or\u0119dzie z Groty Betlejemskiej<\/p>\n<p style=\"text-align: center;\">Narodzi\u0142em si\u0119 NAGI, m\u00f3wi B\u00f3g,<br \/>\naby\u015b ty potrafi\u0142 wyrzeka\u0107 si\u0119 samego siebie.<\/p>\n<p style=\"text-align: center;\">Narodzi\u0142em si\u0119 UBOGI,<br \/>\naby\u015b ty m\u00f3g\u0142 uzna\u0107 mnie za jedyne bogactwo.<\/p>\n<p style=\"text-align: center;\">Narodzi\u0142em si\u0119 W STAJNI,<br \/>\naby\u015b ty nauczy\u0142 si\u0119 u\u015bwi\u0119ca\u0107 ka\u017cde miejsce.<\/p>\n<p style=\"text-align: center;\">Narodzi\u0142em si\u0119 BEZSILNY,<br \/>\naby\u015b ty nigdy si\u0119 mnie nie l\u0119ka\u0142.<\/p>\n<p style=\"text-align: center;\">Narodzi\u0142em si\u0119 Z MI\u0141O\u015aCI,<br \/>\naby\u015b ty nigdy nie zw\u0105tpi\u0142 w moj\u0105 mi\u0142o\u015b\u0107.<\/p>\n<p style=\"text-align: center;\">Narodzi\u0142em si\u0119 W NOCY,<br \/>\naby\u015b ty uwierzy\u0142, i\u017c mog\u0119 rozja\u015bni\u0107 ka\u017cd\u0105<br \/>\nrzeczywisto\u015b\u0107 spowit\u0105 ciemno\u015bci\u0105.<\/p>\n<p style=\"text-align: center;\">Narodzi\u0142em si\u0119 W LUDZKIEJ POSTACI, m\u00f3wi B\u00f3g,<br \/>\naby\u015b ty nigdy nie wstydzi\u0142 si\u0119 by\u0107 sob\u0105.<\/p>\n<p style=\"text-align: center;\">Narodzi\u0142em si\u0119 JAKO CZ\u0141OWIEK,<br \/>\naby\u015b ty m\u00f3g\u0142 si\u0119 sta\u0107 synem Bo\u017cym.<\/p>\n<p style=\"text-align: center;\">Narodzi\u0142em si\u0119 PRZE\u015aLADOWANY OD POCZ\u0104TKU,<br \/>\naby\u015b ty nauczy\u0142 si\u0119 przyjmowa\u0107 wszelkie trudno\u015bci.<\/p>\n<p style=\"text-align: center;\">Narodzi\u0142em si\u0119 W PROSTOCIE,<br \/>\naby\u015b ty nie by\u0142 wewn\u0119trznie zagmatwany.<\/p>\n<p style=\"text-align: center;\">Narodzi\u0142em si\u0119 W TWOIM LUDZKIM \u017bYCIU,<br \/>\nm\u00f3wi B\u00f3g, aby wszystkich ludzi zaprowadzi\u0107 do domu Ojca.<\/p>\n<p style=\"text-align: justify;\">\u201e B\u00f3g jest dla wszystkich \u2013 wszyscy do stajenki\u201d . Sam nas zaprasza, Sam na nas czeka, Sam razem z nami pokonuje nasze \u017cyciowe zakr\u0119ty i nieustannie wskazuje drog\u0119, a Orszak Trzech Kr\u00f3li pomaga zrozumie\u0107 t\u0119 prawd\u0119.<\/p>\n<p style=\"text-align: right;\">Ma\u0142gorzata W\u0105sowska<\/p>\n","protected":false},"excerpt":{"rendered":"<p>Takie zawo\u0142anie towarzyszy\u0142o Orszakowi Trzech Kr\u00f3li A.D. 2018. Nasza niewielka wsp\u00f3lnota parafialna znalaz\u0142a si\u0119 w gronie 660 miejscowo\u015bci, w kt\u00f3rych zorganizowano te najwi\u0119ksze na \u015bwiecie uliczne jase\u0142ka. Cieszymy si\u0119, \u017ce po raz czwarty mogli\u015bmy w tak szerokim gronie dzieli\u0107 rado\u015b\u0107 z Narodzenia naszego Pana. \u201eW Orszaku Trzech Kr\u00f3li idziemy nie gdziekolwiek, za kimkolwiek, ale za Chrystusem\u201d &#8211; napisa\u0142&nbsp; ks. prof. Piotr Mazurkiewicz. Ju\u017c kr\u00f3tka refleksja nad tym komentarzem pozwala inaczej, g\u0142\u0119biej spojrze\u0107 na to wydarzenie, dostrzec jego metaforyczny charakter. Droga do stajenki, do male\u0144kiego Jezusa to w telegraficznym skr\u00f3cie obraz naszej najwa\u017cniejszej drogi do najwa\u017cniejszego w naszym \u017cyciu spotkania. Z odwiecznym S\u0142owem, kt\u00f3re sta\u0142o si\u0119 Cia\u0142em i&nbsp; zawsze czeka na nas. Zewn\u0119trzne okoliczno\u015bci tegorocznego Orszaku,<\/p>\n","protected":false},"author":1,"featured_media":0,"comment_status":"closed","ping_status":"closed","sticky":false,"template":"","format":"standard","meta":{"ngg_post_thumbnail":0},"categories":[1],"tags":[],"_links":{"self":[{"href":"https:\/\/www.parafiawierzbno.com.pl\/index.php?rest_route=\/wp\/v2\/posts\/6709"}],"collection":[{"href":"https:\/\/www.parafiawierzbno.com.pl\/index.php?rest_route=\/wp\/v2\/posts"}],"about":[{"href":"https:\/\/www.parafiawierzbno.com.pl\/index.php?rest_route=\/wp\/v2\/types\/post"}],"author":[{"embeddable":true,"href":"https:\/\/www.parafiawierzbno.com.pl\/index.php?rest_route=\/wp\/v2\/users\/1"}],"replies":[{"embeddable":true,"href":"https:\/\/www.parafiawierzbno.com.pl\/index.php?rest_route=%2Fwp%2Fv2%2Fcomments&post=6709"}],"version-history":[{"count":7,"href":"https:\/\/www.parafiawierzbno.com.pl\/index.php?rest_route=\/wp\/v2\/posts\/6709\/revisions"}],"predecessor-version":[{"id":6721,"href":"https:\/\/www.parafiawierzbno.com.pl\/index.php?rest_route=\/wp\/v2\/posts\/6709\/revisions\/6721"}],"wp:attachment":[{"href":"https:\/\/www.parafiawierzbno.com.pl\/index.php?rest_route=%2Fwp%2Fv2%2Fmedia&parent=6709"}],"wp:term":[{"taxonomy":"category","embeddable":true,"href":"https:\/\/www.parafiawierzbno.com.pl\/index.php?rest_route=%2Fwp%2Fv2%2Fcategories&post=6709"},{"taxonomy":"post_tag","embeddable":true,"href":"https:\/\/www.parafiawierzbno.com.pl\/index.php?rest_route=%2Fwp%2Fv2%2Ftags&post=6709"}],"curies":[{"name":"wp","href":"https:\/\/api.w.org\/{rel}","templated":true}]}}