{"id":7232,"date":"2018-03-31T23:56:14","date_gmt":"2018-03-31T21:56:14","guid":{"rendered":"https:\/\/www.parafiawierzbno.com.pl\/?p=7232"},"modified":"2018-03-31T23:56:54","modified_gmt":"2018-03-31T21:56:54","slug":"niebo-i-ziemia-sie-ciesza-alleluja-ze-zmartwychwstania-twojego-chryste-alleluja","status":"publish","type":"post","link":"https:\/\/www.parafiawierzbno.com.pl\/?p=7232","title":{"rendered":"Niebo i ziemia si\u0119 ciesz\u0105. Alleluja! Ze Zmartwychwstania Twojego, Chryste. Alleluja!"},"content":{"rendered":"<p style=\"text-align: justify;\"><strong>Drodzy P<a href=\"https:\/\/www.parafiawierzbno.com.pl\/wp-content\/uploads\/2018\/03\/\u017byczenia_WN.jpg\"><img loading=\"lazy\" class=\"size-medium wp-image-7235 alignleft\" src=\"https:\/\/www.parafiawierzbno.com.pl\/wp-content\/uploads\/2018\/03\/\u017byczenia_WN-225x300.jpg\" alt=\"\" width=\"225\" height=\"300\" srcset=\"https:\/\/www.parafiawierzbno.com.pl\/wp-content\/uploads\/2018\/03\/\u017byczenia_WN-225x300.jpg 225w, https:\/\/www.parafiawierzbno.com.pl\/wp-content\/uploads\/2018\/03\/\u017byczenia_WN-113x150.jpg 113w, https:\/\/www.parafiawierzbno.com.pl\/wp-content\/uploads\/2018\/03\/\u017byczenia_WN.jpg 576w\" sizes=\"(max-width: 225px) 100vw, 225px\" \/><\/a>arafianie i Szanowni Czytelnicy naszej strony!<\/strong><\/p>\n<p style=\"text-align: justify;\"><strong>Wyznaj\u0105c wiar\u0119 w Zmartwychwsta\u0142ego Pana, kt\u00f3ry pokona\u0142 \u015bmier\u0107 i star\u0142 o\u015bcie\u0144 grzechu, prze\u017cywamy paschaln\u0105 rado\u015b\u0107. Niech Pan obdarzy Was pokojem i entuzjazmem wiary, \u017cyw\u0105 nadziej\u0105, by\u015bcie stali si\u0119 \u015bwiadkami spotkania z Chrystusem. Niech Jego b\u0142ogos\u0142awie\u0144stwo roz\u015bwietla drogi Waszego \u017cycia.<\/strong><\/p>\n<p style=\"text-align: right;\">&#8211; Z darem ufnej modlitwy \u2013 ks. Kazimierz J\u00f3\u017awik<\/p>\n<p><strong><em>P.S. Jako \u015bwi\u0105teczny upominek dedykuj\u0119 Wam pi\u0119kny wiersz Romana Brandstaettera:<\/em><\/strong><\/p>\n<p>&nbsp;<\/p>\n<p style=\"text-align: center;\"><strong>Opowiadanie \u015awi\u0119tej Jaskini<\/strong><br \/>\nPrze\u017cy\u0142am dzieje wszystkich kamieni<br \/>\nOd prapocz\u0105tku, gdy jeszcze by\u0142am<br \/>\nP\u0142on\u0105cym odpryskiem s\u0142o\u0144ca,<br \/>\nA\u017c po dzie\u0144, gdy wy\u017c\u0142obiona oskardem<br \/>\nSprawiedliwego m\u0119\u017ca, J\u00f3zefa z Arymatei,<br \/>\nZamieni\u0142am si\u0119 w jaskini\u0119,<br \/>\nW kt\u00f3rej leg\u0142o martwe Cia\u0142o Jezusa \u2013<br \/>\nJa,<br \/>\nMaria wykuta w z\u0142otym piaskowcu,<br \/>\nMaria skalista,<br \/>\nMaria kamienna.<!--more--><\/p>\n<p style=\"text-align: center;\">Cia\u0142o Jezusa le\u017ca\u0142o we mnie martwe,<br \/>\nW\u015br\u00f3d czterech \u015bcian mojego cia\u0142a,<br \/>\nOwini\u0119te w p\u0142\u00f3tno,<br \/>\nNasycone mirr\u0105 i aloesem,<br \/>\nKt\u00f3re Nikodem naby\u0142 u aptekarza<br \/>\nNa chwil\u0119 przed zapaleniem<br \/>\nMosi\u0119\u017cnych lichtarzy.<br \/>\nPotem przywalili mnie g\u0142azem<br \/>\nJak niesko\u0144czono\u015bci\u0105<br \/>\nI postawili przede mn\u0105 stra\u017cnik\u00f3w,<br \/>\nKt\u00f3rzy mieli strzec<br \/>\nMojej samotno\u015bci<br \/>\nI mojego \u0142ona.<br \/>\nI by\u0142am jak matka,<br \/>\nBy\u0142am \u017cywotem,<br \/>\nW kt\u00f3rym ros\u0142o i dojrzewa\u0142o<br \/>\nBrzemi\u0119 wieczno\u015bci,<br \/>\nJa,<br \/>\nMaria wykuta w z\u0142otym piaskowcu,<br \/>\nMaria skalista,<br \/>\nMaria kamienna.<\/p>\n<p style=\"text-align: center;\">I tak przez trzy dni dojrzewa\u0142o we mnie<br \/>\nZmartwychwstanie Cia\u0142a,<br \/>\nKt\u00f3re si\u0119 nape\u0142nia\u0142o<br \/>\nTre\u015bci\u0105 nie\u015bmiertelno\u015bci.<br \/>\nA dzia\u0142o si\u0119 to w por\u0119,<br \/>\nGdy pobo\u017cne niewiasty,<br \/>\nWr\u00f3ciwszy do swoich domowych zaj\u0119\u0107,<br \/>\nPiek\u0142y placki na gor\u0105cym kamieniu,<br \/>\nA smutni i przera\u017ceni uczniowie<br \/>\nPochowali si\u0119 po obcych domach,<br \/>\nPo strychach i piwnicach,<br \/>\nI milcz\u0105cy czekali,<br \/>\nChocia\u017c nie wiedzieli, na co czekaj\u0105.<\/p>\n<p style=\"text-align: center;\">A\u017c dnia trzeciego, a by\u0142o ju\u017c p\u00f3\u017ano<br \/>\nPo szabacie, zacz\u0119\u0142am dr\u017ce\u0107<br \/>\nNa ca\u0142ym ciele.<br \/>\nMoje \u0142ono wstrz\u0105sane konwulsjami porodu<br \/>\nNape\u0142ni\u0142o si\u0119 niebiosami i psalmami.<br \/>\nP\u0119k\u0142y piecz\u0119cie na moim ciele.<br \/>\nI wyszed\u0142 ze mnie, jak z dojrza\u0142ego owocu,<br \/>\nZmartwychwsta\u0142y i \u015bpiewaj\u0105cy<br \/>\nB\u00f3g.<\/p>\n<p style=\"text-align: center;\">A wieczorem, gdy przyby\u0142y do mnie<br \/>\nPobo\u017cne niewiasty,<br \/>\nZgarbione pod ci\u0119\u017carem wonno\u015bci,<br \/>\nBy\u0142am ju\u017c pusta,<br \/>\nJa,<br \/>\nKt\u00f3ra prze\u017cy\u0142am dzieje wszystkich kamieni,<br \/>\nMaria wykuta w z\u0142otym piaskowcu,<br \/>\nMaria skalista,<br \/>\nMaria kamienna.<\/p>\n","protected":false},"excerpt":{"rendered":"<p>Drodzy Parafianie i Szanowni Czytelnicy naszej strony! Wyznaj\u0105c wiar\u0119 w Zmartwychwsta\u0142ego Pana, kt\u00f3ry pokona\u0142 \u015bmier\u0107 i star\u0142 o\u015bcie\u0144 grzechu, prze\u017cywamy paschaln\u0105 rado\u015b\u0107. Niech Pan obdarzy Was pokojem i entuzjazmem wiary, \u017cyw\u0105 nadziej\u0105, by\u015bcie stali si\u0119 \u015bwiadkami spotkania z Chrystusem. Niech Jego b\u0142ogos\u0142awie\u0144stwo roz\u015bwietla drogi Waszego \u017cycia. &#8211; Z darem ufnej modlitwy \u2013 ks. Kazimierz J\u00f3\u017awik P.S. Jako \u015bwi\u0105teczny upominek dedykuj\u0119 Wam pi\u0119kny wiersz Romana Brandstaettera: &nbsp; Opowiadanie \u015awi\u0119tej Jaskini Prze\u017cy\u0142am dzieje wszystkich kamieni Od prapocz\u0105tku, gdy jeszcze by\u0142am P\u0142on\u0105cym odpryskiem s\u0142o\u0144ca, A\u017c po dzie\u0144, gdy wy\u017c\u0142obiona oskardem Sprawiedliwego m\u0119\u017ca, J\u00f3zefa z Arymatei, Zamieni\u0142am si\u0119 w jaskini\u0119, W kt\u00f3rej leg\u0142o martwe Cia\u0142o Jezusa \u2013 Ja, Maria wykuta w z\u0142otym piaskowcu, Maria skalista, Maria kamienna.<\/p>\n","protected":false},"author":1,"featured_media":0,"comment_status":"closed","ping_status":"closed","sticky":false,"template":"","format":"standard","meta":{"ngg_post_thumbnail":0},"categories":[1],"tags":[],"_links":{"self":[{"href":"https:\/\/www.parafiawierzbno.com.pl\/index.php?rest_route=\/wp\/v2\/posts\/7232"}],"collection":[{"href":"https:\/\/www.parafiawierzbno.com.pl\/index.php?rest_route=\/wp\/v2\/posts"}],"about":[{"href":"https:\/\/www.parafiawierzbno.com.pl\/index.php?rest_route=\/wp\/v2\/types\/post"}],"author":[{"embeddable":true,"href":"https:\/\/www.parafiawierzbno.com.pl\/index.php?rest_route=\/wp\/v2\/users\/1"}],"replies":[{"embeddable":true,"href":"https:\/\/www.parafiawierzbno.com.pl\/index.php?rest_route=%2Fwp%2Fv2%2Fcomments&post=7232"}],"version-history":[{"count":8,"href":"https:\/\/www.parafiawierzbno.com.pl\/index.php?rest_route=\/wp\/v2\/posts\/7232\/revisions"}],"predecessor-version":[{"id":7241,"href":"https:\/\/www.parafiawierzbno.com.pl\/index.php?rest_route=\/wp\/v2\/posts\/7232\/revisions\/7241"}],"wp:attachment":[{"href":"https:\/\/www.parafiawierzbno.com.pl\/index.php?rest_route=%2Fwp%2Fv2%2Fmedia&parent=7232"}],"wp:term":[{"taxonomy":"category","embeddable":true,"href":"https:\/\/www.parafiawierzbno.com.pl\/index.php?rest_route=%2Fwp%2Fv2%2Fcategories&post=7232"},{"taxonomy":"post_tag","embeddable":true,"href":"https:\/\/www.parafiawierzbno.com.pl\/index.php?rest_route=%2Fwp%2Fv2%2Ftags&post=7232"}],"curies":[{"name":"wp","href":"https:\/\/api.w.org\/{rel}","templated":true}]}}