{"id":7868,"date":"2018-07-23T06:40:15","date_gmt":"2018-07-23T04:40:15","guid":{"rendered":"https:\/\/www.parafiawierzbno.com.pl\/?p=7868"},"modified":"2018-07-23T06:40:15","modified_gmt":"2018-07-23T04:40:15","slug":"spotkanie-ze-swiecka-misjonarka","status":"publish","type":"post","link":"https:\/\/www.parafiawierzbno.com.pl\/?p=7868","title":{"rendered":"Spotkanie ze \u015bwieck\u0105 misjonark\u0105"},"content":{"rendered":"<p style=\"text-align: justify;\"><a href=\"https:\/\/www.parafiawierzbno.com.pl\/wp-content\/uploads\/2018\/07\/DSCN1232.jpg\"><img loading=\"lazy\" class=\"size-medium wp-image-7870 alignleft\" src=\"https:\/\/www.parafiawierzbno.com.pl\/wp-content\/uploads\/2018\/07\/DSCN1232-300x225.jpg\" alt=\"\" width=\"300\" height=\"225\" srcset=\"https:\/\/www.parafiawierzbno.com.pl\/wp-content\/uploads\/2018\/07\/DSCN1232-300x225.jpg 300w, https:\/\/www.parafiawierzbno.com.pl\/wp-content\/uploads\/2018\/07\/DSCN1232-768x576.jpg 768w, https:\/\/www.parafiawierzbno.com.pl\/wp-content\/uploads\/2018\/07\/DSCN1232.jpg 1024w, https:\/\/www.parafiawierzbno.com.pl\/wp-content\/uploads\/2018\/07\/DSCN1232-200x150.jpg 200w, https:\/\/www.parafiawierzbno.com.pl\/wp-content\/uploads\/2018\/07\/DSCN1232-150x113.jpg 150w\" sizes=\"(max-width: 300px) 100vw, 300px\" \/><\/a>W niedziel\u0119 8 lipca go\u015bcili\u015bmy w naszej wsp\u00f3lnocie misjonark\u0119 Katarzyn\u0119 Parnick\u0105. Jej cicha obecno\u015b\u0107 na Eucharystii i \u017cywe \u015bwiadectwo, jako \u015bwieckiej misjonarki pos\u0142uguj\u0105cej na misjach w Paragwaju, poruszy\u0142o serca wielu parafian. Misjonarze s\u0105 szczeg\u00f3lnym bogactwem Ko\u015bcio\u0142a, poniewa\u017c s\u0105 na pierwszej linii frontu budowania Kr\u00f3lestwa Bo\u017cego.<\/p>\n<p style=\"text-align: justify;\">Katarzyna Parnicka pochodzi z Bia\u0142ej Podlaskiej i po rocznym przygotowaniu Centrum Formacji Misyjnej w Warszawie, w 2013 roku wyjecha\u0142a do Boliwii. Przez cztery lata s\u0142u\u017cy\u0142a w Bulo Bulo, gdzie pracuj\u0105 kap\u0142ani z diecezji siedleckiej. W Bulo Bulo by\u0142a administratorem i katechetk\u0105 w&nbsp; internacie dla dziewcz\u0105t, aby je dobrze przygotowywa\u0107 do odpowiedzialnego \u017cycia wed\u0142ug zasad Ewangelii. W 2017 roku Katarzyna przejecha\u0142a do Paragwaju i pos\u0142uguje w Pastoreo w misji prowadzonej przez ojc\u00f3w werbist\u00f3w. Obecnie pracuje w szkole rolniczej, prowadzonej przez misjonarzy. Oko\u0142o 120 ch\u0142opc\u00f3w i 30 dziewcz\u0105t (w wieku 15-18 lat) uczy si\u0119 w tej szkole jak uprawia\u0107 rol\u0119, obs\u0142ugiwa\u0107 maszyny i narz\u0119dzia rolnicze, jak nale\u017cy hodowa\u0107 dr\u00f3b, \u015bwinie i byd\u0142o. Katarzyna \u201espala si\u0119\u201d, s\u0142u\u017c\u0105c m\u0142odzie\u017cy. Zajmuje si\u0119 katechez\u0105, przygotowaniem do sakrament\u00f3w \u015bw., podejmuje zadania terapeuty i pedagoga szkolnego oraz prowadzi praktyczne zaj\u0119cia z zakresu przetw\u00f3rstwa. Du\u017cym problemem by\u0142a w ostatnich latach dewastacja tej szko\u0142y przez &nbsp;osadnik\u00f3w paragwajskich. Obecnie sytuacja poprawi\u0142a si\u0119. Niedawno w\u0142adze pa\u0144stwowe zn\u00f3w odda\u0142y t\u0119 plac\u00f3wk\u0119 pod opiek\u0119 ojc\u00f3w werbist\u00f3w.<br \/>\nMisjonarka Katarzyna Parnicka nie jest siostr\u0105 zakonn\u0105 czy osob\u0105 konsekrowan\u0105, dlatego tym bardziej potrzebuje modlitewnego wsparcia. Ogromnie ceni sobie modlitw\u0119 r\u00f3\u017ca\u0144cow\u0105, kt\u00f3r\u0105 por\u00f3wna\u0142a do parasola. Jak on stanowi dla nas ochron\u0119 przed deszczem, tak r\u00f3\u017caniec jest obron\u0105 przed atakami szatana. Prosi\u0142a o takie w\u0142a\u015bnie modlitewne wsparcie z naszej strony.<a href=\"https:\/\/www.parafiawierzbno.com.pl\/wp-content\/uploads\/2018\/07\/DSCN1243.jpg\"><img loading=\"lazy\" class=\"size-medium wp-image-7871 alignright\" src=\"https:\/\/www.parafiawierzbno.com.pl\/wp-content\/uploads\/2018\/07\/DSCN1243-225x300.jpg\" alt=\"\" width=\"225\" height=\"300\" srcset=\"https:\/\/www.parafiawierzbno.com.pl\/wp-content\/uploads\/2018\/07\/DSCN1243-225x300.jpg 225w, https:\/\/www.parafiawierzbno.com.pl\/wp-content\/uploads\/2018\/07\/DSCN1243-113x150.jpg 113w, https:\/\/www.parafiawierzbno.com.pl\/wp-content\/uploads\/2018\/07\/DSCN1243.jpg 576w\" sizes=\"(max-width: 225px) 100vw, 225px\" \/><\/a><br \/>\nMoi Drodzy, od dnia przyj\u0119cia Sakramentu Chrztu \u015bwi\u0119tego ka\u017cdy z nas nale\u017cy do Ko\u015bcio\u0142a Katolickiego. Nie zawsze \u0142atwo jest odnale\u017a\u0107&nbsp; w nim swoje miejsce. Zapa\u0142 i entuzjazm, z jakim Katarzyna m\u00f3wi\u0142a o swojej nie\u0142atwej pracy, spok\u00f3j, kt\u00f3rym emanowa\u0142a ca\u0142a jej osoba, mog\u0105 stanowi\u0107 ciekawy materia\u0142 do przemy\u015ble\u0144 nad rol\u0105 ka\u017cdego z nas w Ko\u015bciele Powszechnym. Z dala od rodzinnego domu, ugruntowanych przyja\u017ani, tego co cz\u0119sto usprawiedliwia m\u0142odzie\u0144cze zachowania mo\u017cna z pasj\u0105 s\u0142u\u017cy\u0107 Panu Bogu i drugiemu cz\u0142owiekowi, realizowa\u0107 si\u0119. Katarzyna jest tego przyk\u0142adem. By\u0107 mo\u017ce przyk\u0142ad jej misyjnej pos\u0142ugi pomo\u017ce komu\u015b zainteresowa\u0107 si\u0119 misjami. Dla Chrystusa ka\u017cdy z nas jest wa\u017cny i potrzebny. Wszyscy budujemy Ko\u015bci\u00f3\u0142 jako Mistyczne Cia\u0142o Chrystusa i zada\u0144 jest bardzo du\u017co. Aposto\u0142 Pawe\u0142, pos\u0142uguj\u0105c si\u0119 por\u00f3wnaniem, \u017ce jak w organizmie ludzkim jest tyle tkanek i narz\u0105d\u00f3w (oczy, uszy, r\u0119ce, nogi\u2026) niezb\u0119dnych dla dobrego funkcjonowania, wskaza\u0142, \u017ce i w Ko\u015bciele nie mo\u017cna by\u0107 tylko pasywnym chrze\u015bcijaninem. \u201eWy przeto jeste\u015bcie Cia\u0142em Chrystusa i poszczeg\u00f3lnymi Jego cz\u0142onkami\u201d (1 Kor 12,27).<br \/>\nUfam, \u017ce modlitw\u0105 (cho\u0107by jednym dziesi\u0105tkiem r\u00f3\u017ca\u0144ca) wesprzemy misjonark\u0119 Katarzyn\u0119 i innych misjonarzy, aby nie\u015bli mi\u0142o\u015b\u0107 Chrystusa&nbsp; i Jego Ewangeli\u0119 tam, gdzie s\u0105 pos\u0142ani.<\/p>\n<p style=\"text-align: right;\">&#8211; z zapewnieniem modlitwy \u2013 ks. Kazimierz J\u00f3\u017awik.<\/p>\n","protected":false},"excerpt":{"rendered":"<p>W niedziel\u0119 8 lipca go\u015bcili\u015bmy w naszej wsp\u00f3lnocie misjonark\u0119 Katarzyn\u0119 Parnick\u0105. Jej cicha obecno\u015b\u0107 na Eucharystii i \u017cywe \u015bwiadectwo, jako \u015bwieckiej misjonarki pos\u0142uguj\u0105cej na misjach w Paragwaju, poruszy\u0142o serca wielu parafian. Misjonarze s\u0105 szczeg\u00f3lnym bogactwem Ko\u015bcio\u0142a, poniewa\u017c s\u0105 na pierwszej linii frontu budowania Kr\u00f3lestwa Bo\u017cego. Katarzyna Parnicka pochodzi z Bia\u0142ej Podlaskiej i po rocznym przygotowaniu Centrum Formacji Misyjnej w Warszawie, w 2013 roku wyjecha\u0142a do Boliwii. Przez cztery lata s\u0142u\u017cy\u0142a w Bulo Bulo, gdzie pracuj\u0105 kap\u0142ani z diecezji siedleckiej. W Bulo Bulo by\u0142a administratorem i katechetk\u0105 w&nbsp; internacie dla dziewcz\u0105t, aby je dobrze przygotowywa\u0107 do odpowiedzialnego \u017cycia wed\u0142ug zasad Ewangelii. W 2017 roku Katarzyna przejecha\u0142a do Paragwaju i pos\u0142uguje w Pastoreo w misji prowadzonej przez ojc\u00f3w werbist\u00f3w. Obecnie pracuje w szkole rolniczej, prowadzonej przez misjonarzy. Oko\u0142o 120 ch\u0142opc\u00f3w i 30 dziewcz\u0105t (w wieku 15-18 lat) uczy si\u0119 w tej szkole jak uprawia\u0107 rol\u0119, obs\u0142ugiwa\u0107 maszyny i narz\u0119dzia rolnicze, jak nale\u017cy \u2026 <a class=\"continue-reading-link\" href=\"https:\/\/www.parafiawierzbno.com.pl\/?p=7868\">Czytaj dalej <span class=\"meta-nav\">&rarr; <\/span><\/a><\/p>\n","protected":false},"author":1,"featured_media":0,"comment_status":"closed","ping_status":"closed","sticky":false,"template":"","format":"standard","meta":{"ngg_post_thumbnail":0},"categories":[1],"tags":[],"_links":{"self":[{"href":"https:\/\/www.parafiawierzbno.com.pl\/index.php?rest_route=\/wp\/v2\/posts\/7868"}],"collection":[{"href":"https:\/\/www.parafiawierzbno.com.pl\/index.php?rest_route=\/wp\/v2\/posts"}],"about":[{"href":"https:\/\/www.parafiawierzbno.com.pl\/index.php?rest_route=\/wp\/v2\/types\/post"}],"author":[{"embeddable":true,"href":"https:\/\/www.parafiawierzbno.com.pl\/index.php?rest_route=\/wp\/v2\/users\/1"}],"replies":[{"embeddable":true,"href":"https:\/\/www.parafiawierzbno.com.pl\/index.php?rest_route=%2Fwp%2Fv2%2Fcomments&post=7868"}],"version-history":[{"count":2,"href":"https:\/\/www.parafiawierzbno.com.pl\/index.php?rest_route=\/wp\/v2\/posts\/7868\/revisions"}],"predecessor-version":[{"id":7872,"href":"https:\/\/www.parafiawierzbno.com.pl\/index.php?rest_route=\/wp\/v2\/posts\/7868\/revisions\/7872"}],"wp:attachment":[{"href":"https:\/\/www.parafiawierzbno.com.pl\/index.php?rest_route=%2Fwp%2Fv2%2Fmedia&parent=7868"}],"wp:term":[{"taxonomy":"category","embeddable":true,"href":"https:\/\/www.parafiawierzbno.com.pl\/index.php?rest_route=%2Fwp%2Fv2%2Fcategories&post=7868"},{"taxonomy":"post_tag","embeddable":true,"href":"https:\/\/www.parafiawierzbno.com.pl\/index.php?rest_route=%2Fwp%2Fv2%2Ftags&post=7868"}],"curies":[{"name":"wp","href":"https:\/\/api.w.org\/{rel}","templated":true}]}}