{"id":8310,"date":"2018-11-03T13:37:45","date_gmt":"2018-11-03T12:37:45","guid":{"rendered":"https:\/\/www.parafiawierzbno.com.pl\/?p=8310"},"modified":"2018-11-03T13:37:45","modified_gmt":"2018-11-03T12:37:45","slug":"swieto-seniorow","status":"publish","type":"post","link":"https:\/\/www.parafiawierzbno.com.pl\/?p=8310","title":{"rendered":"\u015awi\u0119to Senior\u00f3w"},"content":{"rendered":"<p style=\"text-align: justify;\"><a href=\"https:\/\/www.parafiawierzbno.com.pl\/wp-content\/uploads\/2018\/11\/DSCN1678.jpg\"><img loading=\"lazy\" class=\"size-medium wp-image-8316 alignleft\" src=\"https:\/\/www.parafiawierzbno.com.pl\/wp-content\/uploads\/2018\/11\/DSCN1678-300x225.jpg\" alt=\"\" width=\"300\" height=\"225\" srcset=\"https:\/\/www.parafiawierzbno.com.pl\/wp-content\/uploads\/2018\/11\/DSCN1678-300x225.jpg 300w, https:\/\/www.parafiawierzbno.com.pl\/wp-content\/uploads\/2018\/11\/DSCN1678-768x576.jpg 768w, https:\/\/www.parafiawierzbno.com.pl\/wp-content\/uploads\/2018\/11\/DSCN1678.jpg 1024w, https:\/\/www.parafiawierzbno.com.pl\/wp-content\/uploads\/2018\/11\/DSCN1678-200x150.jpg 200w, https:\/\/www.parafiawierzbno.com.pl\/wp-content\/uploads\/2018\/11\/DSCN1678-150x113.jpg 150w\" sizes=\"(max-width: 300px) 100vw, 300px\" \/><\/a>7 pa\u017adziernika, w Kalendarzu Liturgicznym&nbsp; XXVII niedziel\u0119 zwyk\u0142\u0105, w naszej spo\u0142eczno\u015bci parafialnej \u015bwi\u0119towali\u015bmy inaczej ni\u017c zwykle, bogaciej. Ju\u017c po raz trzeci z inicjatywy ks. Proboszcza Kazimierza J\u00f3\u017awika i cz\u0142onk\u00f3w M\u0142odzie\u017cowego Zespo\u0142u Charytatywnego obchodzili\u015bmy Parafialny Dzie\u0144 Seniora. Na uroczyst\u0105 Eucharysti\u0119 o godzinie 9.00 zaproszone zosta\u0142y osoby 70+, przybyli tak\u017ce przedstawiciele w\u0142adz samorz\u0105dowych oraz lokalnych instytucji. Po jej zako\u0144czeniu \u017cyczenia Szanownym Seniorom z\u0142o\u017cyli p. Hanna Kelleher, W\u00f3jt Gminy Wierzbno, p. El\u017cbieta Trojanowska, kierownik WTZ w Jaworku oraz Kierownik GOPS, p. Witold Pi\u00f3rek. <a href=\"https:\/\/www.parafiawierzbno.com.pl\/wp-content\/uploads\/2018\/11\/DSCN1664.jpg\"><img loading=\"lazy\" class=\"size-medium wp-image-8314 alignright\" src=\"https:\/\/www.parafiawierzbno.com.pl\/wp-content\/uploads\/2018\/11\/DSCN1664-300x225.jpg\" alt=\"\" width=\"300\" height=\"225\" srcset=\"https:\/\/www.parafiawierzbno.com.pl\/wp-content\/uploads\/2018\/11\/DSCN1664-300x225.jpg 300w, https:\/\/www.parafiawierzbno.com.pl\/wp-content\/uploads\/2018\/11\/DSCN1664-768x576.jpg 768w, https:\/\/www.parafiawierzbno.com.pl\/wp-content\/uploads\/2018\/11\/DSCN1664.jpg 1024w, https:\/\/www.parafiawierzbno.com.pl\/wp-content\/uploads\/2018\/11\/DSCN1664-200x150.jpg 200w, https:\/\/www.parafiawierzbno.com.pl\/wp-content\/uploads\/2018\/11\/DSCN1664-150x113.jpg 150w\" sizes=\"(max-width: 300px) 100vw, 300px\" \/><\/a>W kr\u00f3tkim przem\u00f3wieniu &#8211; gaw\u0119dzie p. Eugeniusz Kudelski przypomnia\u0142 jak to \u201edrzewniej bywa\u0142o\u201d- w latach 40\u2013tych, 50\u2013tych ubieg\u0142ego wieku, czyli w latach dzieci\u0144stwa i m\u0142odo\u015bci bohater\u00f3w niedzielnej uroczysto\u015bci. Spotkanie zako\u0144czy\u0142a cz\u0119\u015b\u0107 artystyczna w wykonaniu uczni\u00f3w Szko\u0142y Podstawowej w Wierzbnie i wr\u0119czenie upomink\u00f3w przygotowanych przez WTZ w Jaworku<\/p>\n<p style=\"text-align: justify;\">Jak bez szumnych s\u0142\u00f3w i frazes\u00f3w okre\u015bli\u0107&nbsp; g\u0142\u0119bi\u0119 relacji wobec drugiego cz\u0142owieka?<br \/>\n\u201e Dobrze, \u017ce jeste\u015b \u201d. Najpro\u015bciej, najkr\u00f3cej, ale bardzo wymownie.<br \/>\nTak wi\u0119c: \u201eDobrze, \u017ce jeste\u015bcie\u201d, chcemy powtarza\u0107 naszym babciom i dziadkom, tym rodzonym i tym z s\u0105siedztwa, nie tylko przy okazji Ich \u015bwi\u0105t, ale ka\u017cdego dnia.<\/p>\n<p style=\"text-align: justify;\">Dobrze, \u017ce s\u0105 Ci, kt\u00f3rzy nie poddaj\u0105 si\u0119 bezwiednie duchowi wsp\u00f3\u0142czesnego \u015bwiata i s\u0105 ostoj\u0105 tradycyjnych, sprawdzonych warto\u015bci. Dobrze, \u017ce s\u0105 Tacy, kt\u00f3rzy w do<a href=\"https:\/\/www.parafiawierzbno.com.pl\/wp-content\/uploads\/2018\/11\/DSCN1669.jpg\"><img loading=\"lazy\" class=\"size-medium wp-image-8315 alignleft\" src=\"https:\/\/www.parafiawierzbno.com.pl\/wp-content\/uploads\/2018\/11\/DSCN1669-300x225.jpg\" alt=\"\" width=\"300\" height=\"225\" srcset=\"https:\/\/www.parafiawierzbno.com.pl\/wp-content\/uploads\/2018\/11\/DSCN1669-300x225.jpg 300w, https:\/\/www.parafiawierzbno.com.pl\/wp-content\/uploads\/2018\/11\/DSCN1669-768x576.jpg 768w, https:\/\/www.parafiawierzbno.com.pl\/wp-content\/uploads\/2018\/11\/DSCN1669.jpg 1024w, https:\/\/www.parafiawierzbno.com.pl\/wp-content\/uploads\/2018\/11\/DSCN1669-200x150.jpg 200w, https:\/\/www.parafiawierzbno.com.pl\/wp-content\/uploads\/2018\/11\/DSCN1669-150x113.jpg 150w\" sizes=\"(max-width: 300px) 100vw, 300px\" \/><\/a>mowym zaciszu z r\u00f3\u017ca\u0144cem w r\u0119ku omadlaj\u0105 nieobecnych, bo ucz\u0105cych si\u0119 i pracuj\u0105cych cz\u0142onk\u00f3w rodziny. Dobrze, \u017ce w zahartowanych do\u015bwiadczeniami \u017cyciowymi ludziach starszych mamy wz\u00f3r gospodarno\u015bci, bowiem niejednokrotnie zadziwia umiej\u0119tno\u015b\u0107 gospodarowania skromn\u0105 emerytur\u0105, kt\u00f3ra wystarcza na zaspokojenie Ich potrzeb oraz stanowi pewn\u0105 rezerw\u0119 finansow\u0105 dla innych cz\u0142onk\u00f3w rodziny. Dobrze, \u017ce spe\u0142nieni \u017cyciowo nestorzy naszych rodzin przewa\u017cnie nie \u015bpiesz\u0105 si\u0119 i zawsze maj\u0105 czas, by wys\u0142ucha\u0107, poradzi\u0107, pocieszy\u0107. Czy mo\u017cna postawi\u0107 kropk\u0119, zamkn\u0105\u0107 \u201e list\u0119\u201d tego, czym obdarowuj\u0105 nas ludzie starsi?&nbsp; Wydaje si\u0119 ona zbiorem niesko\u0144czonym, kt\u00f3ry ka\u017cdy uzupe\u0142nia osobistym&nbsp; \u015bwiadectwem wspomnie\u0144 zwi\u0105zanych babci\u0105 czy dziadziem, mam\u0105 i tat\u0105 o przypr\u00f3szonych srebrnymi nitkami w\u0142osach<\/p>\n<p style=\"text-align: justify;\">\u015awi\u0119ty Jan Pawe\u0142 II napisa\u0142 :<br \/>\n\u201eStaro\u015b\u0107 jawi si\u0119 jako czas pomy\u015blny, w kt\u00f3rym dope\u0142nia si\u0119 miara ludzkiego \u017cycia zgodnie z Bo\u017cym zamys\u0142em wobec ka\u017cdego cz\u0142owieka, jest to okres, w kt\u00f3rym wszystko wsp\u00f3\u0142dzia\u0142a ku temu, aby m\u00f3g\u0142 on jak najlepiej poj\u0105\u0107 sens \u017cycia i zdoby\u0107 m\u0105dro\u015b\u0107 serca\u201d.<a href=\"https:\/\/www.parafiawierzbno.com.pl\/wp-content\/uploads\/2018\/11\/DSCN1683.jpg\"><img loading=\"lazy\" class=\"size-medium wp-image-8317 alignright\" src=\"https:\/\/www.parafiawierzbno.com.pl\/wp-content\/uploads\/2018\/11\/DSCN1683-300x225.jpg\" alt=\"\" width=\"300\" height=\"225\" srcset=\"https:\/\/www.parafiawierzbno.com.pl\/wp-content\/uploads\/2018\/11\/DSCN1683-300x225.jpg 300w, https:\/\/www.parafiawierzbno.com.pl\/wp-content\/uploads\/2018\/11\/DSCN1683-768x576.jpg 768w, https:\/\/www.parafiawierzbno.com.pl\/wp-content\/uploads\/2018\/11\/DSCN1683.jpg 1024w, https:\/\/www.parafiawierzbno.com.pl\/wp-content\/uploads\/2018\/11\/DSCN1683-200x150.jpg 200w, https:\/\/www.parafiawierzbno.com.pl\/wp-content\/uploads\/2018\/11\/DSCN1683-150x113.jpg 150w\" sizes=\"(max-width: 300px) 100vw, 300px\" \/><\/a><\/p>\n<p style=\"text-align: justify;\">&nbsp;\u017byczymy, aby staro\u015b\u0107 mimo cz\u0119sto towarzysz\u0105cych jej dysfunkcji by\u0142a czasem pomy\u015blnym, a s\u0142owa Papie\u017ca Polaka realizowa\u0142y si\u0119 w \u017cyciu ka\u017cdego cz\u0142owieka.<\/p>\n<p style=\"text-align: right;\">Ma\u0142gorzata W\u0105sowska<\/p>\n","protected":false},"excerpt":{"rendered":"<p>7 pa\u017adziernika, w Kalendarzu Liturgicznym&nbsp; XXVII niedziel\u0119 zwyk\u0142\u0105, w naszej spo\u0142eczno\u015bci parafialnej \u015bwi\u0119towali\u015bmy inaczej ni\u017c zwykle, bogaciej. Ju\u017c po raz trzeci z inicjatywy ks. Proboszcza Kazimierza J\u00f3\u017awika i cz\u0142onk\u00f3w M\u0142odzie\u017cowego Zespo\u0142u Charytatywnego obchodzili\u015bmy Parafialny Dzie\u0144 Seniora. Na uroczyst\u0105 Eucharysti\u0119 o godzinie 9.00 zaproszone zosta\u0142y osoby 70+, przybyli tak\u017ce przedstawiciele w\u0142adz samorz\u0105dowych oraz lokalnych instytucji. Po jej zako\u0144czeniu \u017cyczenia Szanownym Seniorom z\u0142o\u017cyli p. Hanna Kelleher, W\u00f3jt Gminy Wierzbno, p. El\u017cbieta Trojanowska, kierownik WTZ w Jaworku oraz Kierownik GOPS, p. Witold Pi\u00f3rek. W kr\u00f3tkim przem\u00f3wieniu &#8211; gaw\u0119dzie p. Eugeniusz Kudelski przypomnia\u0142 jak to \u201edrzewniej bywa\u0142o\u201d- w latach 40\u2013tych, 50\u2013tych ubieg\u0142ego wieku, czyli w latach dzieci\u0144stwa i m\u0142odo\u015bci bohater\u00f3w niedzielnej uroczysto\u015bci. Spotkanie zako\u0144czy\u0142a cz\u0119\u015b\u0107 artystyczna w wykonaniu uczni\u00f3w Szko\u0142y Podstawowej w Wierzbnie i wr\u0119czenie upomink\u00f3w przygotowanych przez WTZ w Jaworku Jak bez szumnych s\u0142\u00f3w i frazes\u00f3w okre\u015bli\u0107&nbsp; g\u0142\u0119bi\u0119 relacji wobec drugiego cz\u0142owieka? \u201e Dobrze, \u017ce jeste\u015b \u201d. Najpro\u015bciej, najkr\u00f3cej, ale bardzo wymownie. Tak \u2026 <a class=\"continue-reading-link\" href=\"https:\/\/www.parafiawierzbno.com.pl\/?p=8310\">Czytaj dalej <span class=\"meta-nav\">&rarr; <\/span><\/a><\/p>\n","protected":false},"author":1,"featured_media":0,"comment_status":"closed","ping_status":"closed","sticky":false,"template":"","format":"standard","meta":{"ngg_post_thumbnail":0},"categories":[1],"tags":[],"_links":{"self":[{"href":"https:\/\/www.parafiawierzbno.com.pl\/index.php?rest_route=\/wp\/v2\/posts\/8310"}],"collection":[{"href":"https:\/\/www.parafiawierzbno.com.pl\/index.php?rest_route=\/wp\/v2\/posts"}],"about":[{"href":"https:\/\/www.parafiawierzbno.com.pl\/index.php?rest_route=\/wp\/v2\/types\/post"}],"author":[{"embeddable":true,"href":"https:\/\/www.parafiawierzbno.com.pl\/index.php?rest_route=\/wp\/v2\/users\/1"}],"replies":[{"embeddable":true,"href":"https:\/\/www.parafiawierzbno.com.pl\/index.php?rest_route=%2Fwp%2Fv2%2Fcomments&post=8310"}],"version-history":[{"count":4,"href":"https:\/\/www.parafiawierzbno.com.pl\/index.php?rest_route=\/wp\/v2\/posts\/8310\/revisions"}],"predecessor-version":[{"id":8318,"href":"https:\/\/www.parafiawierzbno.com.pl\/index.php?rest_route=\/wp\/v2\/posts\/8310\/revisions\/8318"}],"wp:attachment":[{"href":"https:\/\/www.parafiawierzbno.com.pl\/index.php?rest_route=%2Fwp%2Fv2%2Fmedia&parent=8310"}],"wp:term":[{"taxonomy":"category","embeddable":true,"href":"https:\/\/www.parafiawierzbno.com.pl\/index.php?rest_route=%2Fwp%2Fv2%2Fcategories&post=8310"},{"taxonomy":"post_tag","embeddable":true,"href":"https:\/\/www.parafiawierzbno.com.pl\/index.php?rest_route=%2Fwp%2Fv2%2Ftags&post=8310"}],"curies":[{"name":"wp","href":"https:\/\/api.w.org\/{rel}","templated":true}]}}