{"id":9132,"date":"2019-04-03T18:30:12","date_gmt":"2019-04-03T16:30:12","guid":{"rendered":"https:\/\/www.parafiawierzbno.com.pl\/?p=9132"},"modified":"2019-04-03T18:30:12","modified_gmt":"2019-04-03T16:30:12","slug":"szturm-rozpoczety","status":"publish","type":"post","link":"https:\/\/www.parafiawierzbno.com.pl\/?p=9132","title":{"rendered":"Szturm rozpocz\u0119ty !"},"content":{"rendered":"<p style=\"text-align: justify;\">25 marca, w Uroczysto\u015b\u0107 Zwiastowania Pa\u0144skiego, od kilku lat Dzie\u0144 \u015awi\u0119to\u015bci \u017bycia, 19 os\u00f3b z naszej wsp\u00f3lnoty parafialnej rozpocz\u0119\u0142o modlitewny szturm. Tak mo\u017cna okre\u015bli\u0107 podj\u0119cie Dzie\u0142a Duchowej Adopcji Dziecka Pocz\u0119tego. Czym jest to dzie\u0142o i dlaczego por\u00f3wna\u0107 je do&nbsp; szturmu ?&nbsp;&nbsp;<\/p>\n<p style=\"text-align: justify;\">W obja\u015bnieniu poj\u0119cia \u201eszturm,\u201d zawartym w S\u0142owniku j\u0119zyka polskiego PWN, przeczytamy, \u017ce jest to energiczna pr\u00f3ba dostania si\u0119 do jakiego\u015b miejsca lub jakiej\u015b osoby. Przez 9 najbli\u017cszych miesi\u0119cy b\u0119dziemy szturmowa\u0107 do Pana Jezusa w intencji nienarodzonego dziecka, kt\u00f3re znajduje si\u0119 w niebezpiecze\u0144stwie zag\u0142ady. Jego imi\u0119 jest wiadome jedynie Bogu. Systematyczn\u0105, codzienn\u0105 modlitw\u0105 przez wstawiennictwo Maryi i \u015aw. J\u00f3zefa b\u0119dziemy wspiera\u0107 rodzic\u00f3w tego pocz\u0119tego dziecka, aby nie zabrak\u0142o im mi\u0142o\u015bci i starczy\u0142o odwagi, aby swoje dziecko pozostawili przy \u017cyciu. Duchowa Adopcja podejmowana jest ju\u017c kolejny raz. Do\u015bwiadczenia lat poprzednich wskazuj\u0105, \u017ce w podj\u0119tym dziele by\u0107 mo\u017ce b\u0119dziemy musieli stawi\u0107 czo\u0142a czemu\u015b, co mo\u017ce je utrudnia\u0107. Gasn\u0105ca motywacja do modlitwy, zm\u0119czenie, nieprzewidziane sytuacje naszej codzienno\u015bci i inne s\u0142abo\u015bci czy pokusy. Toczymy walk\u0119 o \u017cycie. Nie jeste\u015bmy jednak sami. Wierzymy, \u017ce 25 grudnia, w dniu, w kt\u00f3rym przychodzi na \u015bwiat B\u00f3g \u2013 Cz\u0142owiek, urodzi si\u0119 r\u00f3wnie\u017c \u201enasze dziecko\u201d. Dziecko, kt\u00f3re rodzice przyjm\u0105 z mi\u0142o\u015bci\u0105 i otocz\u0105 czu\u0142\u0105 opiek\u0105.<\/p>\n<p style=\"text-align: right;\">Ma\u0142gorzata W\u0105sowska<\/p>\n<p><a href=\"https:\/\/www.parafiawierzbno.com.pl\/wp-content\/uploads\/2019\/04\/Adopcja.jpg\"><img loading=\"lazy\" class=\"size-full wp-image-9135 aligncenter\" src=\"https:\/\/www.parafiawierzbno.com.pl\/wp-content\/uploads\/2019\/04\/Adopcja.jpg\" alt=\"\" width=\"800\" height=\"366\" srcset=\"https:\/\/www.parafiawierzbno.com.pl\/wp-content\/uploads\/2019\/04\/Adopcja.jpg 800w, https:\/\/www.parafiawierzbno.com.pl\/wp-content\/uploads\/2019\/04\/Adopcja-300x137.jpg 300w, https:\/\/www.parafiawierzbno.com.pl\/wp-content\/uploads\/2019\/04\/Adopcja-768x351.jpg 768w, https:\/\/www.parafiawierzbno.com.pl\/wp-content\/uploads\/2019\/04\/Adopcja-250x114.jpg 250w, https:\/\/www.parafiawierzbno.com.pl\/wp-content\/uploads\/2019\/04\/Adopcja-150x69.jpg 150w\" sizes=\"(max-width: 800px) 100vw, 800px\" \/><\/a><\/p>\n","protected":false},"excerpt":{"rendered":"<p>25 marca, w Uroczysto\u015b\u0107 Zwiastowania Pa\u0144skiego, od kilku lat Dzie\u0144 \u015awi\u0119to\u015bci \u017bycia, 19 os\u00f3b z naszej wsp\u00f3lnoty parafialnej rozpocz\u0119\u0142o modlitewny szturm. Tak mo\u017cna okre\u015bli\u0107 podj\u0119cie Dzie\u0142a Duchowej Adopcji Dziecka Pocz\u0119tego. Czym jest to dzie\u0142o i dlaczego por\u00f3wna\u0107 je do&nbsp; szturmu ?&nbsp;&nbsp; W obja\u015bnieniu poj\u0119cia \u201eszturm,\u201d zawartym w S\u0142owniku j\u0119zyka polskiego PWN, przeczytamy, \u017ce jest to energiczna pr\u00f3ba dostania si\u0119 do jakiego\u015b miejsca lub jakiej\u015b osoby. Przez 9 najbli\u017cszych miesi\u0119cy b\u0119dziemy szturmowa\u0107 do Pana Jezusa w intencji nienarodzonego dziecka, kt\u00f3re znajduje si\u0119 w niebezpiecze\u0144stwie zag\u0142ady. Jego imi\u0119 jest wiadome jedynie Bogu. Systematyczn\u0105, codzienn\u0105 modlitw\u0105 przez wstawiennictwo Maryi i \u015aw. J\u00f3zefa b\u0119dziemy wspiera\u0107 rodzic\u00f3w tego pocz\u0119tego dziecka, aby nie zabrak\u0142o im mi\u0142o\u015bci i starczy\u0142o odwagi, aby swoje dziecko pozostawili przy \u017cyciu. Duchowa Adopcja podejmowana jest ju\u017c kolejny raz. Do\u015bwiadczenia lat poprzednich wskazuj\u0105, \u017ce w podj\u0119tym dziele by\u0107 mo\u017ce b\u0119dziemy musieli stawi\u0107 czo\u0142a czemu\u015b, co mo\u017ce je utrudnia\u0107. Gasn\u0105ca motywacja do modlitwy, zm\u0119czenie, \u2026 <a class=\"continue-reading-link\" href=\"https:\/\/www.parafiawierzbno.com.pl\/?p=9132\">Czytaj dalej <span class=\"meta-nav\">&rarr; <\/span><\/a><\/p>\n","protected":false},"author":1,"featured_media":0,"comment_status":"closed","ping_status":"closed","sticky":false,"template":"","format":"standard","meta":{"ngg_post_thumbnail":0},"categories":[1],"tags":[],"_links":{"self":[{"href":"https:\/\/www.parafiawierzbno.com.pl\/index.php?rest_route=\/wp\/v2\/posts\/9132"}],"collection":[{"href":"https:\/\/www.parafiawierzbno.com.pl\/index.php?rest_route=\/wp\/v2\/posts"}],"about":[{"href":"https:\/\/www.parafiawierzbno.com.pl\/index.php?rest_route=\/wp\/v2\/types\/post"}],"author":[{"embeddable":true,"href":"https:\/\/www.parafiawierzbno.com.pl\/index.php?rest_route=\/wp\/v2\/users\/1"}],"replies":[{"embeddable":true,"href":"https:\/\/www.parafiawierzbno.com.pl\/index.php?rest_route=%2Fwp%2Fv2%2Fcomments&post=9132"}],"version-history":[{"count":3,"href":"https:\/\/www.parafiawierzbno.com.pl\/index.php?rest_route=\/wp\/v2\/posts\/9132\/revisions"}],"predecessor-version":[{"id":9136,"href":"https:\/\/www.parafiawierzbno.com.pl\/index.php?rest_route=\/wp\/v2\/posts\/9132\/revisions\/9136"}],"wp:attachment":[{"href":"https:\/\/www.parafiawierzbno.com.pl\/index.php?rest_route=%2Fwp%2Fv2%2Fmedia&parent=9132"}],"wp:term":[{"taxonomy":"category","embeddable":true,"href":"https:\/\/www.parafiawierzbno.com.pl\/index.php?rest_route=%2Fwp%2Fv2%2Fcategories&post=9132"},{"taxonomy":"post_tag","embeddable":true,"href":"https:\/\/www.parafiawierzbno.com.pl\/index.php?rest_route=%2Fwp%2Fv2%2Ftags&post=9132"}],"curies":[{"name":"wp","href":"https:\/\/api.w.org\/{rel}","templated":true}]}}